{"id":1004,"date":"2019-03-26T10:31:28","date_gmt":"2019-03-26T10:31:28","guid":{"rendered":"http:\/\/torrijos1831.com\/?p=1004"},"modified":"2020-05-24T16:23:34","modified_gmt":"2020-05-24T16:23:34","slug":"los-colectivos-insertos-en-el-programa-malaga-ciudad-accesible-2019-visitan-la-exposicion-permanente-de-torrijos-en-el-refectorio","status":"publish","type":"post","link":"http:\/\/www.torrijos1831.com\/?p=1004","title":{"rendered":"Los colectivos insertos en el programa \u201cM\u00e1laga ciudad accesible 2019\u201d, visitan la exposici\u00f3n permanente de Torrijos, en el Refectorio"},"content":{"rendered":"<p><strong>Asociaci\u00f3n Torrijos 1831<\/strong>.- Las discapacidades nunca deben ser motivo de aislamiento ni invisibilidad de las personas que las padecen. Por ello, en M\u00e1laga capital existe un programa que bajo el nombre \u201cM\u00e1laga ciudad accesible 2019\u201d, los colectivos donde est\u00e1n integradas estas personas visitan centros culturales y atractivos espacios naturales. Por tal motivo, cinco colectivos (algunos de ellos dependientes de la Diputaci\u00f3n), han visitado el Centro de Interpretaci\u00f3n Hist\u00f3rico Jos\u00e9 Mar\u00eda Torrijos (Refectorio), situado entre la espalda del Mercado del Carmen y calle Eslava, y pr\u00f3ximo a la chimenea industrial. Sus nombres \u201cVirgen de la Esperanza\u201d, \u201cGuadalmedina\u201d, \u201cHospital Civil\u201d, \u201cLos Girasoles\u201d y \u201cFaisem\u201d, que juntos han sumado a m\u00e1s de cien personas (en diferentes turnos), siempre bien asistidos por sus monitores. Ha sido a admirable c\u00f3mo muchas de estas personas, han sentido con lo visto en el Centro de Interpretaci\u00f3n dedicado a Torrijos, y tambi\u00e9n, las preguntas plenas de curiosidades realizadas por muchos de ellos. Uno de los momentos que cargaron de mayor emoci\u00f3n el ambiente, fue cuando varios invidentes apoyados por sus monitores conocieron al tacto de los cuadros al relieve expuestos en el Centro, las vicisitudes de Torrijos y sus compa\u00f1eros (tal como se refleja en alguna foto que se adjunta). Para los integrantes de la Asociaci\u00f3n Torrijos 1831, es una profunda satisfacci\u00f3n poder colaborar porque estas personas, en su d\u00eda a d\u00eda, tengan una jornada atractiva y diferente.<\/p>\n<p>&nbsp;<\/p>\n<p><strong>Datos de la Asociaci\u00f3n Hist\u00f3rico Cultural Torrijos 1831.<\/strong><\/p>\n<p>&nbsp;<\/p>\n<p>Tipo de Asociaci\u00f3n: cultural, dedicada a la investigaci\u00f3n hist\u00f3rica, y recreadora en sus actuaciones en p\u00fablico para exponer los hechos que representa. \u00c1mbito de actuaci\u00f3n: Nacional (inscrita en el Registro Nacional de Asociaciones y Junta de Andaluc\u00eda). Inici\u00f3 su periodo constituyente en el a\u00f1o 2002, siendo legalizada en 2003. Fue un proyecto original desde el principio, pues en Espa\u00f1a no se hab\u00eda creado anteriormente una Asociaci\u00f3n sobre el personaje hist\u00f3rico de Jos\u00e9 Mar\u00eda Torrijos y Uriarte, h\u00e9roe de la Guerra de Independencia y defensor de las libertades y derechos constitucionales frente al poder absoluto del reinado de Fernando VII. Original en las formas, dedicaci\u00f3n y fines, que recogen sus estatutos, cimentando sus antecedentes en los precursores que trabajaron sobre el personaje de Torrijos en la provincia de M\u00e1laga, en las d\u00e9cadas de los a\u00f1os ochenta y noventa del siglo XX y primeros a\u00f1os del XXI.<br \/>\nComo colectivo de recreaciones hist\u00f3ricas, es el m\u00e1s antiguo de las dedicados al siglo XIX, en Andaluc\u00eda.<br \/>\nEn cuanto a las representaciones relativas a la Guerra de la Independencia en las que participa la Asociaci\u00f3n, la recreaci\u00f3n insignia, creada en 2007, es el \u201cRegimiento de Infanter\u00eda de M\u00e1laga\u201d, unidad titular de M\u00e1laga, que salvo un periodo de disoluci\u00f3n, tuvo vida castrense desde 1701 a 1893, siendo su historial heredado por el Regimiento Melilla en sus diferentes numeraciones, y que fue disuelto en M\u00e1laga, en 1985. Para entrar en su historial y actividades: regimientodeinfanteriademalaga.blogspot.com<br \/>\nCorreo de Contacto: contacto@torrijos1831.es . Tambi\u00e9n, a trav\u00e9s de este correo se pueden solicitar visitas concertadas al Centro de Interpretaci\u00f3n Hist\u00f3rico Jos\u00e9 Mar\u00eda Torrijos (Refectorio), en el barrio de El Perchel de M\u00e1laga. Tel\u00e9fono de contacto: 952234039. P\u00e1gina web: www.torrijos1831.es<\/p>\n<p>&nbsp;<\/p>\n<div\n\tclass=\"ngg-galleryoverview default-view \"\n\tid=\"ngg-gallery-0d715a1c6bc0d254a40a8e9054d4df64-1\">\n\n\t\t<!-- Thumbnails -->\n\t\t\t\t<div id=\"ngg-image-0\" class=\"ngg-gallery-thumbnail-box \" >\n\t\t\t\t        <div class=\"ngg-gallery-thumbnail\">\n            <a href=\"http:\/\/www.torrijos1831.com\/wp-content\/gallery\/los-colectivos-insertos-en-el-programa-malaga-ciudad-accesible-2019-visitan-la-exposicion-permanente-de-torrijos-en-el-refectorio\/326__39_.jpg\"\n               title=\"\"\n               data-src=\"http:\/\/www.torrijos1831.com\/wp-content\/gallery\/los-colectivos-insertos-en-el-programa-malaga-ciudad-accesible-2019-visitan-la-exposicion-permanente-de-torrijos-en-el-refectorio\/326__39_.jpg\"\n               data-thumbnail=\"http:\/\/www.torrijos1831.com\/wp-content\/gallery\/los-colectivos-insertos-en-el-programa-malaga-ciudad-accesible-2019-visitan-la-exposicion-permanente-de-torrijos-en-el-refectorio\/thumbs\/thumbs_326__39_.jpg\"\n               data-image-id=\"240\"\n               data-title=\"326__39_\"\n               data-description=\"\"\n               data-image-slug=\"326__39_\"\n               class=\"ngg-simplelightbox\" rel=\"0d715a1c6bc0d254a40a8e9054d4df64\">\n                <img\n                    title=\"326__39_\"\n                    alt=\"326__39_\"\n                    src=\"http:\/\/www.torrijos1831.com\/wp-content\/gallery\/los-colectivos-insertos-en-el-programa-malaga-ciudad-accesible-2019-visitan-la-exposicion-permanente-de-torrijos-en-el-refectorio\/thumbs\/thumbs_326__39_.jpg\"\n                    width=\"240\"\n                    height=\"160\"\n                    style=\"max-width:100%;\"\n                \/>\n            <\/a>\n        <\/div>\n\t\t\t\t\t\t\t<\/div> \n\t\t\t\n\t\t\t\t<div id=\"ngg-image-1\" class=\"ngg-gallery-thumbnail-box \" >\n\t\t\t\t        <div class=\"ngg-gallery-thumbnail\">\n            <a href=\"http:\/\/www.torrijos1831.com\/wp-content\/gallery\/los-colectivos-insertos-en-el-programa-malaga-ciudad-accesible-2019-visitan-la-exposicion-permanente-de-torrijos-en-el-refectorio\/344__15__.jpg\"\n               title=\"\"\n               data-src=\"http:\/\/www.torrijos1831.com\/wp-content\/gallery\/los-colectivos-insertos-en-el-programa-malaga-ciudad-accesible-2019-visitan-la-exposicion-permanente-de-torrijos-en-el-refectorio\/344__15__.jpg\"\n               data-thumbnail=\"http:\/\/www.torrijos1831.com\/wp-content\/gallery\/los-colectivos-insertos-en-el-programa-malaga-ciudad-accesible-2019-visitan-la-exposicion-permanente-de-torrijos-en-el-refectorio\/thumbs\/thumbs_344__15__.jpg\"\n               data-image-id=\"241\"\n               data-title=\"344__15__\"\n               data-description=\"\"\n               data-image-slug=\"344__15__\"\n               class=\"ngg-simplelightbox\" rel=\"0d715a1c6bc0d254a40a8e9054d4df64\">\n                <img\n                    title=\"344__15__\"\n                    alt=\"344__15__\"\n                    src=\"http:\/\/www.torrijos1831.com\/wp-content\/gallery\/los-colectivos-insertos-en-el-programa-malaga-ciudad-accesible-2019-visitan-la-exposicion-permanente-de-torrijos-en-el-refectorio\/thumbs\/thumbs_344__15__.jpg\"\n                    width=\"240\"\n                    height=\"160\"\n                    style=\"max-width:100%;\"\n                \/>\n            <\/a>\n        <\/div>\n\t\t\t\t\t\t\t<\/div> \n\t\t\t\n\t\t\t\t<div id=\"ngg-image-2\" class=\"ngg-gallery-thumbnail-box \" >\n\t\t\t\t        <div class=\"ngg-gallery-thumbnail\">\n            <a href=\"http:\/\/www.torrijos1831.com\/wp-content\/gallery\/los-colectivos-insertos-en-el-programa-malaga-ciudad-accesible-2019-visitan-la-exposicion-permanente-de-torrijos-en-el-refectorio\/344__16__.jpg\"\n               title=\"\"\n               data-src=\"http:\/\/www.torrijos1831.com\/wp-content\/gallery\/los-colectivos-insertos-en-el-programa-malaga-ciudad-accesible-2019-visitan-la-exposicion-permanente-de-torrijos-en-el-refectorio\/344__16__.jpg\"\n               data-thumbnail=\"http:\/\/www.torrijos1831.com\/wp-content\/gallery\/los-colectivos-insertos-en-el-programa-malaga-ciudad-accesible-2019-visitan-la-exposicion-permanente-de-torrijos-en-el-refectorio\/thumbs\/thumbs_344__16__.jpg\"\n               data-image-id=\"242\"\n               data-title=\"344__16__\"\n               data-description=\"\"\n               data-image-slug=\"344__16__\"\n               class=\"ngg-simplelightbox\" rel=\"0d715a1c6bc0d254a40a8e9054d4df64\">\n                <img\n                    title=\"344__16__\"\n                    alt=\"344__16__\"\n                    src=\"http:\/\/www.torrijos1831.com\/wp-content\/gallery\/los-colectivos-insertos-en-el-programa-malaga-ciudad-accesible-2019-visitan-la-exposicion-permanente-de-torrijos-en-el-refectorio\/thumbs\/thumbs_344__16__.jpg\"\n                    width=\"240\"\n                    height=\"160\"\n                    style=\"max-width:100%;\"\n                \/>\n            <\/a>\n        <\/div>\n\t\t\t\t\t\t\t<\/div> \n\t\t\t\n\t\t\t\t<div id=\"ngg-image-3\" class=\"ngg-gallery-thumbnail-box \" >\n\t\t\t\t        <div class=\"ngg-gallery-thumbnail\">\n            <a href=\"http:\/\/www.torrijos1831.com\/wp-content\/gallery\/los-colectivos-insertos-en-el-programa-malaga-ciudad-accesible-2019-visitan-la-exposicion-permanente-de-torrijos-en-el-refectorio\/344__20_.jpg\"\n               title=\"\"\n               data-src=\"http:\/\/www.torrijos1831.com\/wp-content\/gallery\/los-colectivos-insertos-en-el-programa-malaga-ciudad-accesible-2019-visitan-la-exposicion-permanente-de-torrijos-en-el-refectorio\/344__20_.jpg\"\n               data-thumbnail=\"http:\/\/www.torrijos1831.com\/wp-content\/gallery\/los-colectivos-insertos-en-el-programa-malaga-ciudad-accesible-2019-visitan-la-exposicion-permanente-de-torrijos-en-el-refectorio\/thumbs\/thumbs_344__20_.jpg\"\n               data-image-id=\"243\"\n               data-title=\"344__20_\"\n               data-description=\"\"\n               data-image-slug=\"344__20_\"\n               class=\"ngg-simplelightbox\" rel=\"0d715a1c6bc0d254a40a8e9054d4df64\">\n                <img\n                    title=\"344__20_\"\n                    alt=\"344__20_\"\n                    src=\"http:\/\/www.torrijos1831.com\/wp-content\/gallery\/los-colectivos-insertos-en-el-programa-malaga-ciudad-accesible-2019-visitan-la-exposicion-permanente-de-torrijos-en-el-refectorio\/thumbs\/thumbs_344__20_.jpg\"\n                    width=\"240\"\n                    height=\"160\"\n                    style=\"max-width:100%;\"\n                \/>\n            <\/a>\n        <\/div>\n\t\t\t\t\t\t\t<\/div> \n\t\t\t\n\t\t\t\t<div id=\"ngg-image-4\" class=\"ngg-gallery-thumbnail-box \" >\n\t\t\t\t        <div class=\"ngg-gallery-thumbnail\">\n            <a href=\"http:\/\/www.torrijos1831.com\/wp-content\/gallery\/los-colectivos-insertos-en-el-programa-malaga-ciudad-accesible-2019-visitan-la-exposicion-permanente-de-torrijos-en-el-refectorio\/344__21_.jpg\"\n               title=\"\"\n               data-src=\"http:\/\/www.torrijos1831.com\/wp-content\/gallery\/los-colectivos-insertos-en-el-programa-malaga-ciudad-accesible-2019-visitan-la-exposicion-permanente-de-torrijos-en-el-refectorio\/344__21_.jpg\"\n               data-thumbnail=\"http:\/\/www.torrijos1831.com\/wp-content\/gallery\/los-colectivos-insertos-en-el-programa-malaga-ciudad-accesible-2019-visitan-la-exposicion-permanente-de-torrijos-en-el-refectorio\/thumbs\/thumbs_344__21_.jpg\"\n               data-image-id=\"244\"\n               data-title=\"344__21_\"\n               data-description=\"\"\n               data-image-slug=\"344__21_\"\n               class=\"ngg-simplelightbox\" rel=\"0d715a1c6bc0d254a40a8e9054d4df64\">\n                <img\n                    title=\"344__21_\"\n                    alt=\"344__21_\"\n                    src=\"http:\/\/www.torrijos1831.com\/wp-content\/gallery\/los-colectivos-insertos-en-el-programa-malaga-ciudad-accesible-2019-visitan-la-exposicion-permanente-de-torrijos-en-el-refectorio\/thumbs\/thumbs_344__21_.jpg\"\n                    width=\"240\"\n                    height=\"160\"\n                    style=\"max-width:100%;\"\n                \/>\n            <\/a>\n        <\/div>\n\t\t\t\t\t\t\t<\/div> \n\t\t\t\n\t\t\t\t<div id=\"ngg-image-5\" class=\"ngg-gallery-thumbnail-box \" >\n\t\t\t\t        <div class=\"ngg-gallery-thumbnail\">\n            <a href=\"http:\/\/www.torrijos1831.com\/wp-content\/gallery\/los-colectivos-insertos-en-el-programa-malaga-ciudad-accesible-2019-visitan-la-exposicion-permanente-de-torrijos-en-el-refectorio\/345.jpg\"\n               title=\"\"\n               data-src=\"http:\/\/www.torrijos1831.com\/wp-content\/gallery\/los-colectivos-insertos-en-el-programa-malaga-ciudad-accesible-2019-visitan-la-exposicion-permanente-de-torrijos-en-el-refectorio\/345.jpg\"\n               data-thumbnail=\"http:\/\/www.torrijos1831.com\/wp-content\/gallery\/los-colectivos-insertos-en-el-programa-malaga-ciudad-accesible-2019-visitan-la-exposicion-permanente-de-torrijos-en-el-refectorio\/thumbs\/thumbs_345.jpg\"\n               data-image-id=\"245\"\n               data-title=\"345\"\n               data-description=\"\"\n               data-image-slug=\"345\"\n               class=\"ngg-simplelightbox\" rel=\"0d715a1c6bc0d254a40a8e9054d4df64\">\n                <img\n                    title=\"345\"\n                    alt=\"345\"\n                    src=\"http:\/\/www.torrijos1831.com\/wp-content\/gallery\/los-colectivos-insertos-en-el-programa-malaga-ciudad-accesible-2019-visitan-la-exposicion-permanente-de-torrijos-en-el-refectorio\/thumbs\/thumbs_345.jpg\"\n                    width=\"240\"\n                    height=\"160\"\n                    style=\"max-width:100%;\"\n                \/>\n            <\/a>\n        <\/div>\n\t\t\t\t\t\t\t<\/div> \n\t\t\t\n\t\n\t<br style=\"clear: both\" \/>\n\n\t\n\t\t<!-- Pagination -->\n\t<div class='ngg-clear'><\/div>\t<\/div>\n\n","protected":false},"excerpt":{"rendered":"<p>Asociaci\u00f3n Torrijos 1831.- Las discapacidades nunca deben ser motivo de aislamiento ni invisibilidad de las personas que las padecen. Por ello, en M\u00e1laga capital existe un programa que bajo el nombre \u201cM\u00e1laga ciudad accesible 2019\u201d, los colectivos donde est\u00e1n integradas estas personas visitan centros culturales y atractivos espacios naturales. Por tal motivo, cinco colectivos (algunos&#8230;<\/p>\n","protected":false},"author":1,"featured_media":2703,"comment_status":"closed","ping_status":"closed","sticky":false,"template":"","format":"standard","meta":[],"categories":[28],"tags":[],"_links":{"self":[{"href":"http:\/\/www.torrijos1831.com\/index.php?rest_route=\/wp\/v2\/posts\/1004"}],"collection":[{"href":"http:\/\/www.torrijos1831.com\/index.php?rest_route=\/wp\/v2\/posts"}],"about":[{"href":"http:\/\/www.torrijos1831.com\/index.php?rest_route=\/wp\/v2\/types\/post"}],"author":[{"embeddable":true,"href":"http:\/\/www.torrijos1831.com\/index.php?rest_route=\/wp\/v2\/users\/1"}],"replies":[{"embeddable":true,"href":"http:\/\/www.torrijos1831.com\/index.php?rest_route=%2Fwp%2Fv2%2Fcomments&post=1004"}],"version-history":[{"count":1,"href":"http:\/\/www.torrijos1831.com\/index.php?rest_route=\/wp\/v2\/posts\/1004\/revisions"}],"predecessor-version":[{"id":1012,"href":"http:\/\/www.torrijos1831.com\/index.php?rest_route=\/wp\/v2\/posts\/1004\/revisions\/1012"}],"wp:featuredmedia":[{"embeddable":true,"href":"http:\/\/www.torrijos1831.com\/index.php?rest_route=\/wp\/v2\/media\/2703"}],"wp:attachment":[{"href":"http:\/\/www.torrijos1831.com\/index.php?rest_route=%2Fwp%2Fv2%2Fmedia&parent=1004"}],"wp:term":[{"taxonomy":"category","embeddable":true,"href":"http:\/\/www.torrijos1831.com\/index.php?rest_route=%2Fwp%2Fv2%2Fcategories&post=1004"},{"taxonomy":"post_tag","embeddable":true,"href":"http:\/\/www.torrijos1831.com\/index.php?rest_route=%2Fwp%2Fv2%2Ftags&post=1004"}],"curies":[{"name":"wp","href":"https:\/\/api.w.org\/{rel}","templated":true}]}}