{"id":1014,"date":"2019-03-28T10:36:14","date_gmt":"2019-03-28T10:36:14","guid":{"rendered":"http:\/\/torrijos1831.com\/?p=1014"},"modified":"2020-05-24T16:21:37","modified_gmt":"2020-05-24T16:21:37","slug":"1014","status":"publish","type":"post","link":"http:\/\/www.torrijos1831.com\/?p=1014","title":{"rendered":"La Asociaci\u00f3n Torrijos 1831 participa en Estepona en las recreaciones hist\u00f3ricas relativas a Salvador Manzanares, leal compa\u00f1ero que fue de Torrijos"},"content":{"rendered":"<p><span style=\"color: rgb(0, 0, 0);\"><strong>Asociaci\u00f3n T<span style=\"color: rgb(0, 0, 0);\">orrijos 1831<\/span><\/strong>.- El pasado domingo, d\u00eda 24, se reunieron en Estepona para homenajear a Salvador Manzanares, cinco acreditadas asociaciones de recreaciones hist\u00f3ricas: \u201cManzanares. Estepona 1831\u201d, \u201cTorrijos 1831\u201d, \u201cVida y muerte de El Tempranillo\u201d, \u201cCarmen la de Ronda\u201d y \u201cQuema de Algarrobo\u201d; casi doscientas personas vestidas a la usanza de 1831, que han contado con el apoyo total del ayuntamiento esteponero, as\u00ed como de los medios de comunicaci\u00f3n locales. De oeste a este de Estepona, se han hecho un total de cinco recreaciones hist\u00f3ricas (cuatro de ellas en los escenarios donde ocurrieron los hechos), resultando as\u00ed: \u201cMuerte de Manzanares\u201d, en el Orquidario; \u201cLlegada de la columna liberal prisionera\u201d, en la Plaza del Reloj; \u201cHomenaje a Pedro Manrique\u201d, en la calle santa Ana, lugar donde naci\u00f3; \u201cHomenaje ante la tumba de Manzanares y sus compa\u00f1eros\u201d, en el cementerio; y \u201cFusilamiento de los 17 liberales\u201d, en la playa Rada, junto a la desembocadura del Cala. Por el impacto que han tenido estas recreaciones hist\u00f3ricas y la asistencia de p\u00fablico, vamos a dedicarles algunos art\u00edculos en Alhaur\u00edn.com comenzando con el primero, que aportar\u00e1 la biograf\u00eda de Manzanares y c\u00f3mo se produjo su muerte en el paraje de La Romera. M\u00e1s datos para los lectores que habitualmente nos siguen, a continuaci\u00f3n.<\/span><br \/>\n<span style=\"color: rgb(0, 0, 0);\"> Un personaje reconocido en la historia de Espa\u00f1a.<\/span><\/p>\n<p><span style=\"color: rgb(0, 0, 0);\">Salvador Manzanares fue ministro en 1823, en el ocaso del Trienio Liberal. Como otros tantos defensores del sistema constitucional tuvo que exiliarse al implantar Fernando VII su poder absoluto y la terrible \u201cD\u00e9cada Ominosa\u201d, con el restablecimiento de la Inquisici\u00f3n. En 1831 se encontraba con Torrijos en Gibraltar, y tras operar en el propio campo, recibi\u00f3 noticias favorables de algunos pueblos de la Serran\u00eda de Ronda, que le invitaban a marchar hacia all\u00ed. Pronunciado en Los Barrios el 21 de febrero de 1831, gracias al apoyo del alcalde de esa localidad, m\u00e1s 40 hombres procedentes de Algeciras y San Roque, y una partida de bandoleros enviada por Jos\u00e9 Mar\u00eda \u201cEl Tempranillo\u201d; pidi\u00f3 refuerzos a Torrijos que, desde Gibraltar, le envi\u00f3 ochenta m\u00e1s, mandados por cuatro de sus mejores capitanes, indic\u00e1ndole el general que marchara hacia el oeste, a Vejer, donde tendr\u00eda el apoyo de Vicente Jurado. Sin embargo, cre\u00eddo en falsas promesas procedentes de Estepona, cambi\u00f3 el rumbo. Entre el 1 y 2 de marzo, la columna liberal sostuvo en el puerto de Babonaque, fuertes combates contra fuerzas absolutistas muy superiores, perdiendo Manzanares a parte de su gente. A\u00fan as\u00ed, en peque\u00f1os grupos los liberales fueron ascendiendo por la falda oeste de la Serran\u00eda de Ronda. Fue el principio del fin.<\/span><\/p>\n<p><span style=\"color: rgb(0, 0, 0);\"><strong>La muerte de Salvador Manzanares llevada al Orquidario de Estepona.<\/strong><\/span><\/p>\n<p><span style=\"color: rgb(0, 0, 0);\">Sometido durante el ascenso a una intensa persecuci\u00f3n por parte de los Voluntarios Realistas de los pueblos cercanos, m\u00e1s las fuerzas regulares enviadas por el regidor de Estepona, Andr\u00e9s Masegosa y el teniente coronel Matilde Monasterios; Manzanares se repleg\u00f3 con sus hombres hacia el interior, atravesando la Sierra Bermeja. En las proximidades de Igualeja, Manzanares todav\u00eda llevaba junto a \u00e9l a 15 liberales y 2 de sus capitanes. Junto a un arroyo, pararon para descansar pues iban extenuados. All\u00ed Manzanares habl\u00f3 con un pastor llamado Juan Gil, al que tras pagarle con una bolsa de monedas, le pidi\u00f3 que fuera a Estepona y contratara una barca para que pudieran regresar a Gibraltar. Sin embargo, cuando el pastor alcanz\u00f3 a las columnas absolutistas, los denunci\u00f3 y, acompa\u00f1ado de su hermano Diego y un contingente importante de Voluntarios Realistas, se dirigi\u00f3 hasta donde se encontraban los liberales. Al sentir cerca la presencia de los pastores, Manzanares se adelant\u00f3, pero al ver tras ellos aparecer a los Voluntarios Realistas, mat\u00f3 con su sable a Juan Gil, mientras que Diego Gil, que iba a su lado, le quit\u00f3 la vida a propio Manzanares. Cercados y recibiendo un nutrido fuego, la mayor\u00eda de los liberales fueron aprehendidos all\u00ed mismo.<\/span><br \/>\n<span style=\"color: rgb(0, 0, 0);\"> A Manzanares le arrancaron las condecoraciones de su guerrera y fueron mostradas como trofeo en Estepona.<\/span><br \/>\n<span style=\"color: rgb(0, 0, 0);\"> Con este art\u00edculo comenzamos a narrar una serie de textos acompa\u00f1ados con abundante material fotogr\u00e1fico, que tratar\u00e1n en los pr\u00f3ximos d\u00edas, los diversos actos realizados en Estepona, el domingo 24 de marzo.<\/span><\/p>\n<p><span style=\"color: rgb(0, 0, 0);\">Tipo de Asociaci\u00f3n: cultural, dedicada a la investigaci\u00f3n hist\u00f3rica, y recreadora en sus actuaciones en p\u00fablico para exponer los hechos que representa. \u00c1mbito de actuaci\u00f3n: Nacional (inscrita en el Registro Nacional de Asociaciones y Junta de Andaluc\u00eda). Inici\u00f3 su periodo constituyente en el a\u00f1o 2002, siendo legalizada en 2003. Fue un proyecto original desde el principio, pues en Espa\u00f1a no se hab\u00eda creado anteriormente una Asociaci\u00f3n sobre el personaje hist\u00f3rico de Jos\u00e9 Mar\u00eda Torrijos y Uriarte, h\u00e9roe de la Guerra de Independencia y defensor de las libertades y derechos constitucionales frente al poder absoluto del reinado de Fernando VII. Original en las formas, dedicaci\u00f3n y fines, que recogen sus estatutos, cimentando sus antecedentes en los precursores que trabajaron sobre el personaje de Torrijos en la provincia de M\u00e1laga, en las d\u00e9cadas de los a\u00f1os ochenta y noventa del siglo XX y primeros a\u00f1os del XXI, y en la raz\u00f3n fundamental y objetiva que como texto legal marca la fecha de legalizaci\u00f3n de su fundaci\u00f3n.<\/span><br \/>\n<span style=\"color: rgb(0, 0, 0);\"> Como colectivo de recreaciones hist\u00f3ricas, es el m\u00e1s antiguo de las dedicados al siglo XIX, en Andaluc\u00eda, y el segundo en M\u00e1laga en la especialidad general de recreaciones hist\u00f3ricas, s\u00f3lo superado por \u201cEl Paso\u201d de Riogordo, que relata la Pasi\u00f3n de Jesucristo (1953). Por esa antig\u00fcedad ambos colectivos est\u00e1n hermanados.<\/span><br \/>\n<span style=\"color: rgb(0, 0, 0);\"> En cuanto a las representaciones relativas a la Guerra de la Independencia en las que participa la Asociaci\u00f3n, la recreaci\u00f3n insignia, creada en 2007, es el \u201cRegimiento de Infanter\u00eda de M\u00e1laga\u201d, unidad titular de M\u00e1laga, que salvo un periodo de disoluci\u00f3n, tuvo vida castrense desde 1701 a 1893, siendo su historial heredado por el Regimiento Melilla en sus diferentes numeraciones, y que fue disuelto en M\u00e1laga, en 1985. Para entrar en su historial y actividades: regimientodeinfanteriademalaga.blogspot.com<\/span><br \/>\n<span style=\"color: rgb(0, 0, 0);\"> La casa-museo: C\/ Sierra de Abarcuzas s\/n. Bda. de Torrealquer\u00eda C.P. 29130 Alhaur\u00edn de la Torre (M\u00e1laga). Correo de Contacto: contacto@torrijos1831.es . Tel\u00e9fono 952234039.&nbsp;<\/span><br \/>\n<span style=\"color: rgb(0, 0, 0);\">&nbsp; Fotos: Paco G\u00f3mez Ramos.<\/span><\/p>\n<p>&nbsp;<\/p>\n<div\n\tclass=\"ngg-galleryoverview default-view \"\n\tid=\"ngg-gallery-85592e82b1f97c09814f158f0b4b1d72-1\">\n\n\t\t<!-- Thumbnails -->\n\t\t\t\t<div id=\"ngg-image-0\" class=\"ngg-gallery-thumbnail-box \" >\n\t\t\t\t        <div class=\"ngg-gallery-thumbnail\">\n            <a href=\"http:\/\/www.torrijos1831.com\/wp-content\/gallery\/la-asociacion-torrijos-1831-participa-en-estepona-en-las-recreaciones-historicas-relativas-a-salvador-manzanares-leal-companero-que-fue-de-torrijos\/345__32_.jpg\"\n               title=\"\"\n               data-src=\"http:\/\/www.torrijos1831.com\/wp-content\/gallery\/la-asociacion-torrijos-1831-participa-en-estepona-en-las-recreaciones-historicas-relativas-a-salvador-manzanares-leal-companero-que-fue-de-torrijos\/345__32_.jpg\"\n               data-thumbnail=\"http:\/\/www.torrijos1831.com\/wp-content\/gallery\/la-asociacion-torrijos-1831-participa-en-estepona-en-las-recreaciones-historicas-relativas-a-salvador-manzanares-leal-companero-que-fue-de-torrijos\/thumbs\/thumbs_345__32_.jpg\"\n               data-image-id=\"246\"\n               data-title=\"345__32_\"\n               data-description=\"\"\n               data-image-slug=\"345__32_\"\n               class=\"ngg-simplelightbox\" rel=\"85592e82b1f97c09814f158f0b4b1d72\">\n                <img\n                    title=\"345__32_\"\n                    alt=\"345__32_\"\n                    src=\"http:\/\/www.torrijos1831.com\/wp-content\/gallery\/la-asociacion-torrijos-1831-participa-en-estepona-en-las-recreaciones-historicas-relativas-a-salvador-manzanares-leal-companero-que-fue-de-torrijos\/thumbs\/thumbs_345__32_.jpg\"\n                    width=\"240\"\n                    height=\"160\"\n                    style=\"max-width:100%;\"\n                \/>\n            <\/a>\n        <\/div>\n\t\t\t\t\t\t\t<\/div> \n\t\t\t\n\t\t\t\t<div id=\"ngg-image-1\" class=\"ngg-gallery-thumbnail-box \" >\n\t\t\t\t        <div class=\"ngg-gallery-thumbnail\">\n            <a href=\"http:\/\/www.torrijos1831.com\/wp-content\/gallery\/la-asociacion-torrijos-1831-participa-en-estepona-en-las-recreaciones-historicas-relativas-a-salvador-manzanares-leal-companero-que-fue-de-torrijos\/345__46_.jpg\"\n               title=\"\"\n               data-src=\"http:\/\/www.torrijos1831.com\/wp-content\/gallery\/la-asociacion-torrijos-1831-participa-en-estepona-en-las-recreaciones-historicas-relativas-a-salvador-manzanares-leal-companero-que-fue-de-torrijos\/345__46_.jpg\"\n               data-thumbnail=\"http:\/\/www.torrijos1831.com\/wp-content\/gallery\/la-asociacion-torrijos-1831-participa-en-estepona-en-las-recreaciones-historicas-relativas-a-salvador-manzanares-leal-companero-que-fue-de-torrijos\/thumbs\/thumbs_345__46_.jpg\"\n               data-image-id=\"247\"\n               data-title=\"345__46_\"\n               data-description=\"\"\n               data-image-slug=\"345__46_\"\n               class=\"ngg-simplelightbox\" rel=\"85592e82b1f97c09814f158f0b4b1d72\">\n                <img\n                    title=\"345__46_\"\n                    alt=\"345__46_\"\n                    src=\"http:\/\/www.torrijos1831.com\/wp-content\/gallery\/la-asociacion-torrijos-1831-participa-en-estepona-en-las-recreaciones-historicas-relativas-a-salvador-manzanares-leal-companero-que-fue-de-torrijos\/thumbs\/thumbs_345__46_.jpg\"\n                    width=\"240\"\n                    height=\"160\"\n                    style=\"max-width:100%;\"\n                \/>\n            <\/a>\n        <\/div>\n\t\t\t\t\t\t\t<\/div> \n\t\t\t\n\t\t\t\t<div id=\"ngg-image-2\" class=\"ngg-gallery-thumbnail-box \" >\n\t\t\t\t        <div class=\"ngg-gallery-thumbnail\">\n            <a href=\"http:\/\/www.torrijos1831.com\/wp-content\/gallery\/la-asociacion-torrijos-1831-participa-en-estepona-en-las-recreaciones-historicas-relativas-a-salvador-manzanares-leal-companero-que-fue-de-torrijos\/345__49____copia.jpg\"\n               title=\"\"\n               data-src=\"http:\/\/www.torrijos1831.com\/wp-content\/gallery\/la-asociacion-torrijos-1831-participa-en-estepona-en-las-recreaciones-historicas-relativas-a-salvador-manzanares-leal-companero-que-fue-de-torrijos\/345__49____copia.jpg\"\n               data-thumbnail=\"http:\/\/www.torrijos1831.com\/wp-content\/gallery\/la-asociacion-torrijos-1831-participa-en-estepona-en-las-recreaciones-historicas-relativas-a-salvador-manzanares-leal-companero-que-fue-de-torrijos\/thumbs\/thumbs_345__49____copia.jpg\"\n               data-image-id=\"248\"\n               data-title=\"345__49____copia\"\n               data-description=\"\"\n               data-image-slug=\"345__49____copia\"\n               class=\"ngg-simplelightbox\" rel=\"85592e82b1f97c09814f158f0b4b1d72\">\n                <img\n                    title=\"345__49____copia\"\n                    alt=\"345__49____copia\"\n                    src=\"http:\/\/www.torrijos1831.com\/wp-content\/gallery\/la-asociacion-torrijos-1831-participa-en-estepona-en-las-recreaciones-historicas-relativas-a-salvador-manzanares-leal-companero-que-fue-de-torrijos\/thumbs\/thumbs_345__49____copia.jpg\"\n                    width=\"240\"\n                    height=\"160\"\n                    style=\"max-width:100%;\"\n                \/>\n            <\/a>\n        <\/div>\n\t\t\t\t\t\t\t<\/div> \n\t\t\t\n\t\t\t\t<div id=\"ngg-image-3\" class=\"ngg-gallery-thumbnail-box \" >\n\t\t\t\t        <div class=\"ngg-gallery-thumbnail\">\n            <a href=\"http:\/\/www.torrijos1831.com\/wp-content\/gallery\/la-asociacion-torrijos-1831-participa-en-estepona-en-las-recreaciones-historicas-relativas-a-salvador-manzanares-leal-companero-que-fue-de-torrijos\/345__50_.jpg\"\n               title=\"\"\n               data-src=\"http:\/\/www.torrijos1831.com\/wp-content\/gallery\/la-asociacion-torrijos-1831-participa-en-estepona-en-las-recreaciones-historicas-relativas-a-salvador-manzanares-leal-companero-que-fue-de-torrijos\/345__50_.jpg\"\n               data-thumbnail=\"http:\/\/www.torrijos1831.com\/wp-content\/gallery\/la-asociacion-torrijos-1831-participa-en-estepona-en-las-recreaciones-historicas-relativas-a-salvador-manzanares-leal-companero-que-fue-de-torrijos\/thumbs\/thumbs_345__50_.jpg\"\n               data-image-id=\"249\"\n               data-title=\"345__50_\"\n               data-description=\"\"\n               data-image-slug=\"345__50_\"\n               class=\"ngg-simplelightbox\" rel=\"85592e82b1f97c09814f158f0b4b1d72\">\n                <img\n                    title=\"345__50_\"\n                    alt=\"345__50_\"\n                    src=\"http:\/\/www.torrijos1831.com\/wp-content\/gallery\/la-asociacion-torrijos-1831-participa-en-estepona-en-las-recreaciones-historicas-relativas-a-salvador-manzanares-leal-companero-que-fue-de-torrijos\/thumbs\/thumbs_345__50_.jpg\"\n                    width=\"240\"\n                    height=\"160\"\n                    style=\"max-width:100%;\"\n                \/>\n            <\/a>\n        <\/div>\n\t\t\t\t\t\t\t<\/div> \n\t\t\t\n\t\t\t\t<div id=\"ngg-image-4\" class=\"ngg-gallery-thumbnail-box \" >\n\t\t\t\t        <div class=\"ngg-gallery-thumbnail\">\n            <a href=\"http:\/\/www.torrijos1831.com\/wp-content\/gallery\/la-asociacion-torrijos-1831-participa-en-estepona-en-las-recreaciones-historicas-relativas-a-salvador-manzanares-leal-companero-que-fue-de-torrijos\/345__56_.jpg\"\n               title=\"\"\n               data-src=\"http:\/\/www.torrijos1831.com\/wp-content\/gallery\/la-asociacion-torrijos-1831-participa-en-estepona-en-las-recreaciones-historicas-relativas-a-salvador-manzanares-leal-companero-que-fue-de-torrijos\/345__56_.jpg\"\n               data-thumbnail=\"http:\/\/www.torrijos1831.com\/wp-content\/gallery\/la-asociacion-torrijos-1831-participa-en-estepona-en-las-recreaciones-historicas-relativas-a-salvador-manzanares-leal-companero-que-fue-de-torrijos\/thumbs\/thumbs_345__56_.jpg\"\n               data-image-id=\"250\"\n               data-title=\"345__56_\"\n               data-description=\"\"\n               data-image-slug=\"345__56_\"\n               class=\"ngg-simplelightbox\" rel=\"85592e82b1f97c09814f158f0b4b1d72\">\n                <img\n                    title=\"345__56_\"\n                    alt=\"345__56_\"\n                    src=\"http:\/\/www.torrijos1831.com\/wp-content\/gallery\/la-asociacion-torrijos-1831-participa-en-estepona-en-las-recreaciones-historicas-relativas-a-salvador-manzanares-leal-companero-que-fue-de-torrijos\/thumbs\/thumbs_345__56_.jpg\"\n                    width=\"240\"\n                    height=\"160\"\n                    style=\"max-width:100%;\"\n                \/>\n            <\/a>\n        <\/div>\n\t\t\t\t\t\t\t<\/div> \n\t\t\t\n\t\t\t\t<div id=\"ngg-image-5\" class=\"ngg-gallery-thumbnail-box \" >\n\t\t\t\t        <div class=\"ngg-gallery-thumbnail\">\n            <a href=\"http:\/\/www.torrijos1831.com\/wp-content\/gallery\/la-asociacion-torrijos-1831-participa-en-estepona-en-las-recreaciones-historicas-relativas-a-salvador-manzanares-leal-companero-que-fue-de-torrijos\/345__59_.jpg\"\n               title=\"\"\n               data-src=\"http:\/\/www.torrijos1831.com\/wp-content\/gallery\/la-asociacion-torrijos-1831-participa-en-estepona-en-las-recreaciones-historicas-relativas-a-salvador-manzanares-leal-companero-que-fue-de-torrijos\/345__59_.jpg\"\n               data-thumbnail=\"http:\/\/www.torrijos1831.com\/wp-content\/gallery\/la-asociacion-torrijos-1831-participa-en-estepona-en-las-recreaciones-historicas-relativas-a-salvador-manzanares-leal-companero-que-fue-de-torrijos\/thumbs\/thumbs_345__59_.jpg\"\n               data-image-id=\"251\"\n               data-title=\"345__59_\"\n               data-description=\"\"\n               data-image-slug=\"345__59_\"\n               class=\"ngg-simplelightbox\" rel=\"85592e82b1f97c09814f158f0b4b1d72\">\n                <img\n                    title=\"345__59_\"\n                    alt=\"345__59_\"\n                    src=\"http:\/\/www.torrijos1831.com\/wp-content\/gallery\/la-asociacion-torrijos-1831-participa-en-estepona-en-las-recreaciones-historicas-relativas-a-salvador-manzanares-leal-companero-que-fue-de-torrijos\/thumbs\/thumbs_345__59_.jpg\"\n                    width=\"240\"\n                    height=\"160\"\n                    style=\"max-width:100%;\"\n                \/>\n            <\/a>\n        <\/div>\n\t\t\t\t\t\t\t<\/div> \n\t\t\t\n\t\t\t\t<div id=\"ngg-image-6\" class=\"ngg-gallery-thumbnail-box \" >\n\t\t\t\t        <div class=\"ngg-gallery-thumbnail\">\n            <a href=\"http:\/\/www.torrijos1831.com\/wp-content\/gallery\/la-asociacion-torrijos-1831-participa-en-estepona-en-las-recreaciones-historicas-relativas-a-salvador-manzanares-leal-companero-que-fue-de-torrijos\/345__62_.jpg\"\n               title=\"\"\n               data-src=\"http:\/\/www.torrijos1831.com\/wp-content\/gallery\/la-asociacion-torrijos-1831-participa-en-estepona-en-las-recreaciones-historicas-relativas-a-salvador-manzanares-leal-companero-que-fue-de-torrijos\/345__62_.jpg\"\n               data-thumbnail=\"http:\/\/www.torrijos1831.com\/wp-content\/gallery\/la-asociacion-torrijos-1831-participa-en-estepona-en-las-recreaciones-historicas-relativas-a-salvador-manzanares-leal-companero-que-fue-de-torrijos\/thumbs\/thumbs_345__62_.jpg\"\n               data-image-id=\"252\"\n               data-title=\"345__62_\"\n               data-description=\"\"\n               data-image-slug=\"345__62_\"\n               class=\"ngg-simplelightbox\" rel=\"85592e82b1f97c09814f158f0b4b1d72\">\n                <img\n                    title=\"345__62_\"\n                    alt=\"345__62_\"\n                    src=\"http:\/\/www.torrijos1831.com\/wp-content\/gallery\/la-asociacion-torrijos-1831-participa-en-estepona-en-las-recreaciones-historicas-relativas-a-salvador-manzanares-leal-companero-que-fue-de-torrijos\/thumbs\/thumbs_345__62_.jpg\"\n                    width=\"240\"\n                    height=\"160\"\n                    style=\"max-width:100%;\"\n                \/>\n            <\/a>\n        <\/div>\n\t\t\t\t\t\t\t<\/div> \n\t\t\t\n\t\t\t\t<div id=\"ngg-image-7\" class=\"ngg-gallery-thumbnail-box \" >\n\t\t\t\t        <div class=\"ngg-gallery-thumbnail\">\n            <a href=\"http:\/\/www.torrijos1831.com\/wp-content\/gallery\/la-asociacion-torrijos-1831-participa-en-estepona-en-las-recreaciones-historicas-relativas-a-salvador-manzanares-leal-companero-que-fue-de-torrijos\/345__70_.jpg\"\n               title=\"\"\n               data-src=\"http:\/\/www.torrijos1831.com\/wp-content\/gallery\/la-asociacion-torrijos-1831-participa-en-estepona-en-las-recreaciones-historicas-relativas-a-salvador-manzanares-leal-companero-que-fue-de-torrijos\/345__70_.jpg\"\n               data-thumbnail=\"http:\/\/www.torrijos1831.com\/wp-content\/gallery\/la-asociacion-torrijos-1831-participa-en-estepona-en-las-recreaciones-historicas-relativas-a-salvador-manzanares-leal-companero-que-fue-de-torrijos\/thumbs\/thumbs_345__70_.jpg\"\n               data-image-id=\"253\"\n               data-title=\"345__70_\"\n               data-description=\"\"\n               data-image-slug=\"345__70_\"\n               class=\"ngg-simplelightbox\" rel=\"85592e82b1f97c09814f158f0b4b1d72\">\n                <img\n                    title=\"345__70_\"\n                    alt=\"345__70_\"\n                    src=\"http:\/\/www.torrijos1831.com\/wp-content\/gallery\/la-asociacion-torrijos-1831-participa-en-estepona-en-las-recreaciones-historicas-relativas-a-salvador-manzanares-leal-companero-que-fue-de-torrijos\/thumbs\/thumbs_345__70_.jpg\"\n                    width=\"240\"\n                    height=\"160\"\n                    style=\"max-width:100%;\"\n                \/>\n            <\/a>\n        <\/div>\n\t\t\t\t\t\t\t<\/div> \n\t\t\t\n\t\t\t\t<div id=\"ngg-image-8\" class=\"ngg-gallery-thumbnail-box \" >\n\t\t\t\t        <div class=\"ngg-gallery-thumbnail\">\n            <a href=\"http:\/\/www.torrijos1831.com\/wp-content\/gallery\/la-asociacion-torrijos-1831-participa-en-estepona-en-las-recreaciones-historicas-relativas-a-salvador-manzanares-leal-companero-que-fue-de-torrijos\/345__73_.jpg\"\n               title=\"\"\n               data-src=\"http:\/\/www.torrijos1831.com\/wp-content\/gallery\/la-asociacion-torrijos-1831-participa-en-estepona-en-las-recreaciones-historicas-relativas-a-salvador-manzanares-leal-companero-que-fue-de-torrijos\/345__73_.jpg\"\n               data-thumbnail=\"http:\/\/www.torrijos1831.com\/wp-content\/gallery\/la-asociacion-torrijos-1831-participa-en-estepona-en-las-recreaciones-historicas-relativas-a-salvador-manzanares-leal-companero-que-fue-de-torrijos\/thumbs\/thumbs_345__73_.jpg\"\n               data-image-id=\"254\"\n               data-title=\"345__73_\"\n               data-description=\"\"\n               data-image-slug=\"345__73_\"\n               class=\"ngg-simplelightbox\" rel=\"85592e82b1f97c09814f158f0b4b1d72\">\n                <img\n                    title=\"345__73_\"\n                    alt=\"345__73_\"\n                    src=\"http:\/\/www.torrijos1831.com\/wp-content\/gallery\/la-asociacion-torrijos-1831-participa-en-estepona-en-las-recreaciones-historicas-relativas-a-salvador-manzanares-leal-companero-que-fue-de-torrijos\/thumbs\/thumbs_345__73_.jpg\"\n                    width=\"240\"\n                    height=\"160\"\n                    style=\"max-width:100%;\"\n                \/>\n            <\/a>\n        <\/div>\n\t\t\t\t\t\t\t<\/div> \n\t\t\t\n\t\t\t\t<div id=\"ngg-image-9\" class=\"ngg-gallery-thumbnail-box \" >\n\t\t\t\t        <div class=\"ngg-gallery-thumbnail\">\n            <a href=\"http:\/\/www.torrijos1831.com\/wp-content\/gallery\/la-asociacion-torrijos-1831-participa-en-estepona-en-las-recreaciones-historicas-relativas-a-salvador-manzanares-leal-companero-que-fue-de-torrijos\/345__75_.jpg\"\n               title=\"\"\n               data-src=\"http:\/\/www.torrijos1831.com\/wp-content\/gallery\/la-asociacion-torrijos-1831-participa-en-estepona-en-las-recreaciones-historicas-relativas-a-salvador-manzanares-leal-companero-que-fue-de-torrijos\/345__75_.jpg\"\n               data-thumbnail=\"http:\/\/www.torrijos1831.com\/wp-content\/gallery\/la-asociacion-torrijos-1831-participa-en-estepona-en-las-recreaciones-historicas-relativas-a-salvador-manzanares-leal-companero-que-fue-de-torrijos\/thumbs\/thumbs_345__75_.jpg\"\n               data-image-id=\"255\"\n               data-title=\"345__75_\"\n               data-description=\"\"\n               data-image-slug=\"345__75_\"\n               class=\"ngg-simplelightbox\" rel=\"85592e82b1f97c09814f158f0b4b1d72\">\n                <img\n                    title=\"345__75_\"\n                    alt=\"345__75_\"\n                    src=\"http:\/\/www.torrijos1831.com\/wp-content\/gallery\/la-asociacion-torrijos-1831-participa-en-estepona-en-las-recreaciones-historicas-relativas-a-salvador-manzanares-leal-companero-que-fue-de-torrijos\/thumbs\/thumbs_345__75_.jpg\"\n                    width=\"240\"\n                    height=\"160\"\n                    style=\"max-width:100%;\"\n                \/>\n            <\/a>\n        <\/div>\n\t\t\t\t\t\t\t<\/div> \n\t\t\t\n\t\t\t\t<div id=\"ngg-image-10\" class=\"ngg-gallery-thumbnail-box \" >\n\t\t\t\t        <div class=\"ngg-gallery-thumbnail\">\n            <a href=\"http:\/\/www.torrijos1831.com\/wp-content\/gallery\/la-asociacion-torrijos-1831-participa-en-estepona-en-las-recreaciones-historicas-relativas-a-salvador-manzanares-leal-companero-que-fue-de-torrijos\/345__81_.jpg\"\n               title=\"\"\n               data-src=\"http:\/\/www.torrijos1831.com\/wp-content\/gallery\/la-asociacion-torrijos-1831-participa-en-estepona-en-las-recreaciones-historicas-relativas-a-salvador-manzanares-leal-companero-que-fue-de-torrijos\/345__81_.jpg\"\n               data-thumbnail=\"http:\/\/www.torrijos1831.com\/wp-content\/gallery\/la-asociacion-torrijos-1831-participa-en-estepona-en-las-recreaciones-historicas-relativas-a-salvador-manzanares-leal-companero-que-fue-de-torrijos\/thumbs\/thumbs_345__81_.jpg\"\n               data-image-id=\"256\"\n               data-title=\"345__81_\"\n               data-description=\"\"\n               data-image-slug=\"345__81_\"\n               class=\"ngg-simplelightbox\" rel=\"85592e82b1f97c09814f158f0b4b1d72\">\n                <img\n                    title=\"345__81_\"\n                    alt=\"345__81_\"\n                    src=\"http:\/\/www.torrijos1831.com\/wp-content\/gallery\/la-asociacion-torrijos-1831-participa-en-estepona-en-las-recreaciones-historicas-relativas-a-salvador-manzanares-leal-companero-que-fue-de-torrijos\/thumbs\/thumbs_345__81_.jpg\"\n                    width=\"240\"\n                    height=\"160\"\n                    style=\"max-width:100%;\"\n                \/>\n            <\/a>\n        <\/div>\n\t\t\t\t\t\t\t<\/div> \n\t\t\t\n\t\t\t\t<div id=\"ngg-image-11\" class=\"ngg-gallery-thumbnail-box \" >\n\t\t\t\t        <div class=\"ngg-gallery-thumbnail\">\n            <a href=\"http:\/\/www.torrijos1831.com\/wp-content\/gallery\/la-asociacion-torrijos-1831-participa-en-estepona-en-las-recreaciones-historicas-relativas-a-salvador-manzanares-leal-companero-que-fue-de-torrijos\/345__82_.jpg\"\n               title=\"\"\n               data-src=\"http:\/\/www.torrijos1831.com\/wp-content\/gallery\/la-asociacion-torrijos-1831-participa-en-estepona-en-las-recreaciones-historicas-relativas-a-salvador-manzanares-leal-companero-que-fue-de-torrijos\/345__82_.jpg\"\n               data-thumbnail=\"http:\/\/www.torrijos1831.com\/wp-content\/gallery\/la-asociacion-torrijos-1831-participa-en-estepona-en-las-recreaciones-historicas-relativas-a-salvador-manzanares-leal-companero-que-fue-de-torrijos\/thumbs\/thumbs_345__82_.jpg\"\n               data-image-id=\"257\"\n               data-title=\"345__82_\"\n               data-description=\"\"\n               data-image-slug=\"345__82_\"\n               class=\"ngg-simplelightbox\" rel=\"85592e82b1f97c09814f158f0b4b1d72\">\n                <img\n                    title=\"345__82_\"\n                    alt=\"345__82_\"\n                    src=\"http:\/\/www.torrijos1831.com\/wp-content\/gallery\/la-asociacion-torrijos-1831-participa-en-estepona-en-las-recreaciones-historicas-relativas-a-salvador-manzanares-leal-companero-que-fue-de-torrijos\/thumbs\/thumbs_345__82_.jpg\"\n                    width=\"240\"\n                    height=\"160\"\n                    style=\"max-width:100%;\"\n                \/>\n            <\/a>\n        <\/div>\n\t\t\t\t\t\t\t<\/div> \n\t\t\t\n\t\t\t\t<div id=\"ngg-image-12\" class=\"ngg-gallery-thumbnail-box \" >\n\t\t\t\t        <div class=\"ngg-gallery-thumbnail\">\n            <a href=\"http:\/\/www.torrijos1831.com\/wp-content\/gallery\/la-asociacion-torrijos-1831-participa-en-estepona-en-las-recreaciones-historicas-relativas-a-salvador-manzanares-leal-companero-que-fue-de-torrijos\/346__39_.jpg\"\n               title=\"\"\n               data-src=\"http:\/\/www.torrijos1831.com\/wp-content\/gallery\/la-asociacion-torrijos-1831-participa-en-estepona-en-las-recreaciones-historicas-relativas-a-salvador-manzanares-leal-companero-que-fue-de-torrijos\/346__39_.jpg\"\n               data-thumbnail=\"http:\/\/www.torrijos1831.com\/wp-content\/gallery\/la-asociacion-torrijos-1831-participa-en-estepona-en-las-recreaciones-historicas-relativas-a-salvador-manzanares-leal-companero-que-fue-de-torrijos\/thumbs\/thumbs_346__39_.jpg\"\n               data-image-id=\"258\"\n               data-title=\"346__39_\"\n               data-description=\"\"\n               data-image-slug=\"346__39_\"\n               class=\"ngg-simplelightbox\" rel=\"85592e82b1f97c09814f158f0b4b1d72\">\n                <img\n                    title=\"346__39_\"\n                    alt=\"346__39_\"\n                    src=\"http:\/\/www.torrijos1831.com\/wp-content\/gallery\/la-asociacion-torrijos-1831-participa-en-estepona-en-las-recreaciones-historicas-relativas-a-salvador-manzanares-leal-companero-que-fue-de-torrijos\/thumbs\/thumbs_346__39_.jpg\"\n                    width=\"240\"\n                    height=\"160\"\n                    style=\"max-width:100%;\"\n                \/>\n            <\/a>\n        <\/div>\n\t\t\t\t\t\t\t<\/div> \n\t\t\t\n\t\n\t<br style=\"clear: both\" \/>\n\n\t\n\t\t<!-- Pagination -->\n\t<div class='ngg-clear'><\/div>\t<\/div>\n\n","protected":false},"excerpt":{"rendered":"<p>Asociaci\u00f3n Torrijos 1831.- El pasado domingo, d\u00eda 24, se reunieron en Estepona para homenajear a Salvador Manzanares, cinco acreditadas asociaciones de recreaciones hist\u00f3ricas: \u201cManzanares. Estepona 1831\u201d, \u201cTorrijos 1831\u201d, \u201cVida y muerte de El Tempranillo\u201d, \u201cCarmen la de Ronda\u201d y \u201cQuema de Algarrobo\u201d; casi doscientas personas vestidas a la usanza de 1831, que han contado con&#8230;<\/p>\n","protected":false},"author":1,"featured_media":2702,"comment_status":"closed","ping_status":"closed","sticky":false,"template":"","format":"standard","meta":[],"categories":[22],"tags":[],"_links":{"self":[{"href":"http:\/\/www.torrijos1831.com\/index.php?rest_route=\/wp\/v2\/posts\/1014"}],"collection":[{"href":"http:\/\/www.torrijos1831.com\/index.php?rest_route=\/wp\/v2\/posts"}],"about":[{"href":"http:\/\/www.torrijos1831.com\/index.php?rest_route=\/wp\/v2\/types\/post"}],"author":[{"embeddable":true,"href":"http:\/\/www.torrijos1831.com\/index.php?rest_route=\/wp\/v2\/users\/1"}],"replies":[{"embeddable":true,"href":"http:\/\/www.torrijos1831.com\/index.php?rest_route=%2Fwp%2Fv2%2Fcomments&post=1014"}],"version-history":[{"count":6,"href":"http:\/\/www.torrijos1831.com\/index.php?rest_route=\/wp\/v2\/posts\/1014\/revisions"}],"predecessor-version":[{"id":1490,"href":"http:\/\/www.torrijos1831.com\/index.php?rest_route=\/wp\/v2\/posts\/1014\/revisions\/1490"}],"wp:featuredmedia":[{"embeddable":true,"href":"http:\/\/www.torrijos1831.com\/index.php?rest_route=\/wp\/v2\/media\/2702"}],"wp:attachment":[{"href":"http:\/\/www.torrijos1831.com\/index.php?rest_route=%2Fwp%2Fv2%2Fmedia&parent=1014"}],"wp:term":[{"taxonomy":"category","embeddable":true,"href":"http:\/\/www.torrijos1831.com\/index.php?rest_route=%2Fwp%2Fv2%2Fcategories&post=1014"},{"taxonomy":"post_tag","embeddable":true,"href":"http:\/\/www.torrijos1831.com\/index.php?rest_route=%2Fwp%2Fv2%2Ftags&post=1014"}],"curies":[{"name":"wp","href":"https:\/\/api.w.org\/{rel}","templated":true}]}}