{"id":1191,"date":"2019-09-19T19:55:09","date_gmt":"2019-09-19T19:55:09","guid":{"rendered":"http:\/\/www.torrijos1831.com\/?p=1191"},"modified":"2019-11-24T20:57:32","modified_gmt":"2019-11-24T20:57:32","slug":"el-presidente-de-la-asociacion-torrijos-1831-sera-el-pregonero-de-la-recreacion-historica-la-quema-de-algarrobo-en-su-edicion-de-2019","status":"publish","type":"post","link":"http:\/\/www.torrijos1831.com\/?p=1191","title":{"rendered":"El presidente de la Asociaci\u00f3n Torrijos 1831 ser\u00e1 el pregonero de la recreaci\u00f3n hist\u00f3rica \u00abLa quema de Algarrobo\u00bb, en su edici\u00f3n de 2019"},"content":{"rendered":"<p><span style=\"color: rgb(0, 0, 0);\">Asociaci\u00f3n Torrijos 1831.- Por as\u00ed haberlo estimado el Ayuntamiento de Algarrobo, el pr\u00f3ximo d\u00eda 20 de septiembre, a las 21\u00b430 h. el presidente de la Asociaci\u00f3n Torrijos 1831, Esteban Alc\u00e1ntara, ser\u00e1 el pregonero de la Sexta Edici\u00f3n de \u00abLa quema de Algarrobo\u00bb. Alc\u00e1ntara, historiador, autor de diferentes libros y dibujante de c\u00f3mic hist\u00f3rico, es uno de los pioneros de la recreaciones hist\u00f3ricas en Andaluc\u00eda, concibiendo en 2002 la que tiene el honor de ser la m\u00e1s antigua a nivel regional: \u00abLa cuerda de presos\u00bb de la barriada de Torrealquer\u00eda. Como promotor de recreaciones hist\u00f3ricas, m\u00e1s de una treintena de ellas llevan su sello en la provincia. Con el apoyo municipal y vecinal, fue la Asociaci\u00f3n Torrijos 1831 la que organiz\u00f3 en Algarrobo, la primera y segunda recreaci\u00f3n de \u00abLa quema\u00bb, agradeci\u00e9ndoselo el municipio al colectivo con lo mejor que pod\u00eda hacer: la entrega de su bandera (ver foto que se adjunta al texto). Esteban Alc\u00e1ntara ya ha sido pregonero de varias recreaciones hist\u00f3ricas, siendo el m\u00e1s reciente, el preg\u00f3n impartido en Alameda, coincidiendo con el aniversario de la muerte de Jos\u00e9 Mar\u00eda \u00abEl Tempranillo\u00bb. Tambi\u00e9n ha sido pregonero en barrios tan t\u00edpicos de M\u00e1laga capital, como el popular Perchel, y en el caso de Alhaur\u00edn de la Torre, en las barriadas de Torrealquer\u00eda y Retamar.<\/span><\/p>\n<p>&nbsp;<\/p>\n<p><strong><span style=\"color: rgb(0, 0, 0);\">Datos de la Asociaci\u00f3n Hist\u00f3rico Cultural Torrijos 1831.<\/span><\/strong><\/p>\n<p><span style=\"color: rgb(0, 0, 0);\">Tipo de Asociaci\u00f3n: cultural, dedicada a la investigaci\u00f3n hist\u00f3rica, y recreadora en sus actuaciones en p\u00fablico para exponer los hechos que representa. Inscrita en el Registro de Asociaciones de la Junta de Andaluc\u00eda. Inici\u00f3 su periodo constituyente en el a\u00f1o 2002, siendo legalizada en 2003. Fue un proyecto original desde el principio, pues en Espa\u00f1a no se hab\u00eda creado anteriormente una Asociaci\u00f3n sobre el personaje hist\u00f3rico de Jos\u00e9 Mar\u00eda Torrijos y Uriarte, h\u00e9roe de la Guerra de Independencia y defensor de las libertades y derechos constitucionales frente al poder absoluto del reinado de Fernando VII. Original en las formas, dedicaci\u00f3n y fines, que recogen sus estatutos, cimentando sus antecedentes en los precursores que trabajaron sobre el personaje de Torrijos en la provincia de M\u00e1laga, en las d\u00e9cadas de los a\u00f1os ochenta y noventa del siglo XX y primeros a\u00f1os del XXI, y en la raz\u00f3n fundamental y objetiva que como texto legal marca la fecha de legalizaci\u00f3n de su fundaci\u00f3n.<\/span><br \/>\n<span style=\"color: rgb(0, 0, 0);\"> Como colectivo de recreaciones hist\u00f3ricas, es el m\u00e1s antiguo de las dedicados al siglo XIX, en Andaluc\u00eda, y el segundo en M\u00e1laga en la especialidad general de recreaciones hist\u00f3ricas, s\u00f3lo superado por \u00abEl Paso\u00bb de Riogordo, que relata la Pasi\u00f3n de Jesucristo (1953). Por esa antig\u00fcedad ambos colectivos est\u00e1n hermanados.<\/span><br \/>\n<span style=\"color: rgb(0, 0, 0);\"> En cuanto a las representaciones relativas a la Guerra de la Independencia en las que participa la Asociaci\u00f3n, la recreaci\u00f3n insignia, creada en 2007, es el \u00abRegimiento de Infanter\u00eda de M\u00e1laga\u00bb, unidad titular de M\u00e1laga, que salvo un periodo de disoluci\u00f3n, tuvo vida castrense desde 1701 a 1893, siendo su historial heredado por el Regimiento Melilla en sus diferentes numeraciones, y que fue disuelto en M\u00e1laga, en 1985. Para entrar en su historial y actividades: regimientodeinfanteriademalaga.blogspot.com<\/span><br \/>\n<span style=\"color: rgb(0, 0, 0);\"> Correo de Contacto: contacto@torrijos1831.es . Tel\u00e9fono 952234039.&nbsp;<\/span><br \/>\nFoto: Pepe Cano.<\/p>\n","protected":false},"excerpt":{"rendered":"<p>Asociaci\u00f3n Torrijos 1831.- Por as\u00ed haberlo estimado el Ayuntamiento de Algarrobo, el pr\u00f3ximo d\u00eda 20 de septiembre, a las 21\u00b430 h. el presidente de la Asociaci\u00f3n Torrijos 1831, Esteban Alc\u00e1ntara, ser\u00e1 el pregonero de la Sexta Edici\u00f3n de \u00abLa quema de Algarrobo\u00bb. Alc\u00e1ntara, historiador, autor de diferentes libros y dibujante de c\u00f3mic hist\u00f3rico, es uno&#8230;<\/p>\n","protected":false},"author":1,"featured_media":1562,"comment_status":"closed","ping_status":"closed","sticky":false,"template":"","format":"standard","meta":[],"categories":[22],"tags":[],"_links":{"self":[{"href":"http:\/\/www.torrijos1831.com\/index.php?rest_route=\/wp\/v2\/posts\/1191"}],"collection":[{"href":"http:\/\/www.torrijos1831.com\/index.php?rest_route=\/wp\/v2\/posts"}],"about":[{"href":"http:\/\/www.torrijos1831.com\/index.php?rest_route=\/wp\/v2\/types\/post"}],"author":[{"embeddable":true,"href":"http:\/\/www.torrijos1831.com\/index.php?rest_route=\/wp\/v2\/users\/1"}],"replies":[{"embeddable":true,"href":"http:\/\/www.torrijos1831.com\/index.php?rest_route=%2Fwp%2Fv2%2Fcomments&post=1191"}],"version-history":[{"count":2,"href":"http:\/\/www.torrijos1831.com\/index.php?rest_route=\/wp\/v2\/posts\/1191\/revisions"}],"predecessor-version":[{"id":1514,"href":"http:\/\/www.torrijos1831.com\/index.php?rest_route=\/wp\/v2\/posts\/1191\/revisions\/1514"}],"wp:featuredmedia":[{"embeddable":true,"href":"http:\/\/www.torrijos1831.com\/index.php?rest_route=\/wp\/v2\/media\/1562"}],"wp:attachment":[{"href":"http:\/\/www.torrijos1831.com\/index.php?rest_route=%2Fwp%2Fv2%2Fmedia&parent=1191"}],"wp:term":[{"taxonomy":"category","embeddable":true,"href":"http:\/\/www.torrijos1831.com\/index.php?rest_route=%2Fwp%2Fv2%2Fcategories&post=1191"},{"taxonomy":"post_tag","embeddable":true,"href":"http:\/\/www.torrijos1831.com\/index.php?rest_route=%2Fwp%2Fv2%2Ftags&post=1191"}],"curies":[{"name":"wp","href":"https:\/\/api.w.org\/{rel}","templated":true}]}}