{"id":1376,"date":"2019-10-28T20:42:50","date_gmt":"2019-10-28T20:42:50","guid":{"rendered":"http:\/\/www.torrijos1831.com\/?p=1376"},"modified":"2019-11-10T19:18:29","modified_gmt":"2019-11-10T19:18:29","slug":"tras-la-sombra-de-un-fantasma-representacion-de-la-persecucion-absolutista-a-salvador-manzanares-en-la-linea","status":"publish","type":"post","link":"http:\/\/www.torrijos1831.com\/?p=1376","title":{"rendered":"\u00abTras la sombra de un fantasma\u00bb. Representaci\u00f3n de la persecuci\u00f3n absolutista a Salvador Manzanares, en la L\u00ednea"},"content":{"rendered":"<p><span style=\"color: rgb(0, 0, 0);\">Asociaci\u00f3n Torrijos 1831.- Entre enero y febrero de 1831, la polic\u00eda absolutista de Fernando VII persigui\u00f3 sin \u00e9xito en el Campo de Gibraltar al coronel Salvador Manzanares, para capturarle. El bravo compa\u00f1ero de Torrijosse mostr\u00f3 como una sombra escurridiza a la que no hab\u00eda forma de cazar, pese a moverse por un territorio tan limitado como eran las tierras y localidades que circundaban la bah\u00eda de Algeciras, y el riesgo de tener que mostrarse en p\u00fablico para captar integrantesen el futuro pronunciamiento de corte constitucionalista que se avecinaba, con el fin de derrocar el vergonzante r\u00e9gimen que reg\u00eda en la denominada \u00abD\u00e9cada Ominosa\u00bb. La polic\u00eda se emple\u00f3 a fondo buscando delatores entre los vecinos de la L\u00ednea y San Roque,pero a pesar de los interrogatorios y amedrentar a unos y otros, los agentes no consiguieron pistas para capturar a Manzanares. Esa situaci\u00f3n, aquel estado de cosas, es lo que fue representado en la L\u00ednea, el pasado 20 de octubre, por la Asociaci\u00f3n hist\u00f3rico cultural Torrijos 1831, con un dramatismo y fuerza que penetr\u00f3 en los corazones de los linenses que acudieron a ver la citada recreaci\u00f3n hist\u00f3rica.<\/span><\/p>\n<p><span style=\"color: rgb(0, 0, 0);\"><strong>Datos de la Asociaci\u00f3n Hist\u00f3rico Cultural Torrijos 1831<\/strong><\/span><\/p>\n<p><span style=\"color: rgb(0, 0, 0);\">Tipo de Asociaci\u00f3n: cultural, dedicada a la investigaci\u00f3n hist\u00f3rica, y recreadora en sus actuaciones en p\u00fablico para exponer los hechos que representa. Inscrita en el Registro de Asociaciones de la Junta de Andaluc\u00eda. Inici\u00f3 su periodo constituyente en el a\u00f1o2002, siendo legalizada en 2003. Fue un proyecto original desde el principio, pues en Espa\u00f1a no se hab\u00eda creado anteriormente una Asociaci\u00f3n sobre el personaje hist\u00f3rico de Jos\u00e9 Mar\u00eda Torrijos y Uriarte, h\u00e9roe de la Guerra de Independencia y defensor de las libertades y derechos constitucionales frente al poder absoluto del reinado de Fernando VII. Original en las formas, dedicaci\u00f3n y fines, que recogen sus estatutos, cimentando sus antecedentes en los precursores que trabajaron sobre el personaje de Torrijos en la provincia de M\u00e1laga, en las d\u00e9cadas de los a\u00f1os ochenta y noventa del siglo XX y primeros a\u00f1os del XXI, y en la raz\u00f3n fundamental y objetiva que como texto legal marca la fecha de legalizaci\u00f3n de su fundaci\u00f3n.<\/span><br \/>\n<span style=\"color: rgb(0, 0, 0);\"> Como colectivo de recreaciones hist\u00f3ricas es el m\u00e1s antiguo de las dedicados al siglo XIX, en Andaluc\u00eda, y el segundo en M\u00e1laga en la especialidad general de recreaciones hist\u00f3ricas, s\u00f3lo superado por \u00abEl Paso\u00bb de Rio gordo (1953). Por esa antig\u00fcedad ambos colectivos est\u00e1n hermanados.<\/span><br \/>\n<span style=\"color: rgb(0, 0, 0);\"> En cuanto a las representaciones relativas a la Guerra de la Independencia en las que participa la Asociaci\u00f3n, la recreaci\u00f3n insignia, creada en 2007, es el \u00abRegimiento de Infanter\u00eda de M\u00e1laga\u00bb, unidad titular de M\u00e1laga, que salvo un periodo de disoluci\u00f3n, tuvo vida castrense desde 1701 a 1893, siendo su historial heredado por el Regimiento Melilla en sus diferentes numeraciones, y que fue disuelto en M\u00e1laga, en 1985. Para entrar en su historial y actividades: regimientodeinfanteriademalaga.blogspot.com<\/span><br \/>\n<span style=\"color: rgb(0, 0, 0);\"> Correo de Contacto: contacto@torrijos1831.es<\/span><\/p>\n<div\n\tclass=\"ngg-galleryoverview default-view \"\n\tid=\"ngg-gallery-27ed1679187fa3be5d5a4921a7bdd9ee-1\">\n\n\t\t<!-- Thumbnails -->\n\t\t\t\t<div id=\"ngg-image-0\" class=\"ngg-gallery-thumbnail-box \" >\n\t\t\t\t        <div class=\"ngg-gallery-thumbnail\">\n            <a href=\"http:\/\/www.torrijos1831.com\/wp-content\/gallery\/tras-la-sombra-de-un-fantasma-representacion-de-la-persecucion-absolutista-a-salvador-manzanares-en-la-linea\/7__3_.jpg\"\n               title=\"\"\n               data-src=\"http:\/\/www.torrijos1831.com\/wp-content\/gallery\/tras-la-sombra-de-un-fantasma-representacion-de-la-persecucion-absolutista-a-salvador-manzanares-en-la-linea\/7__3_.jpg\"\n               data-thumbnail=\"http:\/\/www.torrijos1831.com\/wp-content\/gallery\/tras-la-sombra-de-un-fantasma-representacion-de-la-persecucion-absolutista-a-salvador-manzanares-en-la-linea\/thumbs\/thumbs_7__3_.jpg\"\n               data-image-id=\"458\"\n               data-title=\"7__3_\"\n               data-description=\"\"\n               data-image-slug=\"7__3_\"\n               class=\"ngg-simplelightbox\" rel=\"27ed1679187fa3be5d5a4921a7bdd9ee\">\n                <img\n                    title=\"7__3_\"\n                    alt=\"7__3_\"\n                    src=\"http:\/\/www.torrijos1831.com\/wp-content\/gallery\/tras-la-sombra-de-un-fantasma-representacion-de-la-persecucion-absolutista-a-salvador-manzanares-en-la-linea\/thumbs\/thumbs_7__3_.jpg\"\n                    width=\"240\"\n                    height=\"160\"\n                    style=\"max-width:100%;\"\n                \/>\n            <\/a>\n        <\/div>\n\t\t\t\t\t\t\t<\/div> \n\t\t\t\n\t\t\t\t<div id=\"ngg-image-1\" class=\"ngg-gallery-thumbnail-box \" >\n\t\t\t\t        <div class=\"ngg-gallery-thumbnail\">\n            <a href=\"http:\/\/www.torrijos1831.com\/wp-content\/gallery\/tras-la-sombra-de-un-fantasma-representacion-de-la-persecucion-absolutista-a-salvador-manzanares-en-la-linea\/7__4_.jpg\"\n               title=\"\"\n               data-src=\"http:\/\/www.torrijos1831.com\/wp-content\/gallery\/tras-la-sombra-de-un-fantasma-representacion-de-la-persecucion-absolutista-a-salvador-manzanares-en-la-linea\/7__4_.jpg\"\n               data-thumbnail=\"http:\/\/www.torrijos1831.com\/wp-content\/gallery\/tras-la-sombra-de-un-fantasma-representacion-de-la-persecucion-absolutista-a-salvador-manzanares-en-la-linea\/thumbs\/thumbs_7__4_.jpg\"\n               data-image-id=\"459\"\n               data-title=\"7__4_\"\n               data-description=\"\"\n               data-image-slug=\"7__4_\"\n               class=\"ngg-simplelightbox\" rel=\"27ed1679187fa3be5d5a4921a7bdd9ee\">\n                <img\n                    title=\"7__4_\"\n                    alt=\"7__4_\"\n                    src=\"http:\/\/www.torrijos1831.com\/wp-content\/gallery\/tras-la-sombra-de-un-fantasma-representacion-de-la-persecucion-absolutista-a-salvador-manzanares-en-la-linea\/thumbs\/thumbs_7__4_.jpg\"\n                    width=\"240\"\n                    height=\"160\"\n                    style=\"max-width:100%;\"\n                \/>\n            <\/a>\n        <\/div>\n\t\t\t\t\t\t\t<\/div> \n\t\t\t\n\t\t\t\t<div id=\"ngg-image-2\" class=\"ngg-gallery-thumbnail-box \" >\n\t\t\t\t        <div class=\"ngg-gallery-thumbnail\">\n            <a href=\"http:\/\/www.torrijos1831.com\/wp-content\/gallery\/tras-la-sombra-de-un-fantasma-representacion-de-la-persecucion-absolutista-a-salvador-manzanares-en-la-linea\/7__5_.jpg\"\n               title=\"\"\n               data-src=\"http:\/\/www.torrijos1831.com\/wp-content\/gallery\/tras-la-sombra-de-un-fantasma-representacion-de-la-persecucion-absolutista-a-salvador-manzanares-en-la-linea\/7__5_.jpg\"\n               data-thumbnail=\"http:\/\/www.torrijos1831.com\/wp-content\/gallery\/tras-la-sombra-de-un-fantasma-representacion-de-la-persecucion-absolutista-a-salvador-manzanares-en-la-linea\/thumbs\/thumbs_7__5_.jpg\"\n               data-image-id=\"460\"\n               data-title=\"7__5_\"\n               data-description=\"\"\n               data-image-slug=\"7__5_\"\n               class=\"ngg-simplelightbox\" rel=\"27ed1679187fa3be5d5a4921a7bdd9ee\">\n                <img\n                    title=\"7__5_\"\n                    alt=\"7__5_\"\n                    src=\"http:\/\/www.torrijos1831.com\/wp-content\/gallery\/tras-la-sombra-de-un-fantasma-representacion-de-la-persecucion-absolutista-a-salvador-manzanares-en-la-linea\/thumbs\/thumbs_7__5_.jpg\"\n                    width=\"240\"\n                    height=\"160\"\n                    style=\"max-width:100%;\"\n                \/>\n            <\/a>\n        <\/div>\n\t\t\t\t\t\t\t<\/div> \n\t\t\t\n\t\t\t\t<div id=\"ngg-image-3\" class=\"ngg-gallery-thumbnail-box \" >\n\t\t\t\t        <div class=\"ngg-gallery-thumbnail\">\n            <a href=\"http:\/\/www.torrijos1831.com\/wp-content\/gallery\/tras-la-sombra-de-un-fantasma-representacion-de-la-persecucion-absolutista-a-salvador-manzanares-en-la-linea\/7__6_.jpg\"\n               title=\"\"\n               data-src=\"http:\/\/www.torrijos1831.com\/wp-content\/gallery\/tras-la-sombra-de-un-fantasma-representacion-de-la-persecucion-absolutista-a-salvador-manzanares-en-la-linea\/7__6_.jpg\"\n               data-thumbnail=\"http:\/\/www.torrijos1831.com\/wp-content\/gallery\/tras-la-sombra-de-un-fantasma-representacion-de-la-persecucion-absolutista-a-salvador-manzanares-en-la-linea\/thumbs\/thumbs_7__6_.jpg\"\n               data-image-id=\"461\"\n               data-title=\"7__6_\"\n               data-description=\"\"\n               data-image-slug=\"7__6_\"\n               class=\"ngg-simplelightbox\" rel=\"27ed1679187fa3be5d5a4921a7bdd9ee\">\n                <img\n                    title=\"7__6_\"\n                    alt=\"7__6_\"\n                    src=\"http:\/\/www.torrijos1831.com\/wp-content\/gallery\/tras-la-sombra-de-un-fantasma-representacion-de-la-persecucion-absolutista-a-salvador-manzanares-en-la-linea\/thumbs\/thumbs_7__6_.jpg\"\n                    width=\"240\"\n                    height=\"160\"\n                    style=\"max-width:100%;\"\n                \/>\n            <\/a>\n        <\/div>\n\t\t\t\t\t\t\t<\/div> \n\t\t\t\n\t\t\t\t<div id=\"ngg-image-4\" class=\"ngg-gallery-thumbnail-box \" >\n\t\t\t\t        <div class=\"ngg-gallery-thumbnail\">\n            <a href=\"http:\/\/www.torrijos1831.com\/wp-content\/gallery\/tras-la-sombra-de-un-fantasma-representacion-de-la-persecucion-absolutista-a-salvador-manzanares-en-la-linea\/7__7_.jpg\"\n               title=\"\"\n               data-src=\"http:\/\/www.torrijos1831.com\/wp-content\/gallery\/tras-la-sombra-de-un-fantasma-representacion-de-la-persecucion-absolutista-a-salvador-manzanares-en-la-linea\/7__7_.jpg\"\n               data-thumbnail=\"http:\/\/www.torrijos1831.com\/wp-content\/gallery\/tras-la-sombra-de-un-fantasma-representacion-de-la-persecucion-absolutista-a-salvador-manzanares-en-la-linea\/thumbs\/thumbs_7__7_.jpg\"\n               data-image-id=\"462\"\n               data-title=\"7__7_\"\n               data-description=\"\"\n               data-image-slug=\"7__7_\"\n               class=\"ngg-simplelightbox\" rel=\"27ed1679187fa3be5d5a4921a7bdd9ee\">\n                <img\n                    title=\"7__7_\"\n                    alt=\"7__7_\"\n                    src=\"http:\/\/www.torrijos1831.com\/wp-content\/gallery\/tras-la-sombra-de-un-fantasma-representacion-de-la-persecucion-absolutista-a-salvador-manzanares-en-la-linea\/thumbs\/thumbs_7__7_.jpg\"\n                    width=\"240\"\n                    height=\"160\"\n                    style=\"max-width:100%;\"\n                \/>\n            <\/a>\n        <\/div>\n\t\t\t\t\t\t\t<\/div> \n\t\t\t\n\t\t\t\t<div id=\"ngg-image-5\" class=\"ngg-gallery-thumbnail-box \" >\n\t\t\t\t        <div class=\"ngg-gallery-thumbnail\">\n            <a href=\"http:\/\/www.torrijos1831.com\/wp-content\/gallery\/tras-la-sombra-de-un-fantasma-representacion-de-la-persecucion-absolutista-a-salvador-manzanares-en-la-linea\/7__8_.jpg\"\n               title=\"\"\n               data-src=\"http:\/\/www.torrijos1831.com\/wp-content\/gallery\/tras-la-sombra-de-un-fantasma-representacion-de-la-persecucion-absolutista-a-salvador-manzanares-en-la-linea\/7__8_.jpg\"\n               data-thumbnail=\"http:\/\/www.torrijos1831.com\/wp-content\/gallery\/tras-la-sombra-de-un-fantasma-representacion-de-la-persecucion-absolutista-a-salvador-manzanares-en-la-linea\/thumbs\/thumbs_7__8_.jpg\"\n               data-image-id=\"463\"\n               data-title=\"7__8_\"\n               data-description=\"\"\n               data-image-slug=\"7__8_\"\n               class=\"ngg-simplelightbox\" rel=\"27ed1679187fa3be5d5a4921a7bdd9ee\">\n                <img\n                    title=\"7__8_\"\n                    alt=\"7__8_\"\n                    src=\"http:\/\/www.torrijos1831.com\/wp-content\/gallery\/tras-la-sombra-de-un-fantasma-representacion-de-la-persecucion-absolutista-a-salvador-manzanares-en-la-linea\/thumbs\/thumbs_7__8_.jpg\"\n                    width=\"240\"\n                    height=\"160\"\n                    style=\"max-width:100%;\"\n                \/>\n            <\/a>\n        <\/div>\n\t\t\t\t\t\t\t<\/div> \n\t\t\t\n\t\t\t\t<div id=\"ngg-image-6\" class=\"ngg-gallery-thumbnail-box \" >\n\t\t\t\t        <div class=\"ngg-gallery-thumbnail\">\n            <a href=\"http:\/\/www.torrijos1831.com\/wp-content\/gallery\/tras-la-sombra-de-un-fantasma-representacion-de-la-persecucion-absolutista-a-salvador-manzanares-en-la-linea\/7__9_.jpg\"\n               title=\"\"\n               data-src=\"http:\/\/www.torrijos1831.com\/wp-content\/gallery\/tras-la-sombra-de-un-fantasma-representacion-de-la-persecucion-absolutista-a-salvador-manzanares-en-la-linea\/7__9_.jpg\"\n               data-thumbnail=\"http:\/\/www.torrijos1831.com\/wp-content\/gallery\/tras-la-sombra-de-un-fantasma-representacion-de-la-persecucion-absolutista-a-salvador-manzanares-en-la-linea\/thumbs\/thumbs_7__9_.jpg\"\n               data-image-id=\"464\"\n               data-title=\"7__9_\"\n               data-description=\"\"\n               data-image-slug=\"7__9_\"\n               class=\"ngg-simplelightbox\" rel=\"27ed1679187fa3be5d5a4921a7bdd9ee\">\n                <img\n                    title=\"7__9_\"\n                    alt=\"7__9_\"\n                    src=\"http:\/\/www.torrijos1831.com\/wp-content\/gallery\/tras-la-sombra-de-un-fantasma-representacion-de-la-persecucion-absolutista-a-salvador-manzanares-en-la-linea\/thumbs\/thumbs_7__9_.jpg\"\n                    width=\"240\"\n                    height=\"160\"\n                    style=\"max-width:100%;\"\n                \/>\n            <\/a>\n        <\/div>\n\t\t\t\t\t\t\t<\/div> \n\t\t\t\n\t\t\t\t<div id=\"ngg-image-7\" class=\"ngg-gallery-thumbnail-box \" >\n\t\t\t\t        <div class=\"ngg-gallery-thumbnail\">\n            <a href=\"http:\/\/www.torrijos1831.com\/wp-content\/gallery\/tras-la-sombra-de-un-fantasma-representacion-de-la-persecucion-absolutista-a-salvador-manzanares-en-la-linea\/7__10_.jpg\"\n               title=\"\"\n               data-src=\"http:\/\/www.torrijos1831.com\/wp-content\/gallery\/tras-la-sombra-de-un-fantasma-representacion-de-la-persecucion-absolutista-a-salvador-manzanares-en-la-linea\/7__10_.jpg\"\n               data-thumbnail=\"http:\/\/www.torrijos1831.com\/wp-content\/gallery\/tras-la-sombra-de-un-fantasma-representacion-de-la-persecucion-absolutista-a-salvador-manzanares-en-la-linea\/thumbs\/thumbs_7__10_.jpg\"\n               data-image-id=\"465\"\n               data-title=\"7__10_\"\n               data-description=\"\"\n               data-image-slug=\"7__10_\"\n               class=\"ngg-simplelightbox\" rel=\"27ed1679187fa3be5d5a4921a7bdd9ee\">\n                <img\n                    title=\"7__10_\"\n                    alt=\"7__10_\"\n                    src=\"http:\/\/www.torrijos1831.com\/wp-content\/gallery\/tras-la-sombra-de-un-fantasma-representacion-de-la-persecucion-absolutista-a-salvador-manzanares-en-la-linea\/thumbs\/thumbs_7__10_.jpg\"\n                    width=\"240\"\n                    height=\"160\"\n                    style=\"max-width:100%;\"\n                \/>\n            <\/a>\n        <\/div>\n\t\t\t\t\t\t\t<\/div> \n\t\t\t\n\t\t\t\t<div id=\"ngg-image-8\" class=\"ngg-gallery-thumbnail-box \" >\n\t\t\t\t        <div class=\"ngg-gallery-thumbnail\">\n            <a href=\"http:\/\/www.torrijos1831.com\/wp-content\/gallery\/tras-la-sombra-de-un-fantasma-representacion-de-la-persecucion-absolutista-a-salvador-manzanares-en-la-linea\/7__11_.jpg\"\n               title=\"\"\n               data-src=\"http:\/\/www.torrijos1831.com\/wp-content\/gallery\/tras-la-sombra-de-un-fantasma-representacion-de-la-persecucion-absolutista-a-salvador-manzanares-en-la-linea\/7__11_.jpg\"\n               data-thumbnail=\"http:\/\/www.torrijos1831.com\/wp-content\/gallery\/tras-la-sombra-de-un-fantasma-representacion-de-la-persecucion-absolutista-a-salvador-manzanares-en-la-linea\/thumbs\/thumbs_7__11_.jpg\"\n               data-image-id=\"466\"\n               data-title=\"7__11_\"\n               data-description=\"\"\n               data-image-slug=\"7__11_\"\n               class=\"ngg-simplelightbox\" rel=\"27ed1679187fa3be5d5a4921a7bdd9ee\">\n                <img\n                    title=\"7__11_\"\n                    alt=\"7__11_\"\n                    src=\"http:\/\/www.torrijos1831.com\/wp-content\/gallery\/tras-la-sombra-de-un-fantasma-representacion-de-la-persecucion-absolutista-a-salvador-manzanares-en-la-linea\/thumbs\/thumbs_7__11_.jpg\"\n                    width=\"240\"\n                    height=\"160\"\n                    style=\"max-width:100%;\"\n                \/>\n            <\/a>\n        <\/div>\n\t\t\t\t\t\t\t<\/div> \n\t\t\t\n\t\t\t\t<div id=\"ngg-image-9\" class=\"ngg-gallery-thumbnail-box \" >\n\t\t\t\t        <div class=\"ngg-gallery-thumbnail\">\n            <a href=\"http:\/\/www.torrijos1831.com\/wp-content\/gallery\/tras-la-sombra-de-un-fantasma-representacion-de-la-persecucion-absolutista-a-salvador-manzanares-en-la-linea\/7__12_.jpg\"\n               title=\"\"\n               data-src=\"http:\/\/www.torrijos1831.com\/wp-content\/gallery\/tras-la-sombra-de-un-fantasma-representacion-de-la-persecucion-absolutista-a-salvador-manzanares-en-la-linea\/7__12_.jpg\"\n               data-thumbnail=\"http:\/\/www.torrijos1831.com\/wp-content\/gallery\/tras-la-sombra-de-un-fantasma-representacion-de-la-persecucion-absolutista-a-salvador-manzanares-en-la-linea\/thumbs\/thumbs_7__12_.jpg\"\n               data-image-id=\"467\"\n               data-title=\"7__12_\"\n               data-description=\"\"\n               data-image-slug=\"7__12_\"\n               class=\"ngg-simplelightbox\" rel=\"27ed1679187fa3be5d5a4921a7bdd9ee\">\n                <img\n                    title=\"7__12_\"\n                    alt=\"7__12_\"\n                    src=\"http:\/\/www.torrijos1831.com\/wp-content\/gallery\/tras-la-sombra-de-un-fantasma-representacion-de-la-persecucion-absolutista-a-salvador-manzanares-en-la-linea\/thumbs\/thumbs_7__12_.jpg\"\n                    width=\"240\"\n                    height=\"160\"\n                    style=\"max-width:100%;\"\n                \/>\n            <\/a>\n        <\/div>\n\t\t\t\t\t\t\t<\/div> \n\t\t\t\n\t\t\t\t<div id=\"ngg-image-10\" class=\"ngg-gallery-thumbnail-box \" >\n\t\t\t\t        <div class=\"ngg-gallery-thumbnail\">\n            <a href=\"http:\/\/www.torrijos1831.com\/wp-content\/gallery\/tras-la-sombra-de-un-fantasma-representacion-de-la-persecucion-absolutista-a-salvador-manzanares-en-la-linea\/7__13_.jpg\"\n               title=\"\"\n               data-src=\"http:\/\/www.torrijos1831.com\/wp-content\/gallery\/tras-la-sombra-de-un-fantasma-representacion-de-la-persecucion-absolutista-a-salvador-manzanares-en-la-linea\/7__13_.jpg\"\n               data-thumbnail=\"http:\/\/www.torrijos1831.com\/wp-content\/gallery\/tras-la-sombra-de-un-fantasma-representacion-de-la-persecucion-absolutista-a-salvador-manzanares-en-la-linea\/thumbs\/thumbs_7__13_.jpg\"\n               data-image-id=\"468\"\n               data-title=\"7__13_\"\n               data-description=\"\"\n               data-image-slug=\"7__13_\"\n               class=\"ngg-simplelightbox\" rel=\"27ed1679187fa3be5d5a4921a7bdd9ee\">\n                <img\n                    title=\"7__13_\"\n                    alt=\"7__13_\"\n                    src=\"http:\/\/www.torrijos1831.com\/wp-content\/gallery\/tras-la-sombra-de-un-fantasma-representacion-de-la-persecucion-absolutista-a-salvador-manzanares-en-la-linea\/thumbs\/thumbs_7__13_.jpg\"\n                    width=\"240\"\n                    height=\"160\"\n                    style=\"max-width:100%;\"\n                \/>\n            <\/a>\n        <\/div>\n\t\t\t\t\t\t\t<\/div> \n\t\t\t\n\t\t\t\t<div id=\"ngg-image-11\" class=\"ngg-gallery-thumbnail-box \" >\n\t\t\t\t        <div class=\"ngg-gallery-thumbnail\">\n            <a href=\"http:\/\/www.torrijos1831.com\/wp-content\/gallery\/tras-la-sombra-de-un-fantasma-representacion-de-la-persecucion-absolutista-a-salvador-manzanares-en-la-linea\/7__14_.jpg\"\n               title=\"\"\n               data-src=\"http:\/\/www.torrijos1831.com\/wp-content\/gallery\/tras-la-sombra-de-un-fantasma-representacion-de-la-persecucion-absolutista-a-salvador-manzanares-en-la-linea\/7__14_.jpg\"\n               data-thumbnail=\"http:\/\/www.torrijos1831.com\/wp-content\/gallery\/tras-la-sombra-de-un-fantasma-representacion-de-la-persecucion-absolutista-a-salvador-manzanares-en-la-linea\/thumbs\/thumbs_7__14_.jpg\"\n               data-image-id=\"469\"\n               data-title=\"7__14_\"\n               data-description=\"\"\n               data-image-slug=\"7__14_\"\n               class=\"ngg-simplelightbox\" rel=\"27ed1679187fa3be5d5a4921a7bdd9ee\">\n                <img\n                    title=\"7__14_\"\n                    alt=\"7__14_\"\n                    src=\"http:\/\/www.torrijos1831.com\/wp-content\/gallery\/tras-la-sombra-de-un-fantasma-representacion-de-la-persecucion-absolutista-a-salvador-manzanares-en-la-linea\/thumbs\/thumbs_7__14_.jpg\"\n                    width=\"240\"\n                    height=\"160\"\n                    style=\"max-width:100%;\"\n                \/>\n            <\/a>\n        <\/div>\n\t\t\t\t\t\t\t<\/div> \n\t\t\t\n\t\t\t\t<div id=\"ngg-image-12\" class=\"ngg-gallery-thumbnail-box \" >\n\t\t\t\t        <div class=\"ngg-gallery-thumbnail\">\n            <a href=\"http:\/\/www.torrijos1831.com\/wp-content\/gallery\/tras-la-sombra-de-un-fantasma-representacion-de-la-persecucion-absolutista-a-salvador-manzanares-en-la-linea\/7__15_.jpg\"\n               title=\"\"\n               data-src=\"http:\/\/www.torrijos1831.com\/wp-content\/gallery\/tras-la-sombra-de-un-fantasma-representacion-de-la-persecucion-absolutista-a-salvador-manzanares-en-la-linea\/7__15_.jpg\"\n               data-thumbnail=\"http:\/\/www.torrijos1831.com\/wp-content\/gallery\/tras-la-sombra-de-un-fantasma-representacion-de-la-persecucion-absolutista-a-salvador-manzanares-en-la-linea\/thumbs\/thumbs_7__15_.jpg\"\n               data-image-id=\"470\"\n               data-title=\"7__15_\"\n               data-description=\"\"\n               data-image-slug=\"7__15_\"\n               class=\"ngg-simplelightbox\" rel=\"27ed1679187fa3be5d5a4921a7bdd9ee\">\n                <img\n                    title=\"7__15_\"\n                    alt=\"7__15_\"\n                    src=\"http:\/\/www.torrijos1831.com\/wp-content\/gallery\/tras-la-sombra-de-un-fantasma-representacion-de-la-persecucion-absolutista-a-salvador-manzanares-en-la-linea\/thumbs\/thumbs_7__15_.jpg\"\n                    width=\"240\"\n                    height=\"160\"\n                    style=\"max-width:100%;\"\n                \/>\n            <\/a>\n        <\/div>\n\t\t\t\t\t\t\t<\/div> \n\t\t\t\n\t\t\t\t<div id=\"ngg-image-13\" class=\"ngg-gallery-thumbnail-box \" >\n\t\t\t\t        <div class=\"ngg-gallery-thumbnail\">\n            <a href=\"http:\/\/www.torrijos1831.com\/wp-content\/gallery\/tras-la-sombra-de-un-fantasma-representacion-de-la-persecucion-absolutista-a-salvador-manzanares-en-la-linea\/7__16_.jpg\"\n               title=\"\"\n               data-src=\"http:\/\/www.torrijos1831.com\/wp-content\/gallery\/tras-la-sombra-de-un-fantasma-representacion-de-la-persecucion-absolutista-a-salvador-manzanares-en-la-linea\/7__16_.jpg\"\n               data-thumbnail=\"http:\/\/www.torrijos1831.com\/wp-content\/gallery\/tras-la-sombra-de-un-fantasma-representacion-de-la-persecucion-absolutista-a-salvador-manzanares-en-la-linea\/thumbs\/thumbs_7__16_.jpg\"\n               data-image-id=\"471\"\n               data-title=\"7__16_\"\n               data-description=\"\"\n               data-image-slug=\"7__16_\"\n               class=\"ngg-simplelightbox\" rel=\"27ed1679187fa3be5d5a4921a7bdd9ee\">\n                <img\n                    title=\"7__16_\"\n                    alt=\"7__16_\"\n                    src=\"http:\/\/www.torrijos1831.com\/wp-content\/gallery\/tras-la-sombra-de-un-fantasma-representacion-de-la-persecucion-absolutista-a-salvador-manzanares-en-la-linea\/thumbs\/thumbs_7__16_.jpg\"\n                    width=\"240\"\n                    height=\"160\"\n                    style=\"max-width:100%;\"\n                \/>\n            <\/a>\n        <\/div>\n\t\t\t\t\t\t\t<\/div> \n\t\t\t\n\t\t\t\t<div id=\"ngg-image-14\" class=\"ngg-gallery-thumbnail-box \" >\n\t\t\t\t        <div class=\"ngg-gallery-thumbnail\">\n            <a href=\"http:\/\/www.torrijos1831.com\/wp-content\/gallery\/tras-la-sombra-de-un-fantasma-representacion-de-la-persecucion-absolutista-a-salvador-manzanares-en-la-linea\/7__17_.jpg\"\n               title=\"\"\n               data-src=\"http:\/\/www.torrijos1831.com\/wp-content\/gallery\/tras-la-sombra-de-un-fantasma-representacion-de-la-persecucion-absolutista-a-salvador-manzanares-en-la-linea\/7__17_.jpg\"\n               data-thumbnail=\"http:\/\/www.torrijos1831.com\/wp-content\/gallery\/tras-la-sombra-de-un-fantasma-representacion-de-la-persecucion-absolutista-a-salvador-manzanares-en-la-linea\/thumbs\/thumbs_7__17_.jpg\"\n               data-image-id=\"472\"\n               data-title=\"7__17_\"\n               data-description=\"\"\n               data-image-slug=\"7__17_\"\n               class=\"ngg-simplelightbox\" rel=\"27ed1679187fa3be5d5a4921a7bdd9ee\">\n                <img\n                    title=\"7__17_\"\n                    alt=\"7__17_\"\n                    src=\"http:\/\/www.torrijos1831.com\/wp-content\/gallery\/tras-la-sombra-de-un-fantasma-representacion-de-la-persecucion-absolutista-a-salvador-manzanares-en-la-linea\/thumbs\/thumbs_7__17_.jpg\"\n                    width=\"240\"\n                    height=\"160\"\n                    style=\"max-width:100%;\"\n                \/>\n            <\/a>\n        <\/div>\n\t\t\t\t\t\t\t<\/div> \n\t\t\t\n\t\t\t\t<div id=\"ngg-image-15\" class=\"ngg-gallery-thumbnail-box \" >\n\t\t\t\t        <div class=\"ngg-gallery-thumbnail\">\n            <a href=\"http:\/\/www.torrijos1831.com\/wp-content\/gallery\/tras-la-sombra-de-un-fantasma-representacion-de-la-persecucion-absolutista-a-salvador-manzanares-en-la-linea\/7__18_.jpg\"\n               title=\"\"\n               data-src=\"http:\/\/www.torrijos1831.com\/wp-content\/gallery\/tras-la-sombra-de-un-fantasma-representacion-de-la-persecucion-absolutista-a-salvador-manzanares-en-la-linea\/7__18_.jpg\"\n               data-thumbnail=\"http:\/\/www.torrijos1831.com\/wp-content\/gallery\/tras-la-sombra-de-un-fantasma-representacion-de-la-persecucion-absolutista-a-salvador-manzanares-en-la-linea\/thumbs\/thumbs_7__18_.jpg\"\n               data-image-id=\"473\"\n               data-title=\"7__18_\"\n               data-description=\"\"\n               data-image-slug=\"7__18_\"\n               class=\"ngg-simplelightbox\" rel=\"27ed1679187fa3be5d5a4921a7bdd9ee\">\n                <img\n                    title=\"7__18_\"\n                    alt=\"7__18_\"\n                    src=\"http:\/\/www.torrijos1831.com\/wp-content\/gallery\/tras-la-sombra-de-un-fantasma-representacion-de-la-persecucion-absolutista-a-salvador-manzanares-en-la-linea\/thumbs\/thumbs_7__18_.jpg\"\n                    width=\"240\"\n                    height=\"160\"\n                    style=\"max-width:100%;\"\n                \/>\n            <\/a>\n        <\/div>\n\t\t\t\t\t\t\t<\/div> \n\t\t\t\n\t\n\t<br style=\"clear: both\" \/>\n\n\t\n\t\t<!-- Pagination -->\n\t<div class='ngg-clear'><\/div>\t<\/div>\n\n","protected":false},"excerpt":{"rendered":"<p>Asociaci\u00f3n Torrijos 1831.- Entre enero y febrero de 1831, la polic\u00eda absolutista de Fernando VII persigui\u00f3 sin \u00e9xito en el Campo de Gibraltar al coronel Salvador Manzanares, para capturarle. El bravo compa\u00f1ero de Torrijosse mostr\u00f3 como una sombra escurridiza a la que no hab\u00eda forma de cazar, pese a moverse por un territorio tan limitado&#8230;<\/p>\n","protected":false},"author":1,"featured_media":1456,"comment_status":"closed","ping_status":"closed","sticky":false,"template":"","format":"standard","meta":[],"categories":[22],"tags":[],"_links":{"self":[{"href":"http:\/\/www.torrijos1831.com\/index.php?rest_route=\/wp\/v2\/posts\/1376"}],"collection":[{"href":"http:\/\/www.torrijos1831.com\/index.php?rest_route=\/wp\/v2\/posts"}],"about":[{"href":"http:\/\/www.torrijos1831.com\/index.php?rest_route=\/wp\/v2\/types\/post"}],"author":[{"embeddable":true,"href":"http:\/\/www.torrijos1831.com\/index.php?rest_route=\/wp\/v2\/users\/1"}],"replies":[{"embeddable":true,"href":"http:\/\/www.torrijos1831.com\/index.php?rest_route=%2Fwp%2Fv2%2Fcomments&post=1376"}],"version-history":[{"count":3,"href":"http:\/\/www.torrijos1831.com\/index.php?rest_route=\/wp\/v2\/posts\/1376\/revisions"}],"predecessor-version":[{"id":1426,"href":"http:\/\/www.torrijos1831.com\/index.php?rest_route=\/wp\/v2\/posts\/1376\/revisions\/1426"}],"wp:featuredmedia":[{"embeddable":true,"href":"http:\/\/www.torrijos1831.com\/index.php?rest_route=\/wp\/v2\/media\/1456"}],"wp:attachment":[{"href":"http:\/\/www.torrijos1831.com\/index.php?rest_route=%2Fwp%2Fv2%2Fmedia&parent=1376"}],"wp:term":[{"taxonomy":"category","embeddable":true,"href":"http:\/\/www.torrijos1831.com\/index.php?rest_route=%2Fwp%2Fv2%2Fcategories&post=1376"},{"taxonomy":"post_tag","embeddable":true,"href":"http:\/\/www.torrijos1831.com\/index.php?rest_route=%2Fwp%2Fv2%2Ftags&post=1376"}],"curies":[{"name":"wp","href":"https:\/\/api.w.org\/{rel}","templated":true}]}}