{"id":2531,"date":"2020-02-22T19:21:00","date_gmt":"2020-02-22T19:21:00","guid":{"rendered":"http:\/\/www.torrijos1831.com\/?p=2531"},"modified":"2020-03-05T19:34:04","modified_gmt":"2020-03-05T19:34:04","slug":"varios-colectivos-integrados-en-terrazas-malaga-visitan-el-centro-de-interpretacion-historico-jose-maria-torrijos","status":"publish","type":"post","link":"http:\/\/www.torrijos1831.com\/?p=2531","title":{"rendered":"Varios colectivos integrados en Terrazas M\u00e1laga, visitan el Centro de Interpretaci\u00f3n Hist\u00f3rico Jos\u00e9 Mar\u00eda Torrijos"},"content":{"rendered":"<p><span style=\"color: #000000;\"><strong>Asociaci\u00f3n Torrijos 1831.- Tal como estaba previsto, hace unos d\u00edas visitaron el Centro de Interpretaci\u00f3n Hist\u00f3rico Jos\u00e9 Mar\u00eda Torrijos varios colectivos integrados en las actividades de Terrazas M\u00e1laga, conformados en su conjunto por un totalde sesenta personas. Para ellos fue una novedad lo que pudieron ver y escuchar en el Centro de Interpretaci\u00f3n que alberga el patrimonio m\u00e1s importante sobre Torrijos en nuestro pa\u00eds, bajo la b\u00f3veda y muro del antiguo Refectorio de los carmelitas descalzosdel Convento de San Andr\u00e9s. Deseamos resaltar las preguntas que hicieron ante lo que fueron descubriendo a lo largo de toda la exposici\u00f3n y el gran inter\u00e9s mostrado por el personaje de Torrijos y sus compa\u00f1eros de infortunio. Desde esta p\u00e1gina nuestro agradecimientoa estas mujeres y hombres, por su inter\u00e9s en todo lo acontecido en la provincia de M\u00e1laga en aquel lejano mes de diciembre del a\u00f1o 1831.<\/strong><\/span><br \/><span style=\"color: #000000;\"><strong>Datos de la Asociaci\u00f3n Hist\u00f3rico Cultural Torrijos 1831.<\/strong><\/span><\/p>\n<p><span style=\"color: #000000;\"><strong>Tipo de Asociaci\u00f3n: cultural, dedicada a la investigaci\u00f3n hist\u00f3rica, y recreadora en sus actuaciones en p\u00fablico para presentar los hechos que representa. Inscrita en el Registro de Asociaciones de la Junta de Andaluc\u00eda, inici\u00f3 su periodo constituyente en ela\u00f1o 2002, siendo legalizada en 2003. Fue un proyecto original desde el principio, en su dedicaci\u00f3n y fines, pues en Espa\u00f1a no se hab\u00eda creado anteriormente una Asociaci\u00f3n sobre el personaje hist\u00f3rico de Jos\u00e9 Mar\u00eda Torrijos y Uriarte, h\u00e9roe de la Guerra deIndependencia y defensor de las libertades y derechos constitucionales frente al poder absoluto del reinado de Fernando VII. Como colectivo de recreaciones hist\u00f3ricas es el m\u00e1s antiguo de las dedicados al siglo XIX, en Andaluc\u00eda. En cuanto a las representacionesrelativas a la Guerra de la Independencia en las que participa la Asociaci\u00f3n, la recreaci\u00f3n insignia, creada en 2007, es el \u00abRegimiento de Infanter\u00eda de M\u00e1laga\u00bb, unidad titular de M\u00e1laga, cuyo historial hered\u00f3 el Regimiento Melilla 52\u00ba. El colectivo muestrasu patrimonio hist\u00f3rico en la casa museo de la barriada de Torrealquer\u00eda, en Alhaur\u00edn de la Torre, y en el Centro de Interpretaci\u00f3n Hist\u00f3rico Jos\u00e9 Mar\u00eda Torrijos, sito en la Plaza de la Libertad, entre la parte posterior del Mercado de El Perchel y calle Eslava.<\/strong><\/span><\/p>\n<p><span style=\"color: #000000;\"><strong>Para entrar en su historial y actividades: P\u00e1gina web: www.torrijos1831.es y Correo de Contacto: contacto@torrijos1831.es . Tel\u00e9fono 952234039.<\/strong><\/span><\/p>\n<p><span style=\"color: #000000;\"><strong>Para espec\u00edficas de la Guerra de la Independencia: regimientodeinfanteriademalaga.blogspot.com<\/strong><\/span><\/p>\n<p><span style=\"color: #000000;\"><strong>Fotos: Santiago Sastre.<\/strong><\/span><\/p>\n\n\n<figure class=\"wp-block-gallery columns-3 is-cropped\"><ul class=\"blocks-gallery-grid\"><li class=\"blocks-gallery-item\"><figure><img loading=\"lazy\" width=\"800\" height=\"598\" src=\"http:\/\/www.torrijos1831.com\/wp-content\/uploads\/2020\/03\/384__10_.jpg\" alt=\"\" data-id=\"2532\" data-full-url=\"http:\/\/www.torrijos1831.com\/wp-content\/uploads\/2020\/03\/384__10_.jpg\" data-link=\"http:\/\/www.torrijos1831.com\/?attachment_id=2532\" class=\"wp-image-2532\" srcset=\"http:\/\/www.torrijos1831.com\/wp-content\/uploads\/2020\/03\/384__10_.jpg 800w, http:\/\/www.torrijos1831.com\/wp-content\/uploads\/2020\/03\/384__10_-300x224.jpg 300w, http:\/\/www.torrijos1831.com\/wp-content\/uploads\/2020\/03\/384__10_-768x574.jpg 768w\" sizes=\"(max-width: 800px) 100vw, 800px\" \/><\/figure><\/li><li class=\"blocks-gallery-item\"><figure><img loading=\"lazy\" width=\"800\" height=\"605\" src=\"http:\/\/www.torrijos1831.com\/wp-content\/uploads\/2020\/03\/384__11_.jpg\" alt=\"\" data-id=\"2533\" data-full-url=\"http:\/\/www.torrijos1831.com\/wp-content\/uploads\/2020\/03\/384__11_.jpg\" data-link=\"http:\/\/www.torrijos1831.com\/?attachment_id=2533\" class=\"wp-image-2533\" srcset=\"http:\/\/www.torrijos1831.com\/wp-content\/uploads\/2020\/03\/384__11_.jpg 800w, http:\/\/www.torrijos1831.com\/wp-content\/uploads\/2020\/03\/384__11_-300x227.jpg 300w, http:\/\/www.torrijos1831.com\/wp-content\/uploads\/2020\/03\/384__11_-768x581.jpg 768w\" sizes=\"(max-width: 800px) 100vw, 800px\" \/><\/figure><\/li><li class=\"blocks-gallery-item\"><figure><img loading=\"lazy\" width=\"800\" height=\"599\" src=\"http:\/\/www.torrijos1831.com\/wp-content\/uploads\/2020\/03\/384__12_.jpg\" alt=\"\" data-id=\"2534\" data-full-url=\"http:\/\/www.torrijos1831.com\/wp-content\/uploads\/2020\/03\/384__12_.jpg\" data-link=\"http:\/\/www.torrijos1831.com\/?attachment_id=2534\" class=\"wp-image-2534\" srcset=\"http:\/\/www.torrijos1831.com\/wp-content\/uploads\/2020\/03\/384__12_.jpg 800w, http:\/\/www.torrijos1831.com\/wp-content\/uploads\/2020\/03\/384__12_-300x225.jpg 300w, http:\/\/www.torrijos1831.com\/wp-content\/uploads\/2020\/03\/384__12_-768x575.jpg 768w\" sizes=\"(max-width: 800px) 100vw, 800px\" \/><\/figure><\/li><li class=\"blocks-gallery-item\"><figure><img loading=\"lazy\" width=\"800\" height=\"559\" src=\"http:\/\/www.torrijos1831.com\/wp-content\/uploads\/2020\/03\/384__13_.jpg\" alt=\"\" data-id=\"2535\" data-full-url=\"http:\/\/www.torrijos1831.com\/wp-content\/uploads\/2020\/03\/384__13_.jpg\" data-link=\"http:\/\/www.torrijos1831.com\/?attachment_id=2535\" class=\"wp-image-2535\" srcset=\"http:\/\/www.torrijos1831.com\/wp-content\/uploads\/2020\/03\/384__13_.jpg 800w, http:\/\/www.torrijos1831.com\/wp-content\/uploads\/2020\/03\/384__13_-300x210.jpg 300w, http:\/\/www.torrijos1831.com\/wp-content\/uploads\/2020\/03\/384__13_-768x537.jpg 768w, http:\/\/www.torrijos1831.com\/wp-content\/uploads\/2020\/03\/384__13_-320x224.jpg 320w\" sizes=\"(max-width: 800px) 100vw, 800px\" \/><\/figure><\/li><li class=\"blocks-gallery-item\"><figure><img loading=\"lazy\" width=\"800\" height=\"600\" src=\"http:\/\/www.torrijos1831.com\/wp-content\/uploads\/2020\/03\/384__14_.jpg\" alt=\"\" data-id=\"2536\" data-full-url=\"http:\/\/www.torrijos1831.com\/wp-content\/uploads\/2020\/03\/384__14_.jpg\" data-link=\"http:\/\/www.torrijos1831.com\/?attachment_id=2536\" class=\"wp-image-2536\" srcset=\"http:\/\/www.torrijos1831.com\/wp-content\/uploads\/2020\/03\/384__14_.jpg 800w, http:\/\/www.torrijos1831.com\/wp-content\/uploads\/2020\/03\/384__14_-300x225.jpg 300w, http:\/\/www.torrijos1831.com\/wp-content\/uploads\/2020\/03\/384__14_-768x576.jpg 768w\" sizes=\"(max-width: 800px) 100vw, 800px\" \/><\/figure><\/li><\/ul><\/figure>\n","protected":false},"excerpt":{"rendered":"<p>Asociaci\u00f3n Torrijos 1831.- Tal como estaba previsto, hace unos d\u00edas visitaron el Centro de Interpretaci\u00f3n Hist\u00f3rico Jos\u00e9 Mar\u00eda Torrijos varios colectivos integrados en las actividades de Terrazas M\u00e1laga, conformados en su conjunto por un totalde sesenta personas. Para ellos fue una novedad lo que pudieron ver y escuchar en el Centro de Interpretaci\u00f3n que alberga&#8230;<\/p>\n","protected":false},"author":1,"featured_media":2534,"comment_status":"closed","ping_status":"closed","sticky":false,"template":"","format":"standard","meta":[],"categories":[28],"tags":[],"_links":{"self":[{"href":"http:\/\/www.torrijos1831.com\/index.php?rest_route=\/wp\/v2\/posts\/2531"}],"collection":[{"href":"http:\/\/www.torrijos1831.com\/index.php?rest_route=\/wp\/v2\/posts"}],"about":[{"href":"http:\/\/www.torrijos1831.com\/index.php?rest_route=\/wp\/v2\/types\/post"}],"author":[{"embeddable":true,"href":"http:\/\/www.torrijos1831.com\/index.php?rest_route=\/wp\/v2\/users\/1"}],"replies":[{"embeddable":true,"href":"http:\/\/www.torrijos1831.com\/index.php?rest_route=%2Fwp%2Fv2%2Fcomments&post=2531"}],"version-history":[{"count":1,"href":"http:\/\/www.torrijos1831.com\/index.php?rest_route=\/wp\/v2\/posts\/2531\/revisions"}],"predecessor-version":[{"id":2539,"href":"http:\/\/www.torrijos1831.com\/index.php?rest_route=\/wp\/v2\/posts\/2531\/revisions\/2539"}],"wp:featuredmedia":[{"embeddable":true,"href":"http:\/\/www.torrijos1831.com\/index.php?rest_route=\/wp\/v2\/media\/2534"}],"wp:attachment":[{"href":"http:\/\/www.torrijos1831.com\/index.php?rest_route=%2Fwp%2Fv2%2Fmedia&parent=2531"}],"wp:term":[{"taxonomy":"category","embeddable":true,"href":"http:\/\/www.torrijos1831.com\/index.php?rest_route=%2Fwp%2Fv2%2Fcategories&post=2531"},{"taxonomy":"post_tag","embeddable":true,"href":"http:\/\/www.torrijos1831.com\/index.php?rest_route=%2Fwp%2Fv2%2Ftags&post=2531"}],"curies":[{"name":"wp","href":"https:\/\/api.w.org\/{rel}","templated":true}]}}