{"id":3131,"date":"2021-12-06T18:28:33","date_gmt":"2021-12-06T18:28:33","guid":{"rendered":"http:\/\/www.torrijos1831.com\/?p=3131"},"modified":"2021-12-08T19:49:40","modified_gmt":"2021-12-08T19:49:40","slug":"xix-recuerdo-homenaje-al-desembarco-de-torrijos-y-sus-liberales-en-la-playa-de-el-charcon-situada-en-el-litoral-mijeno","status":"publish","type":"post","link":"http:\/\/www.torrijos1831.com\/?p=3131","title":{"rendered":"XIX recuerdo-homenaje al desembarco de Torrijos y sus liberales en la playa de \u201cEl Charc\u00f3n\u201d, situada en el litoral mije\u00f1o."},"content":{"rendered":"<p><span style=\"color: #800000;\"><strong>Asociaci\u00f3n Torrijos 1831<\/strong><\/span><\/p>\n<p><span style=\"color: #800000;\"><strong>04.12.21<\/strong><\/span><\/p>\n<p style=\"text-align: justify;\"><span style=\"color: #000000;\"><strong>El s\u00e1bado d\u00eda 4 de diciembre de 2021, integrantes de la Asociaci\u00f3n Hist\u00f3rico Cultural Torrijos 1831, vestidos a la usanza de aquel hist\u00f3rico a\u00f1o, han llevado a cabo un recuerdo-homenaje al desembarco de Torrijos y sus liberales en el litoral mije\u00f1o, en referencia al realizado por los expedicionarios de Gibraltar, a primera hora de la tarde del 2 de diciembre de 1831, en la playa hist\u00f3rica de El Charc\u00f3n. Por las circunstancias y medidas obligadas por la pandemia, ha sido una delegaci\u00f3n del citado colectivo la que lo ha llevado a cabo en esta ocasi\u00f3n. Consisti\u00f3 en una ofrenda floral en el monolito que, en la playa, lindando con la conocida charca que se mantiene en el tiempo, conmemora la gesta, a lo que sigui\u00f3 unas palabras del presidente de la Asociaci\u00f3n, que fueron respondidas por entusiastas \u00a1Vivas\u2026! de los componentes del colectivo, que portaban las tres banderas de las localidades vinculadas con el periplo protagonizado por Torrijos y sus compa\u00f1eros en diciembre de 1831, en la provincia de M\u00e1laga, nos referimos a Mijas, Alhaur\u00edn de la Torre y M\u00e1laga capital. Varios fot\u00f3grafos y la c\u00e1mara de televisi\u00f3n de la 3-40, grabaron y entrevistaron a los protagonistas del desembarco. Con este acto en la playa de El Charc\u00f3n se han iniciado los correspondientes a las XX Jornadas de homenaje a Torrijos y la Constituci\u00f3n.<\/strong><\/span><\/p>\n<p style=\"text-align: justify;\"><span style=\"color: #800000;\"><strong>El hito que se\u00f1ala el desembarco.<\/strong><\/span><\/p>\n<p style=\"text-align: justify;\"><span style=\"color: #000000;\"><strong>Desde hace unos a\u00f1os, y a petici\u00f3n de la Asociaci\u00f3n Torrijos 1831, el Ayuntamiento de Mijas coloc\u00f3 un hito que se\u00f1ala el suceso acaecido en la playa de \u201cEl Charc\u00f3n\u201d d\u00eda 2 de diciembre de 1831. Un logro m\u00e1s, en los fines recogidos en nuestros estatutos, en 2002, siempre en un caminar altruista, de dedicaci\u00f3n y labor cultural.<\/strong><\/span><\/p>\n\n\n<figure class=\"wp-block-image size-large\"><img loading=\"lazy\" width=\"894\" height=\"743\" src=\"http:\/\/www.torrijos1831.com\/wp-content\/uploads\/2021\/12\/14-103600.jpg\" alt=\"\" class=\"wp-image-3132\" srcset=\"http:\/\/www.torrijos1831.com\/wp-content\/uploads\/2021\/12\/14-103600.jpg 894w, http:\/\/www.torrijos1831.com\/wp-content\/uploads\/2021\/12\/14-103600-300x249.jpg 300w, http:\/\/www.torrijos1831.com\/wp-content\/uploads\/2021\/12\/14-103600-768x638.jpg 768w\" sizes=\"(max-width: 894px) 100vw, 894px\" \/><\/figure>\n\n\n\n<figure class=\"wp-block-image size-large\"><img loading=\"lazy\" width=\"791\" height=\"853\" src=\"http:\/\/www.torrijos1831.com\/wp-content\/uploads\/2021\/12\/14-113601.jpg\" alt=\"\" class=\"wp-image-3133\" srcset=\"http:\/\/www.torrijos1831.com\/wp-content\/uploads\/2021\/12\/14-113601.jpg 791w, http:\/\/www.torrijos1831.com\/wp-content\/uploads\/2021\/12\/14-113601-278x300.jpg 278w, http:\/\/www.torrijos1831.com\/wp-content\/uploads\/2021\/12\/14-113601-768x828.jpg 768w\" sizes=\"(max-width: 791px) 100vw, 791px\" \/><\/figure>\n\n\n\n<figure class=\"wp-block-image size-large\"><img loading=\"lazy\" width=\"1024\" height=\"682\" src=\"http:\/\/www.torrijos1831.com\/wp-content\/uploads\/2021\/12\/14-123602-1024x682.jpg\" alt=\"\" class=\"wp-image-3134\" srcset=\"http:\/\/www.torrijos1831.com\/wp-content\/uploads\/2021\/12\/14-123602-1024x682.jpg 1024w, http:\/\/www.torrijos1831.com\/wp-content\/uploads\/2021\/12\/14-123602-300x200.jpg 300w, http:\/\/www.torrijos1831.com\/wp-content\/uploads\/2021\/12\/14-123602-768x512.jpg 768w, http:\/\/www.torrijos1831.com\/wp-content\/uploads\/2021\/12\/14-123602.jpg 1280w\" sizes=\"(max-width: 1024px) 100vw, 1024px\" \/><\/figure>\n\n\n\n<figure class=\"wp-block-image size-large\"><img loading=\"lazy\" width=\"724\" height=\"1024\" src=\"http:\/\/www.torrijos1831.com\/wp-content\/uploads\/2021\/12\/14-143604-724x1024.jpg\" alt=\"\" class=\"wp-image-3135\" srcset=\"http:\/\/www.torrijos1831.com\/wp-content\/uploads\/2021\/12\/14-143604-724x1024.jpg 724w, http:\/\/www.torrijos1831.com\/wp-content\/uploads\/2021\/12\/14-143604-212x300.jpg 212w, http:\/\/www.torrijos1831.com\/wp-content\/uploads\/2021\/12\/14-143604-768x1087.jpg 768w, http:\/\/www.torrijos1831.com\/wp-content\/uploads\/2021\/12\/14-143604.jpg 841w\" sizes=\"(max-width: 724px) 100vw, 724px\" \/><\/figure>\n\n\n\n<figure class=\"wp-block-image size-large\"><img loading=\"lazy\" width=\"682\" height=\"1024\" src=\"http:\/\/www.torrijos1831.com\/wp-content\/uploads\/2021\/12\/14-133603-682x1024.jpg\" alt=\"\" class=\"wp-image-3136\" srcset=\"http:\/\/www.torrijos1831.com\/wp-content\/uploads\/2021\/12\/14-133603-682x1024.jpg 682w, http:\/\/www.torrijos1831.com\/wp-content\/uploads\/2021\/12\/14-133603-200x300.jpg 200w, http:\/\/www.torrijos1831.com\/wp-content\/uploads\/2021\/12\/14-133603.jpg 689w\" sizes=\"(max-width: 682px) 100vw, 682px\" \/><\/figure>\n","protected":false},"excerpt":{"rendered":"<p>Asociaci\u00f3n Torrijos 1831 04.12.21 El s\u00e1bado d\u00eda 4 de diciembre de 2021, integrantes de la Asociaci\u00f3n Hist\u00f3rico Cultural Torrijos 1831, vestidos a la usanza de aquel hist\u00f3rico a\u00f1o, han llevado a cabo un recuerdo-homenaje al desembarco de Torrijos y sus liberales en el litoral mije\u00f1o, en referencia al realizado por los expedicionarios de Gibraltar, a&#8230;<\/p>\n","protected":false},"author":1,"featured_media":3132,"comment_status":"closed","ping_status":"closed","sticky":false,"template":"","format":"standard","meta":[],"categories":[147,182],"tags":[],"_links":{"self":[{"href":"http:\/\/www.torrijos1831.com\/index.php?rest_route=\/wp\/v2\/posts\/3131"}],"collection":[{"href":"http:\/\/www.torrijos1831.com\/index.php?rest_route=\/wp\/v2\/posts"}],"about":[{"href":"http:\/\/www.torrijos1831.com\/index.php?rest_route=\/wp\/v2\/types\/post"}],"author":[{"embeddable":true,"href":"http:\/\/www.torrijos1831.com\/index.php?rest_route=\/wp\/v2\/users\/1"}],"replies":[{"embeddable":true,"href":"http:\/\/www.torrijos1831.com\/index.php?rest_route=%2Fwp%2Fv2%2Fcomments&post=3131"}],"version-history":[{"count":2,"href":"http:\/\/www.torrijos1831.com\/index.php?rest_route=\/wp\/v2\/posts\/3131\/revisions"}],"predecessor-version":[{"id":3197,"href":"http:\/\/www.torrijos1831.com\/index.php?rest_route=\/wp\/v2\/posts\/3131\/revisions\/3197"}],"wp:featuredmedia":[{"embeddable":true,"href":"http:\/\/www.torrijos1831.com\/index.php?rest_route=\/wp\/v2\/media\/3132"}],"wp:attachment":[{"href":"http:\/\/www.torrijos1831.com\/index.php?rest_route=%2Fwp%2Fv2%2Fmedia&parent=3131"}],"wp:term":[{"taxonomy":"category","embeddable":true,"href":"http:\/\/www.torrijos1831.com\/index.php?rest_route=%2Fwp%2Fv2%2Fcategories&post=3131"},{"taxonomy":"post_tag","embeddable":true,"href":"http:\/\/www.torrijos1831.com\/index.php?rest_route=%2Fwp%2Fv2%2Ftags&post=3131"}],"curies":[{"name":"wp","href":"https:\/\/api.w.org\/{rel}","templated":true}]}}