{"id":3439,"date":"2022-06-06T17:43:58","date_gmt":"2022-06-06T17:43:58","guid":{"rendered":"http:\/\/www.torrijos1831.com\/?p=3439"},"modified":"2022-06-06T17:44:27","modified_gmt":"2022-06-06T17:44:27","slug":"homenaje-en-la-plaza-de-la-marianita-a-la-heroina-liberal-en-su-ciudad-de-granada","status":"publish","type":"post","link":"http:\/\/www.torrijos1831.com\/?p=3439","title":{"rendered":"Homenaje en la Plaza de la Marianita a la hero\u00edna liberal, en su ciudad de Granada."},"content":{"rendered":"<p style=\"text-align: justify;\"><strong><span style=\"color: #993300;\">Asociaci\u00f3n Torrijos 1831. 26.05.22<\/span><\/strong><\/p>\n<p style=\"text-align: justify;\"><strong><span style=\"color: #000000;\">El pasado 26 de mayo, en Granada, tras el desfile en honor a Mariana de Pineda, se llev\u00f3 a cabo por el Ayuntamiento y otras instituciones, la tradicional ofrenda floral en memoria de la hero\u00edna liberal. Tras la misma, nuestra vicepresidenta Alicia Gallego interpret\u00f3 magn\u00edficamente a Mariana Pineda, en el momento de subir al cadalso que, en mayo de 1831, fue levantado en el Campo del Triunfo, logrando emocionar a las personas que se api\u00f1aban en la plaza, especialmente aquellas que, hist\u00f3ricamente, dan el valor que corresponde a la figura de Mariana de Pineda, que muri\u00f3 por defender las libertades y derechos de unos espa\u00f1oles sujetos a ser s\u00fabditos en el degradante y corrompido gobierno del monarca Fernando VII. A trav\u00e9s de la feliz interpretaci\u00f3n y las palabras descarnadas, sali\u00f3 todo el da\u00f1o hecho contra Mariana por sicarios del alcalde del Crimen, Ram\u00f3n Pedrosa, y c\u00f3mo en un estado carente de derechos fue condenada a una muerte terrible y en p\u00fablico, para que sirviera de escarmiento (qu\u00e9 buen resultado ha dado siempre escarmentar a unos pocos para crear el miedo a muchos). M\u00e1s datos para los lectores que habitualmente nos siguen, a continuaci\u00f3n.<\/span><\/strong><\/p>\n<p style=\"text-align: justify;\"><strong><span style=\"color: #993300;\">Una ejecuci\u00f3n que produjo sonrojo en Europa.<\/span><\/strong><\/p>\n<p style=\"text-align: justify;\"><strong><span style=\"color: #000000;\">Fueron varias las noticias derivadas de aquel hecho que produjeron el sonrojo en diferentes canciller\u00edas europeas, por la forma y fin que tuvo el proceso de Mariana de Pineda, por parte del r\u00e9gimen retr\u00f3grado y desp\u00f3tico de Fernando VII. Entre las que partieron de Espa\u00f1a, destacamos la del ilustre escritor ingl\u00e9s Richard Ford, que pasaba una temporada en Granada, alojado en una de las habitaciones de la Alhambra. Ford escribi\u00f3 as\u00ed a su amigo el ministro Addington: \u201cHan dado muerte en garrote a una hermosa viuda, relacionada con las mejores familias, por el hecho tan s\u00f3lo de haberle encontrado en posesi\u00f3n de una bandera constitucional, con un lema medio bordado. Se neg\u00f3 hablar de s\u00ed y de sus c\u00f3mplices. El asunto se envi\u00f3 a Madrid y volvi\u00f3 de nuevo, para horror y sorpresa de todos, con la orden de ejecuci\u00f3n. \u00a1Una mujer ejecutada por tal delito en el a\u00f1o 1831! Decididamente, estas cosas se llevan en Espa\u00f1a de modo diferente\u201d.<\/span><\/strong><\/p>\n<p style=\"text-align: justify;\"><strong><span style=\"color: #993300;\">Una excelente interpretaci\u00f3n.<\/span><\/strong><\/p>\n<p style=\"text-align: justify;\"><strong><span style=\"color: #000000;\">Alicia Gallego ha sabido meterse totalmente en la piel de Mariana de Pineda, con textos suyos e interpretaci\u00f3n propia, logrando llevar el drama vivido por la hero\u00edna granadina a cuantos contemplan sus actuaciones. El primero en felicitarla fue el alcalde de Granada, Francisco Cuenca, que durante un buen rato habl\u00f3 con Alicia expres\u00e1ndole su reconocimiento. Felicidades Alicia por haber sabido recuperar a Mariana de forma tan cuidada y veros\u00edmil. Nuestras felicidades tambi\u00e9n para todos nuestros compa\u00f1eros presentes en Granada. A las mujeres abanderadas, a las que portaban a la bandera de Mariana de Pineda, a los integrantes de las tropas, a los hombres y mujeres liberales de la columna, etc.<\/span><\/strong><\/p>\n<p style=\"text-align: justify;\"><strong><span style=\"color: #993300;\">Datos de la Asociaci\u00f3n Hist\u00f3rico Cultural Torrijos 1831.<\/span><\/strong><\/p>\n<p style=\"text-align: justify;\"><strong><span style=\"color: #000000;\">Tipo de Asociaci\u00f3n: cultural, dedicada a la investigaci\u00f3n hist\u00f3rica, y recreadora en sus actuaciones en p\u00fablico para exponer los hechos que representa. \u00c1mbito de actuaci\u00f3n: Nacional (inscrita en el Registro Nacional de Asociaciones y Junta de Andaluc\u00eda). Inici\u00f3 su periodo constituyente en el a\u00f1o 2002, siendo legalizada en 2003. Fue un proyecto original desde el principio, pues en Espa\u00f1a no se hab\u00eda creado anteriormente una Asociaci\u00f3n sobre el personaje hist\u00f3rico de Jos\u00e9 Mar\u00eda Torrijos y Uriarte, h\u00e9roe de la Guerra de Independencia y defensor de las libertades y derechos constitucionales frente al poder absoluto del reinado de Fernando VII. Original en las formas, dedicaci\u00f3n y fines, que recogen sus estatutos, cimentando sus antecedentes en los precursores que trabajaron sobre el personaje de Torrijos en la provincia de M\u00e1laga, en las d\u00e9cadas de los a\u00f1os ochenta y noventa del siglo XX y primeros a\u00f1os del XXI.<\/span><\/strong><br \/><strong><span style=\"color: #000000;\">Como colectivo de recreaciones hist\u00f3ricas, es el m\u00e1s antiguo de las dedicadas al siglo XIX, en Andaluc\u00eda. En cuanto a las representaciones relativas a la Guerra de la Independencia en las que participa la Asociaci\u00f3n, la recreaci\u00f3n insignia, creada en 2007, es el \u201cRegimiento de Infanter\u00eda de M\u00e1laga\u201d, unidad titular de M\u00e1laga, que salvo un periodo de disoluci\u00f3n, tuvo vida castrense desde 1701 a 1893, siendo su historial heredado por el Regimiento Melilla en sus diferentes numeraciones, y que fue disuelto en M\u00e1laga, en 1985. Para entrar en su historial y actividades: regimientodeinfanteriademalaga.blogspot.com<\/span><\/strong><br \/><strong><span style=\"color: #000000;\">Correo de Contacto: asociaci\u00f3ntorrijos1831@gmail.com Tambi\u00e9n, a trav\u00e9s de este correo se pueden solicitar visitas concertadas al Centro de Interpretaci\u00f3n Hist\u00f3rico Jos\u00e9 Mar\u00eda Torrijos (Refectorio), en el barrio de El Perchel de M\u00e1laga. Tel\u00e9fono de contacto: 952234039. P\u00e1gina web: www.torrijos1831.com<\/span><\/strong><\/p>\n\n\n<figure class=\"wp-block-image size-large\"><img loading=\"lazy\" width=\"1024\" height=\"682\" src=\"http:\/\/www.torrijos1831.com\/wp-content\/uploads\/2022\/06\/2-514317-1024x682.jpg\" alt=\"\" class=\"wp-image-3441\" srcset=\"http:\/\/www.torrijos1831.com\/wp-content\/uploads\/2022\/06\/2-514317-1024x682.jpg 1024w, http:\/\/www.torrijos1831.com\/wp-content\/uploads\/2022\/06\/2-514317-300x200.jpg 300w, http:\/\/www.torrijos1831.com\/wp-content\/uploads\/2022\/06\/2-514317-768x511.jpg 768w, http:\/\/www.torrijos1831.com\/wp-content\/uploads\/2022\/06\/2-514317-1536x1022.jpg 1536w, http:\/\/www.torrijos1831.com\/wp-content\/uploads\/2022\/06\/2-514317.jpg 1600w\" sizes=\"(max-width: 1024px) 100vw, 1024px\" \/><\/figure>\n\n\n\n<figure class=\"wp-block-image size-large\"><img loading=\"lazy\" width=\"1024\" height=\"731\" src=\"http:\/\/www.torrijos1831.com\/wp-content\/uploads\/2022\/06\/2-524318-1024x731.jpg\" alt=\"\" class=\"wp-image-3442\" srcset=\"http:\/\/www.torrijos1831.com\/wp-content\/uploads\/2022\/06\/2-524318-1024x731.jpg 1024w, http:\/\/www.torrijos1831.com\/wp-content\/uploads\/2022\/06\/2-524318-300x214.jpg 300w, http:\/\/www.torrijos1831.com\/wp-content\/uploads\/2022\/06\/2-524318-768x548.jpg 768w, http:\/\/www.torrijos1831.com\/wp-content\/uploads\/2022\/06\/2-524318.jpg 1479w\" sizes=\"(max-width: 1024px) 100vw, 1024px\" \/><\/figure>\n\n\n\n<figure class=\"wp-block-image size-large\"><img loading=\"lazy\" width=\"1024\" height=\"644\" src=\"http:\/\/www.torrijos1831.com\/wp-content\/uploads\/2022\/06\/2-534319-1024x644.jpg\" alt=\"\" class=\"wp-image-3443\" srcset=\"http:\/\/www.torrijos1831.com\/wp-content\/uploads\/2022\/06\/2-534319-1024x644.jpg 1024w, http:\/\/www.torrijos1831.com\/wp-content\/uploads\/2022\/06\/2-534319-300x189.jpg 300w, http:\/\/www.torrijos1831.com\/wp-content\/uploads\/2022\/06\/2-534319-768x483.jpg 768w, http:\/\/www.torrijos1831.com\/wp-content\/uploads\/2022\/06\/2-534319-1536x965.jpg 1536w, http:\/\/www.torrijos1831.com\/wp-content\/uploads\/2022\/06\/2-534319.jpg 1553w\" sizes=\"(max-width: 1024px) 100vw, 1024px\" \/><\/figure>\n\n\n\n<figure class=\"wp-block-image size-large\"><img loading=\"lazy\" width=\"1024\" height=\"662\" src=\"http:\/\/www.torrijos1831.com\/wp-content\/uploads\/2022\/06\/2-544320-1024x662.jpg\" alt=\"\" class=\"wp-image-3444\" srcset=\"http:\/\/www.torrijos1831.com\/wp-content\/uploads\/2022\/06\/2-544320-1024x662.jpg 1024w, http:\/\/www.torrijos1831.com\/wp-content\/uploads\/2022\/06\/2-544320-300x194.jpg 300w, http:\/\/www.torrijos1831.com\/wp-content\/uploads\/2022\/06\/2-544320-768x496.jpg 768w, http:\/\/www.torrijos1831.com\/wp-content\/uploads\/2022\/06\/2-544320.jpg 1394w\" sizes=\"(max-width: 1024px) 100vw, 1024px\" \/><\/figure>\n\n\n\n<figure class=\"wp-block-image size-large\"><img loading=\"lazy\" width=\"1024\" height=\"664\" src=\"http:\/\/www.torrijos1831.com\/wp-content\/uploads\/2022\/06\/2-554321-1024x664.jpg\" alt=\"\" class=\"wp-image-3445\" srcset=\"http:\/\/www.torrijos1831.com\/wp-content\/uploads\/2022\/06\/2-554321-1024x664.jpg 1024w, http:\/\/www.torrijos1831.com\/wp-content\/uploads\/2022\/06\/2-554321-300x194.jpg 300w, http:\/\/www.torrijos1831.com\/wp-content\/uploads\/2022\/06\/2-554321-768x498.jpg 768w, http:\/\/www.torrijos1831.com\/wp-content\/uploads\/2022\/06\/2-554321.jpg 1427w\" sizes=\"(max-width: 1024px) 100vw, 1024px\" \/><\/figure>\n\n\n\n<figure class=\"wp-block-image size-large\"><img loading=\"lazy\" width=\"1024\" height=\"810\" src=\"http:\/\/www.torrijos1831.com\/wp-content\/uploads\/2022\/06\/2-564322-1024x810.jpg\" alt=\"\" class=\"wp-image-3446\" srcset=\"http:\/\/www.torrijos1831.com\/wp-content\/uploads\/2022\/06\/2-564322-1024x810.jpg 1024w, http:\/\/www.torrijos1831.com\/wp-content\/uploads\/2022\/06\/2-564322-300x237.jpg 300w, http:\/\/www.torrijos1831.com\/wp-content\/uploads\/2022\/06\/2-564322-768x607.jpg 768w, http:\/\/www.torrijos1831.com\/wp-content\/uploads\/2022\/06\/2-564322-1536x1214.jpg 1536w, http:\/\/www.torrijos1831.com\/wp-content\/uploads\/2022\/06\/2-564322.jpg 1600w\" sizes=\"(max-width: 1024px) 100vw, 1024px\" \/><\/figure>\n","protected":false},"excerpt":{"rendered":"<p>Asociaci\u00f3n Torrijos 1831. 26.05.22 El pasado 26 de mayo, en Granada, tras el desfile en honor a Mariana de Pineda, se llev\u00f3 a cabo por el Ayuntamiento y otras instituciones, la tradicional ofrenda floral en memoria de la hero\u00edna liberal. Tras la misma, nuestra vicepresidenta Alicia Gallego interpret\u00f3 magn\u00edficamente a Mariana Pineda, en el momento&#8230;<\/p>\n","protected":false},"author":1,"featured_media":3447,"comment_status":"closed","ping_status":"closed","sticky":false,"template":"","format":"standard","meta":[],"categories":[183,185],"tags":[],"_links":{"self":[{"href":"http:\/\/www.torrijos1831.com\/index.php?rest_route=\/wp\/v2\/posts\/3439"}],"collection":[{"href":"http:\/\/www.torrijos1831.com\/index.php?rest_route=\/wp\/v2\/posts"}],"about":[{"href":"http:\/\/www.torrijos1831.com\/index.php?rest_route=\/wp\/v2\/types\/post"}],"author":[{"embeddable":true,"href":"http:\/\/www.torrijos1831.com\/index.php?rest_route=\/wp\/v2\/users\/1"}],"replies":[{"embeddable":true,"href":"http:\/\/www.torrijos1831.com\/index.php?rest_route=%2Fwp%2Fv2%2Fcomments&post=3439"}],"version-history":[{"count":2,"href":"http:\/\/www.torrijos1831.com\/index.php?rest_route=\/wp\/v2\/posts\/3439\/revisions"}],"predecessor-version":[{"id":3449,"href":"http:\/\/www.torrijos1831.com\/index.php?rest_route=\/wp\/v2\/posts\/3439\/revisions\/3449"}],"wp:featuredmedia":[{"embeddable":true,"href":"http:\/\/www.torrijos1831.com\/index.php?rest_route=\/wp\/v2\/media\/3447"}],"wp:attachment":[{"href":"http:\/\/www.torrijos1831.com\/index.php?rest_route=%2Fwp%2Fv2%2Fmedia&parent=3439"}],"wp:term":[{"taxonomy":"category","embeddable":true,"href":"http:\/\/www.torrijos1831.com\/index.php?rest_route=%2Fwp%2Fv2%2Fcategories&post=3439"},{"taxonomy":"post_tag","embeddable":true,"href":"http:\/\/www.torrijos1831.com\/index.php?rest_route=%2Fwp%2Fv2%2Ftags&post=3439"}],"curies":[{"name":"wp","href":"https:\/\/api.w.org\/{rel}","templated":true}]}}