{"id":3866,"date":"2023-02-11T19:33:31","date_gmt":"2023-02-11T19:33:31","guid":{"rendered":"http:\/\/www.torrijos1831.com\/?p=3866"},"modified":"2023-02-11T19:36:17","modified_gmt":"2023-02-11T19:36:17","slug":"homenaje-a-la-bandera-del-regimiento-de-infanteria-malaga-que-defendio-la-ciudad-contra-los-franceses-el-5-de-febrero-de-1810","status":"publish","type":"post","link":"http:\/\/www.torrijos1831.com\/?p=3866","title":{"rendered":"Homenaje a la bandera del Regimiento de Infanter\u00eda M\u00e1laga que defendi\u00f3 la ciudad contra los franceses el 5 de febrero de 1810."},"content":{"rendered":"<p style=\"text-align: justify;\"><span style=\"color: #800000;\"><strong>Asociaci\u00f3n Torrijos 1831. 8 de febrero de 2023.<\/strong><\/span><br><span style=\"color: #000000;\"><strong>Fotograf\u00eda de Pepe Cano.<\/strong><\/span><\/p>\n<p style=\"text-align: justify;\"><strong><span style=\"color: #000000;\">Tal como estaba previsto, a la seis de la tarde del pasado 8 de febrero, la Asociaci\u00f3n Torrijos 1831, con su reconstrucci\u00f3n del Regimiento de Infanter\u00eda de M\u00e1laga llev\u00f3 a cabo el homenaje a la bandera coronela que, en su d\u00eda, tuvo este hist\u00f3rico Regimiento, haci\u00e9ndolo en el escenario de aquellos hechos, el Perchel oeste, donde se bati\u00f3 la unidad, al igual que lo hizo en la zona de calle M\u00e1rmoles. En este 5 de febrero de 2022, se han cumplido los 213 a\u00f1os de la defensa de la ciudad de M\u00e1laga contra los franceses, en la que particip\u00f3 con todos los efectivos disponibles que ten\u00eda en ese momento el Regimiento de Infanter\u00eda M\u00e1laga, cuerpo que por su mismo nombre era el titular de nuestra capital. La reconstrucci\u00f3n que, en 2007, comenzamos con el \u201cRegimiento de Infanter\u00eda de M\u00e1laga\u201d, hoy integrada por un total de veinte compa\u00f1eros, bien equipados, nos obliga moralmente a tener viva la memoria de aquella unidad, antecesora del conocido Regimiento Melilla n\u00ba 52, que se despidi\u00f3 de nuestra capital en el Campamento Ben\u00edtez, en 1985. A la ca\u00edda de la noche de aquel hist\u00f3rico 5 de febrero, a\u00fan los del M\u00e1laga defend\u00edan este \u00faltimo espacio, antes de escapar, definitivamente, por el llamado Camino Viejo de Churriana. Nos referimos a los callejones del Perchel oeste y la zona colindante al antiguo Convento de San Andr\u00e9s, hoy ya felizmente restaurado. Presidi\u00f3 el acto, la concejala de Cultura del Ayuntamiento de M\u00e1laga. Noelia Losada, acompa\u00f1ada del presidente de la Asociaci\u00f3n de Vecinos de El Perchel, as\u00ed como de la Asociaci\u00f3n de Empresarios y Comerciantes del citado barrio.<\/span><\/strong><\/p>\n<p style=\"text-align: justify;\"><span style=\"color: #800000;\"><strong>Secuencias del acto en la Plaza de la Libertad.<\/strong><\/span><\/p>\n<p style=\"text-align: justify;\"><strong><span style=\"color: #000000;\">Se rindi\u00f3 el homenaje mientras se efectuaba un majestuoso arriado de la bandera coronela del Regimiento M\u00e1laga y, mientras se recordaban sus gestas a viva voz por el oficial que mandaba la l\u00ednea, el arriado era acompa\u00f1ado por redoble de tambor acompa\u00f1ado por los ta\u00f1idos del hierro, a modo de sonido e campanario. Presentes, los abanderados uniformados del Regimiento M\u00e1laga, con todas las banderas de las localidades vinculadas con el historial del Regimiento: la del primer Batall\u00f3n, la de M\u00e1laga capital, Melilla, Almonacid, Oca\u00f1a, Arquillos, Mijas, Marbella y San Fernando, todas ligadas a la unidad entre 1808 y 1814, periodo de la Guerra de la Independencia. Hubo tambi\u00e9n una representaci\u00f3n abanderada de los Dragones del 21\u00ba franc\u00e9s y del 4\u00ba Regimento de Infanter\u00eda polaco, unidades ambas que participaron en la toma de M\u00e1laga, integrados en las tropas del general Sebastiani.<\/span><\/strong><\/p>\n<p style=\"text-align: justify;\"><strong><span style=\"color: #000000;\">La noche cae en el poniente perchelero,<\/span><\/strong><br><strong><span style=\"color: #000000;\">gritos, llamas y humaredas, entre ultrajes, insultos y muertes\u2026<\/span><\/strong><br><strong><span style=\"color: #000000;\">El enemigo ya est\u00e1 dentro, cometiendo excesos\u2026,<\/span><\/strong><br><strong><span style=\"color: #000000;\">En la oscuridad de la noche, aparecen unas figuras\u2026<\/span><\/strong><br><strong><span style=\"color: #000000;\">son los soldados del M\u00e1laga, que heridos y con los rostros tiznados por la p\u00f3lvora,<\/span><\/strong><br><strong><span style=\"color: #000000;\">se han batido hasta el final, al lado de hombres y mujeres abnegados,<\/span><\/strong><br><strong><span style=\"color: #000000;\">todos, percheleros que han defendido sus hogares y calles, perdiendo seres queridos.<\/span><\/strong><br><strong><span style=\"color: #000000;\">Para los integrantes del Regimiento queda una alternativa<\/span><\/strong><br><strong><span style=\"color: #000000;\">Si no quieren jurar fidelidad a Jos\u00e9 Bonaparte, s\u00f3lo hay un camino\u2026<\/span><\/strong><br><strong><span style=\"color: #000000;\">ese que se pierde entre las sombras de la noche en direcci\u00f3n a Churriana\u2026<\/span><\/strong><br><strong><span style=\"color: #000000;\">Hacia la penumbra se dirigen, agotados pero firmes\u2026<\/span><\/strong><br><strong><span style=\"color: #000000;\">En otros frentes, resistir\u00e1n combatiendo hasta el final de la guerra.<\/span><\/strong><\/p>\n<p style=\"text-align: justify;\"><span style=\"color: #800000;\"><strong>Cronolog\u00eda de la reconstrucci\u00f3n \u201cRegimiento de Infanter\u00eda de M\u00e1laga\u201d.<\/strong><\/span><\/p>\n<p style=\"text-align: justify;\"><strong><span style=\"color: #000000;\">Con motivo de la cercan\u00eda del Bicentenario de 2008, y con arreglo a lo expuesto en el libro \u201cM\u00e1laga frente a la Guerra de la Independencia: 1808-1812\u201d, de uno de nuestros fundadores, editado en 1996, con una reedici\u00f3n posterior en 2008, especialmente en cuanto a la defensa de M\u00e1laga el 5 de febrero de 1810; la Asociaci\u00f3n Torrijos 1831 lo reconstruy\u00f3 con sus banderas, tambor y uniformidades, dedic\u00e1ndose desde entonces, una parte de las actividades del colectivo a participar en actos conmemorativos en los lugares donde actu\u00f3 o pas\u00f3 como consecuencia de la b\u00e9lica, haciendo recreaciones en M\u00e1laga capital, junto a la ermita de Zamarrilla, El Perchel, iglesia de Santiago, castillo de Gibralfaro, Alcazaba (donde recibi\u00f3 la bandera Coronela de manos del Alcalde Francisco de la Torre, con representaci\u00f3n importante de antiguos mandos de la guarnici\u00f3n de M\u00e1laga, pertenecientes a los regimientos Arag\u00f3n n\u00ba 17 y Melilla n\u00ba 52, profesorado de la Universidad y colectivos civiles), Alcazabilla, Aduana y Plaza de la Constituci\u00f3n. Tambi\u00e9n en Mijas, Marbella, Casares, La L\u00ednea, Gauc\u00edn, Ronda, Ja\u00e9n, San Fernando, C\u00e1diz, Almonacid, Oca\u00f1a y Arquillos (en todas esas localidades se han entregado las banderas municipales).<\/span><\/strong><\/p>\n<p style=\"text-align: justify;\"><span style=\"color: #800000;\"><strong>Datos de la Asociaci\u00f3n Hist\u00f3rico Cultural Torrijos 1831.<\/strong><\/span><\/p>\n<p style=\"text-align: justify;\"><strong><span style=\"color: #000000;\">Tipo de Asociaci\u00f3n: cultural, dedicada a la investigaci\u00f3n hist\u00f3rica, y recreadora en sus actuaciones en p\u00fablico para exponer los hechos que representa. \u00c1mbito de actuaci\u00f3n: regional, recogida en el Registro de asociaciones de la Junta de Andaluc\u00eda. Inici\u00f3 su periodo constituyente en el a\u00f1o 2002, siendo legalizada en 2003. Fue un proyecto original desde el principio, pues en Espa\u00f1a no se hab\u00eda creado anteriormente una Asociaci\u00f3n sobre el personaje hist\u00f3rico de Jos\u00e9 Mar\u00eda Torrijos y Uriarte, h\u00e9roe de la Guerra de Independencia y defensor de las libertades y derechos constitucionales frente al poder absoluto del reinado de Fernando VII. Original en las formas, dedicaci\u00f3n y fines, que recogen sus estatutos, cimentando sus antecedentes en los precursores que trabajaron sobre el personaje de Torrijos en la provincia de M\u00e1laga, en las d\u00e9cadas de los a\u00f1os ochenta y noventa del siglo XX y primeros a\u00f1os del XXI.<\/span><\/strong><br><strong><span style=\"color: #000000;\">Como colectivo de recreaciones hist\u00f3ricas, es el m\u00e1s antiguo de las dedicadas al siglo XIX, en Andaluc\u00eda. En cuanto a las representaciones relativas a la Guerra de la Independencia en las que participa la Asociaci\u00f3n, la recreaci\u00f3n insignia, creada en 2007, es el \u201cRegimiento de Infanter\u00eda de M\u00e1laga\u201d, unidad titular de M\u00e1laga que, salvo un periodo de disoluci\u00f3n, tuvo vida castrense desde 1701 a 1893, siendo su historial heredado por el Regimiento Melilla en sus diferentes numeraciones, y que fue disuelto en M\u00e1laga, en 1985. Para entrar en su historial y actividades: regimientodeinfanteriademalaga.blogspot.com<\/span><\/strong><br><strong><span style=\"color: #000000;\">Correo de Contacto: asociaci\u00f3ntorrijos1831@gmail.com Tambi\u00e9n. A trav\u00e9s del mismo se solicitan las visitas concertadas al Centro de Interpretaci\u00f3n Hist\u00f3rico Jos\u00e9 Mar\u00eda Torrijos (Refectorio), en el barrio de El Perchel de M\u00e1laga. Tel\u00e9fono de contacto: 952234039. P\u00e1gina web: www.torrijos1831.com<\/span><\/strong><\/p>\n\n\n<figure class=\"wp-block-gallery columns-1 is-cropped\"><ul class=\"blocks-gallery-grid\"><li class=\"blocks-gallery-item\"><figure><img loading=\"lazy\" width=\"1024\" height=\"689\" src=\"http:\/\/www.torrijos1831.com\/wp-content\/uploads\/2023\/02\/1.1-1024x689.jpg\" alt=\"\" data-id=\"3868\" data-full-url=\"http:\/\/www.torrijos1831.com\/wp-content\/uploads\/2023\/02\/1.1.jpg\" data-link=\"http:\/\/www.torrijos1831.com\/?attachment_id=3868\" class=\"wp-image-3868\" srcset=\"http:\/\/www.torrijos1831.com\/wp-content\/uploads\/2023\/02\/1.1-1024x689.jpg 1024w, http:\/\/www.torrijos1831.com\/wp-content\/uploads\/2023\/02\/1.1-300x202.jpg 300w, http:\/\/www.torrijos1831.com\/wp-content\/uploads\/2023\/02\/1.1-768x517.jpg 768w, http:\/\/www.torrijos1831.com\/wp-content\/uploads\/2023\/02\/1.1.jpg 1282w\" sizes=\"(max-width: 1024px) 100vw, 1024px\" \/><\/figure><\/li><\/ul><\/figure>\n\n\n\n<figure class=\"wp-block-image size-large\"><img loading=\"lazy\" width=\"1024\" height=\"683\" src=\"http:\/\/www.torrijos1831.com\/wp-content\/uploads\/2023\/02\/1.2-1024x683.jpg\" alt=\"\" class=\"wp-image-3869\" srcset=\"http:\/\/www.torrijos1831.com\/wp-content\/uploads\/2023\/02\/1.2-1024x683.jpg 1024w, http:\/\/www.torrijos1831.com\/wp-content\/uploads\/2023\/02\/1.2-300x200.jpg 300w, http:\/\/www.torrijos1831.com\/wp-content\/uploads\/2023\/02\/1.2-768x512.jpg 768w, http:\/\/www.torrijos1831.com\/wp-content\/uploads\/2023\/02\/1.2-1536x1024.jpg 1536w, http:\/\/www.torrijos1831.com\/wp-content\/uploads\/2023\/02\/1.2.jpg 1600w\" sizes=\"(max-width: 1024px) 100vw, 1024px\" \/><\/figure>\n\n\n\n<figure class=\"wp-block-image size-large\"><img loading=\"lazy\" width=\"1024\" height=\"683\" src=\"http:\/\/www.torrijos1831.com\/wp-content\/uploads\/2023\/02\/1.3-1024x683.jpg\" alt=\"\" class=\"wp-image-3870\" srcset=\"http:\/\/www.torrijos1831.com\/wp-content\/uploads\/2023\/02\/1.3-1024x683.jpg 1024w, http:\/\/www.torrijos1831.com\/wp-content\/uploads\/2023\/02\/1.3-300x200.jpg 300w, http:\/\/www.torrijos1831.com\/wp-content\/uploads\/2023\/02\/1.3-768x512.jpg 768w, http:\/\/www.torrijos1831.com\/wp-content\/uploads\/2023\/02\/1.3.jpg 1329w\" sizes=\"(max-width: 1024px) 100vw, 1024px\" \/><\/figure>\n\n\n\n<figure class=\"wp-block-image size-large\"><img loading=\"lazy\" width=\"1024\" height=\"683\" src=\"http:\/\/www.torrijos1831.com\/wp-content\/uploads\/2023\/02\/1.4-1024x683.jpg\" alt=\"\" class=\"wp-image-3871\" srcset=\"http:\/\/www.torrijos1831.com\/wp-content\/uploads\/2023\/02\/1.4-1024x683.jpg 1024w, http:\/\/www.torrijos1831.com\/wp-content\/uploads\/2023\/02\/1.4-300x200.jpg 300w, http:\/\/www.torrijos1831.com\/wp-content\/uploads\/2023\/02\/1.4-768x512.jpg 768w, http:\/\/www.torrijos1831.com\/wp-content\/uploads\/2023\/02\/1.4.jpg 1329w\" sizes=\"(max-width: 1024px) 100vw, 1024px\" \/><\/figure>\n\n\n\n<figure class=\"wp-block-image size-large\"><img src=\"blob:http:\/\/www.torrijos1831.com\/09cb5a4b-870a-438d-837a-b11fc68fe50f\" alt=\"\"\/><\/figure>\n","protected":false},"excerpt":{"rendered":"<p>Asociaci\u00f3n Torrijos 1831. 8 de febrero de 2023.Fotograf\u00eda de Pepe Cano. Tal como estaba previsto, a la seis de la tarde del pasado 8 de febrero, la Asociaci\u00f3n Torrijos 1831, con su reconstrucci\u00f3n del Regimiento de Infanter\u00eda de M\u00e1laga llev\u00f3 a cabo el homenaje a la bandera coronela que, en su d\u00eda, tuvo este hist\u00f3rico&#8230;<\/p>\n","protected":false},"author":1,"featured_media":3867,"comment_status":"closed","ping_status":"closed","sticky":false,"template":"","format":"standard","meta":[],"categories":[27,194],"tags":[],"_links":{"self":[{"href":"http:\/\/www.torrijos1831.com\/index.php?rest_route=\/wp\/v2\/posts\/3866"}],"collection":[{"href":"http:\/\/www.torrijos1831.com\/index.php?rest_route=\/wp\/v2\/posts"}],"about":[{"href":"http:\/\/www.torrijos1831.com\/index.php?rest_route=\/wp\/v2\/types\/post"}],"author":[{"embeddable":true,"href":"http:\/\/www.torrijos1831.com\/index.php?rest_route=\/wp\/v2\/users\/1"}],"replies":[{"embeddable":true,"href":"http:\/\/www.torrijos1831.com\/index.php?rest_route=%2Fwp%2Fv2%2Fcomments&post=3866"}],"version-history":[{"count":3,"href":"http:\/\/www.torrijos1831.com\/index.php?rest_route=\/wp\/v2\/posts\/3866\/revisions"}],"predecessor-version":[{"id":3875,"href":"http:\/\/www.torrijos1831.com\/index.php?rest_route=\/wp\/v2\/posts\/3866\/revisions\/3875"}],"wp:featuredmedia":[{"embeddable":true,"href":"http:\/\/www.torrijos1831.com\/index.php?rest_route=\/wp\/v2\/media\/3867"}],"wp:attachment":[{"href":"http:\/\/www.torrijos1831.com\/index.php?rest_route=%2Fwp%2Fv2%2Fmedia&parent=3866"}],"wp:term":[{"taxonomy":"category","embeddable":true,"href":"http:\/\/www.torrijos1831.com\/index.php?rest_route=%2Fwp%2Fv2%2Fcategories&post=3866"},{"taxonomy":"post_tag","embeddable":true,"href":"http:\/\/www.torrijos1831.com\/index.php?rest_route=%2Fwp%2Fv2%2Ftags&post=3866"}],"curies":[{"name":"wp","href":"https:\/\/api.w.org\/{rel}","templated":true}]}}