{"id":3884,"date":"2023-02-13T19:01:30","date_gmt":"2023-02-13T19:01:30","guid":{"rendered":"http:\/\/www.torrijos1831.com\/?p=3884"},"modified":"2023-02-13T19:01:31","modified_gmt":"2023-02-13T19:01:31","slug":"el-alcalde-de-malaga-entrega-las-llaves-de-la-nueva-sede-en-malaga-de-la-asociacion-historico-cultural-torrijos-1831-al-presidente-del-citado-colectivo","status":"publish","type":"post","link":"http:\/\/www.torrijos1831.com\/?p=3884","title":{"rendered":"El Alcalde de M\u00e1laga entrega las llaves de la nueva sede en M\u00e1laga de la Asociaci\u00f3n Hist\u00f3rico Cultural Torrijos 1831, al presidente del citado colectivo."},"content":{"rendered":"<p style=\"text-align: justify;\"><span style=\"color: #800000;\"><strong>Asociaci\u00f3n Torrijos 1831 13\/02\/01<\/strong><\/span><\/p>\n<p style=\"text-align: justify;\"><span style=\"color: #000000;\"><strong>En el d\u00eda de hoy, 13 de febrero, a partir de las 12\u00b430 h, ha tenido lugar el acto de la entrega de llaves de la nueva sede de la Asociaci\u00f3n Hist\u00f3rico Cultural Torrijos 1831, en el reci\u00e9n restaurado antiguo convento carmelitano de San Andr\u00e9s. En el patio del antiguo convento, las llaves fueron entregadas por el Alcalde de M\u00e1laga, Francisco de la Torre, al presidente de la Asociaci\u00f3n Torrijos 1831, que agradeci\u00f3 ante las autoridades y p\u00fablico asistente la sensibilidad y reconocimiento que el consistorio ha tenido con la Asociaci\u00f3n, as\u00ed como, que la nueva sede cobijar\u00e1 un patrimonio importante documental en cuanto a la memoria de Torrijos y sus compa\u00f1ero. Igualmente, se entregaron las llaves a la Archicofrad\u00eda del Carmen. Adem\u00e1s del alcalde, estuvieron presentes el subdelegado del gobierno en M\u00e1laga, la concejala de Cultura, el concejal de Urbanismo, el director del Instituto de la Vivienda y diversos concejales de las diferentes representaciones pol\u00edtica de M\u00e1laga. A partir del d\u00eda de hoy, se pone en marcha la Asociaci\u00f3n Torrijos 1831 para acondicionar la nueva sede con el patrimonio que ya posee para ello. En definitiva, un d\u00eda feliz e inolvidable para la Asociaci\u00f3n Torrijos 1831, que pasar\u00e1 a ser fecha hist\u00f3rica en la vida asociativa que emprendi\u00f3 en 2002.<\/strong><\/span><\/p>\n<p style=\"text-align: justify;\"><span style=\"color: #800000;\"><strong>Datos de la Asociaci\u00f3n Hist\u00f3rico Cultural Torrijos 1831.<\/strong><\/span><\/p>\n<p style=\"text-align: justify;\"><span style=\"color: #000000;\"><strong>Tipo de Asociaci\u00f3n: cultural, dedicada a la investigaci\u00f3n hist\u00f3rica, y recreadora en sus actuaciones en p\u00fablico para exponer los hechos que representa. \u00c1mbito de actuaci\u00f3n: regional, recogida en el Registro de asociaciones de la Junta de Andaluc\u00eda. Inici\u00f3 su periodo constituyente en el a\u00f1o 2002, siendo legalizada en 2003. Fue un proyecto original desde el principio, pues en Espa\u00f1a no se hab\u00eda creado anteriormente una Asociaci\u00f3n sobre el personaje hist\u00f3rico de Jos\u00e9 Mar\u00eda Torrijos y Uriarte, h\u00e9roe de la Guerra de Independencia y defensor de las libertades y derechos constitucionales frente al poder absoluto del reinado de Fernando VII. Original en las formas, dedicaci\u00f3n y fines, que recogen sus estatutos, cimentando sus antecedentes en los precursores que trabajaron sobre el personaje de Torrijos en la provincia de M\u00e1laga, en las d\u00e9cadas de los a\u00f1os ochenta y noventa del siglo XX y primeros a\u00f1os del XXI.<\/strong><\/span><br \/><span style=\"color: #000000;\"><strong>Como colectivo de recreaciones hist\u00f3ricas, es el m\u00e1s antiguo de las dedicadas al siglo XIX, en Andaluc\u00eda. En cuanto a las representaciones relativas a la Guerra de la Independencia en las que participa la Asociaci\u00f3n, la recreaci\u00f3n insignia, creada en 2007, es el \u201cRegimiento de Infanter\u00eda de M\u00e1laga\u201d, unidad titular de M\u00e1laga que, salvo un periodo de disoluci\u00f3n, tuvo vida castrense desde 1701 a 1893, siendo su historial heredado por el Regimiento Melilla en sus diferentes numeraciones, y que fue disuelto en M\u00e1laga, en 1985. Para entrar en su historial y actividades: regimientodeinfanteriademalaga.blogspot.com<\/strong><\/span><br \/><span style=\"color: #000000;\"><strong>Correo de Contacto: asociaci\u00f3ntorrijos1831@gmail.com Tambi\u00e9n. A trav\u00e9s del mismo se solicitan las visitas concertadas al Centro de Interpretaci\u00f3n Hist\u00f3rico Jos\u00e9 Mar\u00eda Torrijos (Refectorio), en el barrio de El Perchel de M\u00e1laga. Tel\u00e9fono de contacto: 952234039. P\u00e1gina web: www.torrijos1831.com<\/strong><\/span><\/p>\n\n\n<figure class=\"wp-block-gallery columns-1 is-cropped\"><ul class=\"blocks-gallery-grid\"><li class=\"blocks-gallery-item\"><figure><img loading=\"lazy\" width=\"1024\" height=\"744\" src=\"https:\/\/www.torrijos1831.com\/wp-content\/uploads\/2023\/02\/e2-1024x744.jpg\" alt=\"\" data-id=\"3886\" data-full-url=\"https:\/\/www.torrijos1831.com\/wp-content\/uploads\/2023\/02\/e2.jpg\" data-link=\"https:\/\/www.torrijos1831.com\/?attachment_id=3886\" class=\"wp-image-3886\" srcset=\"http:\/\/www.torrijos1831.com\/wp-content\/uploads\/2023\/02\/e2-1024x744.jpg 1024w, http:\/\/www.torrijos1831.com\/wp-content\/uploads\/2023\/02\/e2-300x218.jpg 300w, http:\/\/www.torrijos1831.com\/wp-content\/uploads\/2023\/02\/e2-768x558.jpg 768w, http:\/\/www.torrijos1831.com\/wp-content\/uploads\/2023\/02\/e2-1536x1117.jpg 1536w, http:\/\/www.torrijos1831.com\/wp-content\/uploads\/2023\/02\/e2-2048x1489.jpg 2048w\" sizes=\"(max-width: 1024px) 100vw, 1024px\" \/><\/figure><\/li><\/ul><\/figure>\n\n\n\n<figure class=\"wp-block-gallery columns-1 is-cropped\"><ul class=\"blocks-gallery-grid\"><li class=\"blocks-gallery-item\"><figure><img loading=\"lazy\" width=\"1024\" height=\"462\" src=\"https:\/\/www.torrijos1831.com\/wp-content\/uploads\/2023\/02\/e3-1024x462.jpg\" alt=\"\" data-id=\"3887\" data-full-url=\"https:\/\/www.torrijos1831.com\/wp-content\/uploads\/2023\/02\/e3.jpg\" data-link=\"https:\/\/www.torrijos1831.com\/?attachment_id=3887\" class=\"wp-image-3887\" srcset=\"http:\/\/www.torrijos1831.com\/wp-content\/uploads\/2023\/02\/e3-1024x462.jpg 1024w, http:\/\/www.torrijos1831.com\/wp-content\/uploads\/2023\/02\/e3-300x135.jpg 300w, http:\/\/www.torrijos1831.com\/wp-content\/uploads\/2023\/02\/e3-768x346.jpg 768w, http:\/\/www.torrijos1831.com\/wp-content\/uploads\/2023\/02\/e3-1536x693.jpg 1536w, http:\/\/www.torrijos1831.com\/wp-content\/uploads\/2023\/02\/e3.jpg 2040w\" sizes=\"(max-width: 1024px) 100vw, 1024px\" \/><\/figure><\/li><\/ul><\/figure>\n","protected":false},"excerpt":{"rendered":"<p>Asociaci\u00f3n Torrijos 1831 13\/02\/01 En el d\u00eda de hoy, 13 de febrero, a partir de las 12\u00b430 h, ha tenido lugar el acto de la entrega de llaves de la nueva sede de la Asociaci\u00f3n Hist\u00f3rico Cultural Torrijos 1831, en el reci\u00e9n restaurado antiguo convento carmelitano de San Andr\u00e9s. En el patio del antiguo convento,&#8230;<\/p>\n","protected":false},"author":1,"featured_media":3885,"comment_status":"closed","ping_status":"closed","sticky":false,"template":"","format":"standard","meta":[],"categories":[28,194],"tags":[],"_links":{"self":[{"href":"http:\/\/www.torrijos1831.com\/index.php?rest_route=\/wp\/v2\/posts\/3884"}],"collection":[{"href":"http:\/\/www.torrijos1831.com\/index.php?rest_route=\/wp\/v2\/posts"}],"about":[{"href":"http:\/\/www.torrijos1831.com\/index.php?rest_route=\/wp\/v2\/types\/post"}],"author":[{"embeddable":true,"href":"http:\/\/www.torrijos1831.com\/index.php?rest_route=\/wp\/v2\/users\/1"}],"replies":[{"embeddable":true,"href":"http:\/\/www.torrijos1831.com\/index.php?rest_route=%2Fwp%2Fv2%2Fcomments&post=3884"}],"version-history":[{"count":1,"href":"http:\/\/www.torrijos1831.com\/index.php?rest_route=\/wp\/v2\/posts\/3884\/revisions"}],"predecessor-version":[{"id":3888,"href":"http:\/\/www.torrijos1831.com\/index.php?rest_route=\/wp\/v2\/posts\/3884\/revisions\/3888"}],"wp:featuredmedia":[{"embeddable":true,"href":"http:\/\/www.torrijos1831.com\/index.php?rest_route=\/wp\/v2\/media\/3885"}],"wp:attachment":[{"href":"http:\/\/www.torrijos1831.com\/index.php?rest_route=%2Fwp%2Fv2%2Fmedia&parent=3884"}],"wp:term":[{"taxonomy":"category","embeddable":true,"href":"http:\/\/www.torrijos1831.com\/index.php?rest_route=%2Fwp%2Fv2%2Fcategories&post=3884"},{"taxonomy":"post_tag","embeddable":true,"href":"http:\/\/www.torrijos1831.com\/index.php?rest_route=%2Fwp%2Fv2%2Ftags&post=3884"}],"curies":[{"name":"wp","href":"https:\/\/api.w.org\/{rel}","templated":true}]}}