{"id":3991,"date":"2023-05-23T17:25:12","date_gmt":"2023-05-23T17:25:12","guid":{"rendered":"http:\/\/www.torrijos1831.com\/?p=3991"},"modified":"2023-05-23T17:25:58","modified_gmt":"2023-05-23T17:25:58","slug":"la-asociacion-torrijos-1831-actua-en-la-noche-en-blanco-de-malaga-con-la-obra-11-de-diciembre-de-1831-morir-por-una-mejor-vida-para-los-demas-en-la-plaza-de-la","status":"publish","type":"post","link":"http:\/\/www.torrijos1831.com\/?p=3991","title":{"rendered":"La Asociaci\u00f3n Torrijos 1831 act\u00faa en la \u201cNoche en Blanco\u201d de M\u00e1laga, con la obra: \u201c11 de diciembre de 1831: morir por una mejor vida para los dem\u00e1s\u201d, en la Plaza de La Libertad (El Perchel)."},"content":{"rendered":"<p style=\"text-align: justify;\"><span style=\"color: #800000;\"><strong>Asociaci\u00f3n Torrijos 1831 21\/05\/23<\/strong><\/span><\/p>\n<p style=\"text-align: justify;\"><strong><span style=\"color: #000000;\">Dentro de todas las actividades generadas por la Concejal\u00eda de Cultura del Ayuntamiento de M\u00e1laga, para la \u201cNoche en Blanco 2023\u201d, el pasado s\u00e1bado 20 de mayo, la Asociaci\u00f3n Hist\u00f3rico Cultural Torrijos 1831 actu\u00f3 con su obra propia titulada \u201c11 de diciembre de 1831: morir por una mejor vida para los dem\u00e1s\u201d, en la Plaza de la Libertad, situada en el popular barrio de El Perchel. En ella han participado un total de cuarenta integrantes del colectivo, recreando los \u00faltimos d\u00edas del general Torrijos y sus compa\u00f1eros de infortunio. Los integrantes hombres y mujeres de la asociaci\u00f3n han concurrido aportando su arte en las escenas, as\u00ed como en el trabajo de la formaci\u00f3n de la estructura necesaria para el espect\u00e1culo: reconstrucci\u00f3n del aforo de sillas, luces y sonidos para la realizaci\u00f3n de las escenas, etc. El p\u00fablico asistente, que llen\u00f3 el aforo de la Plaza de la Libertad, a trav\u00e9s de su aplauso y buenos comentarios alabaron la labor de la Asociaci\u00f3n que, en este 2023, ha cumplido sus veinti\u00fan a\u00f1os en la labor del arte de las escenas y las recreaciones hist\u00f3ricas.<\/span><\/strong><\/p>\n<p style=\"text-align: justify;\"><br \/><span style=\"color: #800000;\"><strong>Datos de la Asociaci\u00f3n Hist\u00f3rico Cultural Torrijos 1831.<\/strong><\/span><\/p>\n<p style=\"text-align: justify;\"><strong><span style=\"color: #000000;\">Tipo de Asociaci\u00f3n: cultural, dedicada a la investigaci\u00f3n hist\u00f3rica, y recreadora en sus actuaciones en p\u00fablico para exponer los hechos que representa. \u00c1mbito de actuaci\u00f3n: Nacional (inscrita en el Registro Nacional de Asociaciones y Junta de Andaluc\u00eda). Inici\u00f3 su periodo constituyente en el a\u00f1o 2002, siendo legalizada en 2003. Fue un proyecto original desde el principio, pues en Espa\u00f1a no se hab\u00eda creado anteriormente una Asociaci\u00f3n sobre el personaje hist\u00f3rico de Jos\u00e9 Mar\u00eda Torrijos y Uriarte, h\u00e9roe de la Guerra de Independencia y defensor de las libertades y derechos constitucionales frente al poder absoluto del reinado de Fernando VII. Original en las formas, dedicaci\u00f3n y fines, que recogen sus estatutos, cimentando sus antecedentes en los precursores que trabajaron sobre el personaje de Torrijos en la provincia de M\u00e1laga, en las d\u00e9cadas de los a\u00f1os ochenta y noventa del siglo XX y primeros a\u00f1os del XXI.<\/span><\/strong><br \/><strong><span style=\"color: #000000;\">Como colectivo de recreaciones hist\u00f3ricas, es el m\u00e1s antiguo de las dedicadas al siglo XIX, en Andaluc\u00eda. En cuanto a las representaciones relativas a la Guerra de la Independencia en las que participa la Asociaci\u00f3n, la recreaci\u00f3n insignia, creada en 2007, es el \u201cRegimiento de Infanter\u00eda de M\u00e1laga\u201d, unidad titular de M\u00e1laga, que salvo un periodo de disoluci\u00f3n, tuvo vida castrense desde 1701 a 1893, siendo su historial heredado por el Regimiento Melilla en sus diferentes numeraciones, y que fue disuelto en M\u00e1laga, en 1985. Para entrar en su historial y actividades: regimientodeinfanteriademalaga.blogspot.com<\/span><\/strong><br \/><strong><span style=\"color: #000000;\">Correo de Contacto: asociaci\u00f3ntorrijos1831@gmail.com Tambi\u00e9n, a trav\u00e9s de este correo se pueden solicitar visitas concertadas al Centro de Interpretaci\u00f3n Hist\u00f3rico Jos\u00e9 Mar\u00eda Torrijos (Refectorio), en el barrio de El Perchel de M\u00e1laga. Tel\u00e9fono de contacto: 952234039. P\u00e1gina web: www.torrijos1831.com<\/span><\/strong><\/p>\n\n\n<figure class=\"wp-block-gallery columns-1 is-cropped\"><ul class=\"blocks-gallery-grid\"><li class=\"blocks-gallery-item\"><figure><img loading=\"lazy\" width=\"1024\" height=\"744\" src=\"https:\/\/www.torrijos1831.com\/wp-content\/uploads\/2023\/05\/b-1024x744.jpg\" alt=\"\" data-id=\"3992\" data-full-url=\"https:\/\/www.torrijos1831.com\/wp-content\/uploads\/2023\/05\/b.jpg\" data-link=\"https:\/\/www.torrijos1831.com\/?attachment_id=3992\" class=\"wp-image-3992\" srcset=\"http:\/\/www.torrijos1831.com\/wp-content\/uploads\/2023\/05\/b-1024x744.jpg 1024w, http:\/\/www.torrijos1831.com\/wp-content\/uploads\/2023\/05\/b-300x218.jpg 300w, http:\/\/www.torrijos1831.com\/wp-content\/uploads\/2023\/05\/b-768x558.jpg 768w, http:\/\/www.torrijos1831.com\/wp-content\/uploads\/2023\/05\/b-1536x1117.jpg 1536w, http:\/\/www.torrijos1831.com\/wp-content\/uploads\/2023\/05\/b-2048x1489.jpg 2048w\" sizes=\"(max-width: 1024px) 100vw, 1024px\" \/><\/figure><\/li><\/ul><\/figure>\n\n\n\n<figure class=\"wp-block-gallery columns-1 is-cropped\"><ul class=\"blocks-gallery-grid\"><li class=\"blocks-gallery-item\"><figure><img loading=\"lazy\" width=\"1024\" height=\"744\" src=\"https:\/\/www.torrijos1831.com\/wp-content\/uploads\/2023\/05\/c-1024x744.jpg\" alt=\"\" data-id=\"3993\" data-full-url=\"https:\/\/www.torrijos1831.com\/wp-content\/uploads\/2023\/05\/c.jpg\" data-link=\"https:\/\/www.torrijos1831.com\/?attachment_id=3993\" class=\"wp-image-3993\" srcset=\"http:\/\/www.torrijos1831.com\/wp-content\/uploads\/2023\/05\/c-1024x744.jpg 1024w, http:\/\/www.torrijos1831.com\/wp-content\/uploads\/2023\/05\/c-300x218.jpg 300w, http:\/\/www.torrijos1831.com\/wp-content\/uploads\/2023\/05\/c-768x558.jpg 768w, http:\/\/www.torrijos1831.com\/wp-content\/uploads\/2023\/05\/c-1536x1117.jpg 1536w, http:\/\/www.torrijos1831.com\/wp-content\/uploads\/2023\/05\/c-2048x1489.jpg 2048w\" sizes=\"(max-width: 1024px) 100vw, 1024px\" \/><\/figure><\/li><\/ul><\/figure>\n\n\n\n<figure class=\"wp-block-gallery columns-1 is-cropped\"><ul class=\"blocks-gallery-grid\"><li class=\"blocks-gallery-item\"><figure><img loading=\"lazy\" width=\"1024\" height=\"744\" src=\"https:\/\/www.torrijos1831.com\/wp-content\/uploads\/2023\/05\/d-1024x744.jpg\" alt=\"\" data-id=\"3994\" data-full-url=\"https:\/\/www.torrijos1831.com\/wp-content\/uploads\/2023\/05\/d.jpg\" data-link=\"https:\/\/www.torrijos1831.com\/?attachment_id=3994\" class=\"wp-image-3994\" srcset=\"http:\/\/www.torrijos1831.com\/wp-content\/uploads\/2023\/05\/d-1024x744.jpg 1024w, http:\/\/www.torrijos1831.com\/wp-content\/uploads\/2023\/05\/d-300x218.jpg 300w, http:\/\/www.torrijos1831.com\/wp-content\/uploads\/2023\/05\/d-768x558.jpg 768w, http:\/\/www.torrijos1831.com\/wp-content\/uploads\/2023\/05\/d-1536x1117.jpg 1536w, http:\/\/www.torrijos1831.com\/wp-content\/uploads\/2023\/05\/d-2048x1489.jpg 2048w\" sizes=\"(max-width: 1024px) 100vw, 1024px\" \/><\/figure><\/li><\/ul><\/figure>\n\n\n\n<figure class=\"wp-block-gallery columns-1 is-cropped\"><ul class=\"blocks-gallery-grid\"><li class=\"blocks-gallery-item\"><figure><img loading=\"lazy\" width=\"1001\" height=\"751\" src=\"https:\/\/www.torrijos1831.com\/wp-content\/uploads\/2023\/05\/e.jpg\" alt=\"\" data-id=\"3995\" data-full-url=\"https:\/\/www.torrijos1831.com\/wp-content\/uploads\/2023\/05\/e.jpg\" data-link=\"https:\/\/www.torrijos1831.com\/?attachment_id=3995\" class=\"wp-image-3995\" srcset=\"http:\/\/www.torrijos1831.com\/wp-content\/uploads\/2023\/05\/e.jpg 1001w, http:\/\/www.torrijos1831.com\/wp-content\/uploads\/2023\/05\/e-300x225.jpg 300w, http:\/\/www.torrijos1831.com\/wp-content\/uploads\/2023\/05\/e-768x576.jpg 768w\" sizes=\"(max-width: 1001px) 100vw, 1001px\" \/><\/figure><\/li><\/ul><\/figure>\n\n\n\n<figure class=\"wp-block-gallery columns-1 is-cropped\"><ul class=\"blocks-gallery-grid\"><li class=\"blocks-gallery-item\"><figure><img loading=\"lazy\" width=\"1024\" height=\"768\" src=\"https:\/\/www.torrijos1831.com\/wp-content\/uploads\/2023\/05\/f.jpg\" alt=\"\" data-id=\"3996\" data-full-url=\"https:\/\/www.torrijos1831.com\/wp-content\/uploads\/2023\/05\/f.jpg\" data-link=\"https:\/\/www.torrijos1831.com\/?attachment_id=3996\" class=\"wp-image-3996\" srcset=\"http:\/\/www.torrijos1831.com\/wp-content\/uploads\/2023\/05\/f.jpg 1024w, http:\/\/www.torrijos1831.com\/wp-content\/uploads\/2023\/05\/f-300x225.jpg 300w, http:\/\/www.torrijos1831.com\/wp-content\/uploads\/2023\/05\/f-768x576.jpg 768w\" sizes=\"(max-width: 1024px) 100vw, 1024px\" \/><\/figure><\/li><\/ul><\/figure>\n","protected":false},"excerpt":{"rendered":"<p>Asociaci\u00f3n Torrijos 1831 21\/05\/23 Dentro de todas las actividades generadas por la Concejal\u00eda de Cultura del Ayuntamiento de M\u00e1laga, para la \u201cNoche en Blanco 2023\u201d, el pasado s\u00e1bado 20 de mayo, la Asociaci\u00f3n Hist\u00f3rico Cultural Torrijos 1831 actu\u00f3 con su obra propia titulada \u201c11 de diciembre de 1831: morir por una mejor vida para los&#8230;<\/p>\n","protected":false},"author":1,"featured_media":3997,"comment_status":"closed","ping_status":"closed","sticky":false,"template":"","format":"standard","meta":[],"categories":[195],"tags":[],"_links":{"self":[{"href":"http:\/\/www.torrijos1831.com\/index.php?rest_route=\/wp\/v2\/posts\/3991"}],"collection":[{"href":"http:\/\/www.torrijos1831.com\/index.php?rest_route=\/wp\/v2\/posts"}],"about":[{"href":"http:\/\/www.torrijos1831.com\/index.php?rest_route=\/wp\/v2\/types\/post"}],"author":[{"embeddable":true,"href":"http:\/\/www.torrijos1831.com\/index.php?rest_route=\/wp\/v2\/users\/1"}],"replies":[{"embeddable":true,"href":"http:\/\/www.torrijos1831.com\/index.php?rest_route=%2Fwp%2Fv2%2Fcomments&post=3991"}],"version-history":[{"count":2,"href":"http:\/\/www.torrijos1831.com\/index.php?rest_route=\/wp\/v2\/posts\/3991\/revisions"}],"predecessor-version":[{"id":3999,"href":"http:\/\/www.torrijos1831.com\/index.php?rest_route=\/wp\/v2\/posts\/3991\/revisions\/3999"}],"wp:featuredmedia":[{"embeddable":true,"href":"http:\/\/www.torrijos1831.com\/index.php?rest_route=\/wp\/v2\/media\/3997"}],"wp:attachment":[{"href":"http:\/\/www.torrijos1831.com\/index.php?rest_route=%2Fwp%2Fv2%2Fmedia&parent=3991"}],"wp:term":[{"taxonomy":"category","embeddable":true,"href":"http:\/\/www.torrijos1831.com\/index.php?rest_route=%2Fwp%2Fv2%2Fcategories&post=3991"},{"taxonomy":"post_tag","embeddable":true,"href":"http:\/\/www.torrijos1831.com\/index.php?rest_route=%2Fwp%2Fv2%2Ftags&post=3991"}],"curies":[{"name":"wp","href":"https:\/\/api.w.org\/{rel}","templated":true}]}}