{"id":4014,"date":"2023-05-29T15:00:19","date_gmt":"2023-05-29T15:00:19","guid":{"rendered":"http:\/\/www.torrijos1831.com\/?p=4014"},"modified":"2023-11-11T11:06:16","modified_gmt":"2023-11-11T11:06:16","slug":"los-integrantes-de-la-asociacion-torrijos-1831-con-alicia-gallego-dando-vida-a-mariana-de-pineda-presentes-en-la-plaza-de-la-marianita-en-el-homenaje-promovido-por-el-ayuntamiento","status":"publish","type":"post","link":"http:\/\/www.torrijos1831.com\/?p=4014","title":{"rendered":"Los integrantes de la Asociaci\u00f3n Torrijos 1831, con Alicia Gallego dando vida a Mariana de Pineda, presentes en la plaza de \u201cla Marianita\u201d, en el homenaje promovido por el Ayuntamiento de Granada."},"content":{"rendered":"<p style=\"text-align: justify;\"><span style=\"color: #800000;\"><strong>Asociaci\u00f3n Torrijos 1831. 29.05.2023.<\/strong><\/span><\/p>\n<p style=\"text-align: justify;\"><span style=\"color: #000000;\"><strong>Creemos que, en el homenaje anual que el Ayuntamiento de Granada hace a la hero\u00edna liberal, Mariana de Pineda, no hay un momento m\u00e1s intenso, que ponga un nudo en la garganta de los espectadores, que cuando nuestra compa\u00f1era Alicia Gallego da vida a los \u00faltimos momentos a la hero\u00edna liberal, con hermosas frases po\u00e9ticas, no exentas en la interpretaci\u00f3n, de fuerza y convicciones morales en la defensa de sus ideales, y que reflejan sobre todo, la verg\u00fcenza hist\u00f3rica del poder absoluto del monarca Fernando VII, que puso toda la maquinaria de su poder, con abusos policiales y judiciales por medio, para acabar con aquella joven mujer, cuyo valor inquebrantable le acompa\u00f1\u00f3 hasta el \u00faltimo suspiro de su vida. El alcalde de Granada, felicit\u00f3 una vez m\u00e1s a Alicia y a toda la Asociaci\u00f3n Torrijos 1831, que cada a\u00f1o comparece altruistamente, vestida de \u00e9poca, en la se\u00f1alada fecha del 26 de mayo.<\/strong><\/span><\/p>\n<p style=\"text-align: justify;\"><span style=\"color: #800000;\"><strong>La ejecuci\u00f3n en el Campo del Triunfo.<\/strong><\/span><\/p>\n<p style=\"text-align: justify;\"><span style=\"color: #000000;\"><strong>A pesar de la convincente defensa, basada en Derecho, que hizo su abogado, Mariana Pineda fue condenada a muerte, porque en aquel estado tir\u00e1nico del absolutismo, ya lo estaba antes de empezar el propio juicio. El d\u00eda de su ejecuci\u00f3n, al parecer, hab\u00eda preparada una operaci\u00f3n de los liberales destinada a liberarla durante el trayecto que la conduc\u00eda desde el convento de las Arrecogidas hasta el Campo del Triunfo, donde se hab\u00eda elevado el cadalso, pero nadie apareci\u00f3 para salvarla. Mariana march\u00f3 a la muerte montada en una mula y fuertemente escoltada. El l\u00fagubre cortejo sali\u00f3 por la puerta de Elvira, al campo exterior. As\u00ed que nada impidi\u00f3 su muerte por garrote vil el 26 de mayo de 1831, a los veintis\u00e9is a\u00f1os de edad. Se cuenta, que mantuvo su dignidad hasta el final, neg\u00e1ndose a que le quitaran las ligas para \u201cno ir al pat\u00edbulo con las medias ca\u00eddas\u00bb. Su ejecuci\u00f3n pretendi\u00f3 castigar la causa de los liberales, pero su efecto fue el contrario, pues fue reconocida como m\u00e1rtir y s\u00edmbolo popular de la lucha contra la falta de libertades y derechos, convertirti\u00e9ndose en personaje principal de varias piezas dram\u00e1ticas, poemas y ensayos, y en un ejemplo en la defensa de las libertades en nuestro pa\u00eds.<\/strong><\/span><br><span style=\"color: #000000;\"><strong>Un lugar para sus restos.<\/strong><\/span><br><span style=\"color: #000000;\"><strong>Los restos de Mariana de Pineda fueron inhumados en el cementerio de Almengor, lugar pr\u00f3ximo al de ajusticiamiento, situado junto al r\u00edo Beiro. En 1836 fueron exhumados y depositados en la bas\u00edlica de la Virgen de las Angustias. Desde 1856, est\u00e1 situados en la cripta de la catedral de Granada, donde permanecen, bajo una sencilla l\u00e1pida.<\/strong><\/span><\/p>\n<p style=\"text-align: justify;\"><span style=\"color: #800000;\"><strong>Datos de la Asociaci\u00f3n Hist\u00f3rico Cultural Torrijos 1831.<\/strong><\/span><\/p>\n<p style=\"text-align: justify;\"><span style=\"color: #000000;\"><strong>Tipo de Asociaci\u00f3n: cultural, dedicada a la investigaci\u00f3n hist\u00f3rica, y recreadora en sus actuaciones en p\u00fablico para exponer los hechos que representa. \u00c1mbito de actuaci\u00f3n: Nacional (inscrita en el Registro Nacional de Asociaciones y Junta de Andaluc\u00eda). Inici\u00f3 su periodo constituyente en el a\u00f1o 2002, siendo legalizada en 2003. Fue un proyecto original desde el principio, pues en Espa\u00f1a no se hab\u00eda creado anteriormente una Asociaci\u00f3n sobre el personaje hist\u00f3rico de Jos\u00e9 Mar\u00eda Torrijos y Uriarte, h\u00e9roe de la Guerra de Independencia y defensor de las libertades y derechos constitucionales frente al poder absoluto del reinado de Fernando VII. Original en las formas, dedicaci\u00f3n y fines, que recogen sus estatutos, cimentando sus antecedentes en los precursores que trabajaron sobre el personaje de Torrijos en la provincia de M\u00e1laga, en las d\u00e9cadas de los a\u00f1os ochenta y noventa del siglo XX y primeros a\u00f1os del XXI.<\/strong><\/span><br><span style=\"color: #000000;\"><strong>Como colectivo de recreaciones hist\u00f3ricas, es el m\u00e1s antiguo de las dedicadas al siglo XIX, en Andaluc\u00eda. En cuanto a las representaciones relativas a la Guerra de la Independencia en las que participa la Asociaci\u00f3n, la recreaci\u00f3n insignia, creada en 2007, es el \u201cRegimiento de Infanter\u00eda de M\u00e1laga\u201d, unidad titular de M\u00e1laga, que salvo un periodo de disoluci\u00f3n, tuvo vida castrense desde 1701 a 1893, siendo su historial heredado por el Regimiento Melilla en sus diferentes numeraciones, y que fue disuelto en M\u00e1laga, en 1985. Para entrar en su historial y actividades: regimientodeinfanteriademalaga.blogspot.com<\/strong><\/span><br><span style=\"color: #000000;\"><strong>Correo de Contacto: asociaci\u00f3ntorrijos1831@gmail.com Tambi\u00e9n, a trav\u00e9s de este correo se pueden solicitar visitas concertadas al Centro de Interpretaci\u00f3n Hist\u00f3rico Jos\u00e9 Mar\u00eda Torrijos (Refectorio), en el barrio de El Perchel de M\u00e1laga. Tel\u00e9fono de contacto: 952234039. P\u00e1gina web: www.torrijos1831.com<\/strong><\/span><\/p>\n\n\n<figure class=\"wp-block-gallery columns-1 is-cropped\"><ul class=\"blocks-gallery-grid\"><li class=\"blocks-gallery-item\"><figure><img loading=\"lazy\" width=\"1024\" height=\"744\" src=\"http:\/\/www.torrijos1831.com\/wp-content\/uploads\/2023\/05\/222-1-1024x744.jpg\" alt=\"\" data-id=\"4015\" data-full-url=\"http:\/\/www.torrijos1831.com\/wp-content\/uploads\/2023\/05\/222-1.jpg\" data-link=\"http:\/\/www.torrijos1831.com\/?attachment_id=4015\" class=\"wp-image-4015\" srcset=\"http:\/\/www.torrijos1831.com\/wp-content\/uploads\/2023\/05\/222-1-1024x744.jpg 1024w, http:\/\/www.torrijos1831.com\/wp-content\/uploads\/2023\/05\/222-1-300x218.jpg 300w, http:\/\/www.torrijos1831.com\/wp-content\/uploads\/2023\/05\/222-1-768x558.jpg 768w, http:\/\/www.torrijos1831.com\/wp-content\/uploads\/2023\/05\/222-1-1536x1117.jpg 1536w, http:\/\/www.torrijos1831.com\/wp-content\/uploads\/2023\/05\/222-1-2048x1489.jpg 2048w\" sizes=\"(max-width: 1024px) 100vw, 1024px\" \/><\/figure><\/li><\/ul><\/figure>\n","protected":false},"excerpt":{"rendered":"<p>Asociaci\u00f3n Torrijos 1831. 29.05.2023. Creemos que, en el homenaje anual que el Ayuntamiento de Granada hace a la hero\u00edna liberal, Mariana de Pineda, no hay un momento m\u00e1s intenso, que ponga un nudo en la garganta de los espectadores, que cuando nuestra compa\u00f1era Alicia Gallego da vida a los \u00faltimos momentos a la hero\u00edna liberal,&#8230;<\/p>\n","protected":false},"author":1,"featured_media":4016,"comment_status":"closed","ping_status":"closed","sticky":false,"template":"","format":"standard","meta":[],"categories":[185,194],"tags":[],"_links":{"self":[{"href":"http:\/\/www.torrijos1831.com\/index.php?rest_route=\/wp\/v2\/posts\/4014"}],"collection":[{"href":"http:\/\/www.torrijos1831.com\/index.php?rest_route=\/wp\/v2\/posts"}],"about":[{"href":"http:\/\/www.torrijos1831.com\/index.php?rest_route=\/wp\/v2\/types\/post"}],"author":[{"embeddable":true,"href":"http:\/\/www.torrijos1831.com\/index.php?rest_route=\/wp\/v2\/users\/1"}],"replies":[{"embeddable":true,"href":"http:\/\/www.torrijos1831.com\/index.php?rest_route=%2Fwp%2Fv2%2Fcomments&post=4014"}],"version-history":[{"count":2,"href":"http:\/\/www.torrijos1831.com\/index.php?rest_route=\/wp\/v2\/posts\/4014\/revisions"}],"predecessor-version":[{"id":4584,"href":"http:\/\/www.torrijos1831.com\/index.php?rest_route=\/wp\/v2\/posts\/4014\/revisions\/4584"}],"wp:featuredmedia":[{"embeddable":true,"href":"http:\/\/www.torrijos1831.com\/index.php?rest_route=\/wp\/v2\/media\/4016"}],"wp:attachment":[{"href":"http:\/\/www.torrijos1831.com\/index.php?rest_route=%2Fwp%2Fv2%2Fmedia&parent=4014"}],"wp:term":[{"taxonomy":"category","embeddable":true,"href":"http:\/\/www.torrijos1831.com\/index.php?rest_route=%2Fwp%2Fv2%2Fcategories&post=4014"},{"taxonomy":"post_tag","embeddable":true,"href":"http:\/\/www.torrijos1831.com\/index.php?rest_route=%2Fwp%2Fv2%2Ftags&post=4014"}],"curies":[{"name":"wp","href":"https:\/\/api.w.org\/{rel}","templated":true}]}}