{"id":4020,"date":"2023-06-13T20:32:42","date_gmt":"2023-06-13T20:32:42","guid":{"rendered":"http:\/\/www.torrijos1831.com\/?p=4020"},"modified":"2023-11-11T11:04:55","modified_gmt":"2023-11-11T11:04:55","slug":"una-comision-de-la-asociacion-historico-cultural-torrijos-1831-visita-tuna-asturias-lugar-donde-nacio-el-general-liberal-rafael-del-riego","status":"publish","type":"post","link":"http:\/\/www.torrijos1831.com\/?p=4020","title":{"rendered":"Una comisi\u00f3n de la Asociaci\u00f3n Hist\u00f3rico Cultural Torrijos 1831 visita Tu\u00f1a (Asturias), lugar donde naci\u00f3 el general liberal Rafael del Riego."},"content":{"rendered":"<p style=\"text-align: justify;\"><span style=\"color: #800000;\"><strong>Asociaci\u00f3n Torrijos 1831 09.06.23<\/strong><\/span><\/p>\n<p style=\"text-align: justify;\"><strong><span style=\"color: #000000;\">Por el significado y labor que realiza nuestro colectivo desde 2002, entre lo que se contempla como actividad complementaria, visitar los parajes y lugares que tuvieron que ver con la vida y la historia de aquellos personajes decimon\u00f3nicos que, de una u otra manera, estuvieron vinculados con nuestra primera Constituci\u00f3n, la gaditana de 1812; una comisi\u00f3n de la Asociaci\u00f3n Hist\u00f3rico Cultural Torrijos 1831, con Alicia Gallego, vicepresidenta del colectivo, ha visitado la peque\u00f1a localidad de Tu\u00f1a (Asturias), lugar donde naci\u00f3 el muy conocido general liberal Rafael del Riego. Tu\u00f1a es una parroquia de concejo de Tineo (cuyo alcalde entreg\u00f3 en 2019, la bandera del concejo a la Asociaci\u00f3n Torrijos 1831). Ha sido declarado Premio Pr\u00edncipe de Asturias al pueblo ejemplar, en el a\u00f1o 2000. En Tu\u00f1a destaca el n\u00famero de casonas palaciegas pertenecientes a diferentes familias nobiliarias.<\/span><\/strong><\/p>\n<p style=\"text-align: justify;\"><span style=\"color: #800000;\"><strong>La ni\u00f1ez y juventud de Rafael del Riego.<\/strong><\/span><\/p>\n<p style=\"text-align: justify;\"><strong><span style=\"color: #000000;\">En este a\u00f1o de 2023, en el que nos encontramos en el Bicentenario de la ejecuci\u00f3n de Rafael del Riego, esta visita a Tu\u00f1a est\u00e1 llena de simbolismo. Rafael del Riego Fl\u00f3rez naci\u00f3 en el seno de una familia hidalga de ondas ra\u00edces asturianas, el 7 de abril de 1784. Su padre, Eugenio del Riego N\u00fa\u00f1ez, era administrador general de Correos y poeta. Su madre se llamaba Teresa Fl\u00f3rez Vald\u00e9s. Rafael estudi\u00f3 en la Universidad de Oviedo, donde obtuvo el t\u00edtulo de bachiller, inici\u00e1ndose en la carrera de Leyes. En 1807 se traslad\u00f3 a Madrid para emprender la carrera militar, como tantos otros hijos de la baja nobleza asturiana venida a menos (las otras alternativas eran la administraci\u00f3n civil y la Iglesia; esta \u00faltima es la que eligi\u00f3 su hermano mayor Miguel del Riego, can\u00f3nigo). Tras presentar las preceptivas pruebas de limpieza de sangre ingres\u00f3 en la Guardia de Corps (concretamente en la Compa\u00f1\u00eda americana de tropas de la Real Persona). Cuando en marzo de 1808 estall\u00f3 el mot\u00edn de Aranjuez su unidad se encontraba all\u00ed.<\/span><\/strong><br><strong><span style=\"color: #000000;\">Luchando en la Guerra de la Independencia cae prisionero de los franceses.<\/span><\/strong><br><strong><span style=\"color: #000000;\">Cuando se produjo el 2 de mayo de 1808, en Madrid, Riego se encontraba confinado en Aranjuez por haber desobedecido las \u00f3rdenes del mariscal Murat, que comandaba las tropas napole\u00f3nicas en Espa\u00f1a. Consigui\u00f3 escapar disfrazado de pastor con la intenci\u00f3n de llegar a Asturias y hacer frente desde all\u00ed a la invasi\u00f3n francesa. Cuando lleg\u00f3 a Villapando (Zamora), fue encarcelado acusado de ser un esp\u00eda franc\u00e9s (el aspecto de caballerete de buena familia que se advert\u00eda tras su indumentaria de pastor puso en guardia a aquel grupo de patriotas). Gracias a que lo reconoci\u00f3 un franciscano que hab\u00eda vivido en su pueblo natal pudo abandonar la prisi\u00f3n y proseguir su viaje a Asturias. En Le\u00f3n se encontr\u00f3 con su hermano el can\u00f3nigo que estaba all\u00ed como enviado de la junta Suprema de Asturias que hab\u00eda sido creada para organizar la resistencia contra los franceses. Al llegar a Oviedo fue nombrado capit\u00e1n del Regimiento de Infanter\u00eda de Tineo y, como tal, se incorpor\u00f3 al estado mayor del general Acevedo, que estaba organizando un ej\u00e9rcito con el que unirse a las tropas comandadas por el general Blake. A principios de noviembre del ya citado 1808, el ej\u00e9rcito de Acevedo fue derrotado en la batalla de Espinosa de los Monteros (Burgos) y el 13 de noviembre el capit\u00e1n Riego fue hecho prisionero en Reinosa por las tropas francesas que persegu\u00edan a los restos del ej\u00e9rcito espa\u00f1ol. \u00abAl parecer, el joven oficial tuvo ocasi\u00f3n de huir antes de la llegada de los franceses, pero prefiri\u00f3 quedarse junto al general Acevedo, gravemente herido, aun a riesgo de caer en poder del enemigo, como as\u00ed fue\u00bb.<\/span><\/strong><\/p>\n<p style=\"text-align: justify;\"><span style=\"color: #800000;\"><strong>Prisionero y deportado a Francia.<\/strong><\/span><\/p>\n<p style=\"text-align: justify;\"><strong><span style=\"color: #000000;\">Deportado al pa\u00eds galo donde pas\u00f3 el resto de la guerra. Fue confinado en los \u00abdep\u00f3sitos\u00bb de Dijon y Macon, y finalmente a Chal\u00e1n-sur-Seone, cerca de la frontera suiza. All\u00ed vivi\u00f3 con muchas privaciones en un r\u00e9gimen de semi-libertad (subsist\u00eda gracias al dinero que le enviaba su familia), cuando efectivamente llegaba la deseada ayuda. Se discute si fue durante el cautiverio en Francia cuando Riego adopt\u00f3 el ideario del liberalismo e ingres\u00f3 en la masoner\u00eda. El historiador Juan Francisco Fuentes recuerda que \u00ablas ideas lustradas y una cierta cultura liberal formaban parte del ambiente familiar en que se hab\u00eda educado\u00bb Rafael del Riego, y en cuanto a su afiliaci\u00f3n a la masoner\u00eda se\u00f1ala que existen testimonios a favor y en contra. Lo que s\u00ed hizo durante su cautiverio fue aprender franc\u00e9s e ingl\u00e9s y tomar algunas lecciones de comercio. En 1813 logr\u00f3 escapar de Francia, y tras atravesar Alemania, alcanz\u00f3 la costa holandesa. Desde all\u00ed se traslad\u00f3 en barco a Londres donde lleg\u00f3 en enero de 1814. En Plymouth se embarc\u00f3 de nuevo para llegar a La Coru\u00f1a, llegando a tiempo de jurar la Constituci\u00f3n de 1812, ante el general Lacy, antes que Fernando VII la derogara. Tras varios destinos de guarnici\u00f3n como Madrid, Bilbao, Logro\u00f1o y La Carolina, Riego ser\u00eda destinado en 1819, como teniente coronel, al mando del II Batall\u00f3n del Regimiento Asturias, acantonado en las Cabezas de San Juan (Sevilla). Fue all\u00ed donde su figura entrar\u00eda en la historia de nuestro pa\u00eds, en 1820.<\/span><\/strong><\/p>\n<p style=\"text-align: justify;\"><span style=\"color: #800000;\"><strong>Datos de la Asociaci\u00f3n Hist\u00f3rico Cultural Torrijos 1831.<\/strong><\/span><\/p>\n<p style=\"text-align: justify;\"><strong><span style=\"color: #000000;\">Tipo de Asociaci\u00f3n: cultural, dedicada a la investigaci\u00f3n hist\u00f3rica, y recreadora en sus actuaciones en p\u00fablico para exponer los hechos que representa. \u00c1mbito de actuaci\u00f3n: Nacional (inscrita en el Registro Nacional de Asociaciones y Junta de Andaluc\u00eda). Inici\u00f3 su periodo constituyente en el a\u00f1o 2002, siendo legalizada en 2003. Fue un proyecto original desde el principio, pues en Espa\u00f1a no se hab\u00eda creado anteriormente una Asociaci\u00f3n sobre el personaje hist\u00f3rico de Jos\u00e9 Mar\u00eda Torrijos y Uriarte, h\u00e9roe de la Guerra de Independencia y defensor de las libertades y derechos constitucionales frente al poder absoluto del reinado de Fernando VII. Original en las formas, dedicaci\u00f3n y fines, que recogen sus estatutos, cimentando sus antecedentes en los precursores que trabajaron sobre el personaje de Torrijos en la provincia de M\u00e1laga, en las d\u00e9cadas de los a\u00f1os ochenta y noventa del siglo XX y primeros a\u00f1os del XXI.<\/span><\/strong><br><strong><span style=\"color: #000000;\">Como colectivo de recreaciones hist\u00f3ricas, es el m\u00e1s antiguo de las dedicadas al siglo XIX, en Andaluc\u00eda. En cuanto a las representaciones relativas a la Guerra de la Independencia en las que participa la Asociaci\u00f3n, la recreaci\u00f3n insignia, creada en 2007, es el \u201cRegimiento de Infanter\u00eda de M\u00e1laga\u201d, unidad titular de M\u00e1laga, que salvo un periodo de disoluci\u00f3n, tuvo vida castrense desde 1701 a 1893, siendo su historial heredado por el Regimiento Melilla en sus diferentes numeraciones, y que fue disuelto en M\u00e1laga, en 1985. Para entrar en su historial y actividades: regimientodeinfanteriademalaga.blogspot.com<\/span><\/strong><br><strong><span style=\"color: #000000;\">Correo de Contacto: asociaci\u00f3ntorrijos1831@gmail.com Tambi\u00e9n, a trav\u00e9s de este correo se pueden solicitar visitas concertadas al Centro de Interpretaci\u00f3n Hist\u00f3rico Jos\u00e9 Mar\u00eda Torrijos (Refectorio), en el barrio de El Perchel de M\u00e1laga. Tel\u00e9fono de contacto: 952234039. P\u00e1gina web: www.torrijos1831.com<\/span><\/strong><\/p>\n\n\n<figure class=\"wp-block-image size-large\"><img loading=\"lazy\" width=\"1024\" height=\"744\" src=\"https:\/\/www.torrijos1831.com\/wp-content\/uploads\/2023\/06\/a-1024x744.jpg\" alt=\"\" class=\"wp-image-4021\" srcset=\"http:\/\/www.torrijos1831.com\/wp-content\/uploads\/2023\/06\/a-1024x744.jpg 1024w, http:\/\/www.torrijos1831.com\/wp-content\/uploads\/2023\/06\/a-300x218.jpg 300w, http:\/\/www.torrijos1831.com\/wp-content\/uploads\/2023\/06\/a-768x558.jpg 768w, http:\/\/www.torrijos1831.com\/wp-content\/uploads\/2023\/06\/a-1536x1117.jpg 1536w, http:\/\/www.torrijos1831.com\/wp-content\/uploads\/2023\/06\/a-2048x1489.jpg 2048w\" sizes=\"(max-width: 1024px) 100vw, 1024px\" \/><\/figure>\n","protected":false},"excerpt":{"rendered":"<p>Asociaci\u00f3n Torrijos 1831 09.06.23 Por el significado y labor que realiza nuestro colectivo desde 2002, entre lo que se contempla como actividad complementaria, visitar los parajes y lugares que tuvieron que ver con la vida y la historia de aquellos personajes decimon\u00f3nicos que, de una u otra manera, estuvieron vinculados con nuestra primera Constituci\u00f3n, la&#8230;<\/p>\n","protected":false},"author":1,"featured_media":4021,"comment_status":"closed","ping_status":"closed","sticky":false,"template":"","format":"standard","meta":[],"categories":[194,203],"tags":[],"_links":{"self":[{"href":"http:\/\/www.torrijos1831.com\/index.php?rest_route=\/wp\/v2\/posts\/4020"}],"collection":[{"href":"http:\/\/www.torrijos1831.com\/index.php?rest_route=\/wp\/v2\/posts"}],"about":[{"href":"http:\/\/www.torrijos1831.com\/index.php?rest_route=\/wp\/v2\/types\/post"}],"author":[{"embeddable":true,"href":"http:\/\/www.torrijos1831.com\/index.php?rest_route=\/wp\/v2\/users\/1"}],"replies":[{"embeddable":true,"href":"http:\/\/www.torrijos1831.com\/index.php?rest_route=%2Fwp%2Fv2%2Fcomments&post=4020"}],"version-history":[{"count":3,"href":"http:\/\/www.torrijos1831.com\/index.php?rest_route=\/wp\/v2\/posts\/4020\/revisions"}],"predecessor-version":[{"id":4583,"href":"http:\/\/www.torrijos1831.com\/index.php?rest_route=\/wp\/v2\/posts\/4020\/revisions\/4583"}],"wp:featuredmedia":[{"embeddable":true,"href":"http:\/\/www.torrijos1831.com\/index.php?rest_route=\/wp\/v2\/media\/4021"}],"wp:attachment":[{"href":"http:\/\/www.torrijos1831.com\/index.php?rest_route=%2Fwp%2Fv2%2Fmedia&parent=4020"}],"wp:term":[{"taxonomy":"category","embeddable":true,"href":"http:\/\/www.torrijos1831.com\/index.php?rest_route=%2Fwp%2Fv2%2Fcategories&post=4020"},{"taxonomy":"post_tag","embeddable":true,"href":"http:\/\/www.torrijos1831.com\/index.php?rest_route=%2Fwp%2Fv2%2Ftags&post=4020"}],"curies":[{"name":"wp","href":"https:\/\/api.w.org\/{rel}","templated":true}]}}