{"id":4153,"date":"2023-09-06T09:25:33","date_gmt":"2023-09-06T09:25:33","guid":{"rendered":"http:\/\/www.torrijos1831.com\/?p=4153"},"modified":"2023-09-06T17:44:00","modified_gmt":"2023-09-06T17:44:00","slug":"conmemoracion-de-la-batalla-del-trocadero-acto-en-la-plaza-del-ayuntamiento-de-puerto-real-agradecimientos-felicitaciones-y-entrega-de-recuerdos-del-bicentenario-1823-2023","status":"publish","type":"post","link":"http:\/\/www.torrijos1831.com\/?p=4153","title":{"rendered":"Conmemoraci\u00f3n de la batalla del Trocadero. Acto en la plaza del Ayuntamiento de Puerto Real. Agradecimientos, felicitaciones y entrega de recuerdos del Bicentenario (1823-2023)."},"content":{"rendered":"<p style=\"text-align: justify;\"><strong><span style=\"color: #000000;\">Asociaci\u00f3n Torrijos 1831 06\/09\/2023<\/span><\/strong><\/p>\n<p style=\"text-align: justify;\"><strong><span style=\"color: #000000;\">Tras el largo desfile por el paseo mar\u00edtimo y las calles de Puerto Real, las asociaciones de recreaciones hist\u00f3ricas desembocaron en la plaza del Ayuntamiento de Puerto Real, donde se encontraban las autoridades, entre ellas la alcaldesa de Puerto Real y el alcalde de C\u00e1diz. La alcaldesa de Puerto Real, Aurora Salvador Colorado, destac\u00f3 en su discurso el valor y la lucha de las tropas espa\u00f1olas que defendieron las fortificaciones del Trocadero, en aquel terrible mes de agosto de 1823, y lo principal, su compromiso por sostener las libertades y derechos constitucionales de los espa\u00f1oles, frente a un poderoso ej\u00e9rcito absolutista y extranjero, cuyo nombre ha quedado en la historia como \u201cLos Cien mil hijos de San Lu\u00eds\u201d. Intervino con un discurso, el franc\u00e9s Pierre de Ligond\u00e9s, presidente de la Asociaci\u00f3n Bataillon de Chasseur de Montagne Pyreneens, y descendiente de Julian de Ligond\u00e9s, coronel de la Guardia de Corps de Lu\u00eds XVIII, que particip\u00f3 en la batalla del Trocadero, doscientos a\u00f1os atr\u00e1s. Lleg\u00f3 despu\u00e9s la entrega de recuerdos del Bicentenario de la batalla del Trocadero a cada una de las asociaciones presentes, a trav\u00e9s de sus respectivos presidentes, y m\u00e1s tarde, le fueron entregados, de forma personalizada, a cada uno de los recreadores. En un siguiente art\u00edculo contaremos la recreaci\u00f3n hist\u00f3rica sobre la batalla del Trocadero realizada el pasado 3 de septiembre.<\/span><\/strong><\/p>\n<p style=\"text-align: justify;\"><span style=\"color: #800000;\"><strong>Datos de la Asociaci\u00f3n Hist\u00f3rico Cultural Torrijos 1831.<\/strong><\/span><\/p>\n<p style=\"text-align: justify;\"><strong><span style=\"color: #000000;\">Tipo de Asociaci\u00f3n: cultural, dedicada a la investigaci\u00f3n hist\u00f3rica, y recreadora en sus actuaciones en p\u00fablico para exponer los hechos que representa. \u00c1mbito de actuaci\u00f3n: regional, recogida en el Registro de Asociaciones la Junta de Andaluc\u00eda. Inici\u00f3 su periodo constituyente en el a\u00f1o 2002, siendo legalizada en 2003. Fue un proyecto original desde el principio, pues en Espa\u00f1a no se hab\u00eda creado anteriormente una Asociaci\u00f3n sobre el personaje hist\u00f3rico de Jos\u00e9 Mar\u00eda Torrijos y Uriarte, h\u00e9roe de la Guerra de Independencia y defensor de las libertades y derechos constitucionales frente al poder absoluto del reinado de Fernando VII. Original en las formas, dedicaci\u00f3n y fines, que recogen sus estatutos, cimentando sus antecedentes en los precursores que trabajaron sobre el personaje de Torrijos en la provincia de M\u00e1laga, en las d\u00e9cadas de los a\u00f1os ochenta y noventa del siglo XX y primeros a\u00f1os del XXI.<\/span><\/strong><br><strong><span style=\"color: #000000;\">Como colectivo de recreaciones hist\u00f3ricas, es el m\u00e1s antiguo de las dedicadas al siglo XIX, en Andaluc\u00eda. En cuanto a las representaciones relativas a la Guerra de la Independencia en las que participa la Asociaci\u00f3n, la recreaci\u00f3n insignia, creada en 2007, es el \u201cRegimiento de Infanter\u00eda de M\u00e1laga\u201d, unidad titular de M\u00e1laga, que salvo un periodo de disoluci\u00f3n, tuvo vida castrense desde 1701 a 1893, siendo su historial heredado por el Regimiento Melilla en sus diferentes numeraciones, y que fue disuelto en M\u00e1laga, en 1985. Para entrar en su historial y actividades: regimientodeinfanteriademalaga.blogspot.com<\/span><\/strong><br><strong><span style=\"color: #000000;\">Correo de Contacto: asociaci\u00f3ntorrijos1831@gmail.com Tambi\u00e9n, a trav\u00e9s de este correo se pueden solicitar visitas concertadas al Centro de Interpretaci\u00f3n Hist\u00f3rico Jos\u00e9 Mar\u00eda Torrijos (Refectorio), en el barrio de El Perchel de M\u00e1laga. Tel\u00e9fono de contacto: 952234039. P\u00e1gina web: www.torrijos1831.com<\/span><\/strong><\/p>\n\n\n<figure class=\"wp-block-image size-large\"><img loading=\"lazy\" width=\"1024\" height=\"744\" src=\"https:\/\/www.torrijos1831.com\/wp-content\/uploads\/2023\/09\/3-18-copia-1024x744.jpg\" alt=\"\" class=\"wp-image-4154\" srcset=\"http:\/\/www.torrijos1831.com\/wp-content\/uploads\/2023\/09\/3-18-copia-1024x744.jpg 1024w, http:\/\/www.torrijos1831.com\/wp-content\/uploads\/2023\/09\/3-18-copia-300x218.jpg 300w, http:\/\/www.torrijos1831.com\/wp-content\/uploads\/2023\/09\/3-18-copia-768x558.jpg 768w, http:\/\/www.torrijos1831.com\/wp-content\/uploads\/2023\/09\/3-18-copia-1536x1117.jpg 1536w, http:\/\/www.torrijos1831.com\/wp-content\/uploads\/2023\/09\/3-18-copia-2048x1489.jpg 2048w\" sizes=\"(max-width: 1024px) 100vw, 1024px\" \/><\/figure>\n\n\n\n<figure class=\"wp-block-image size-large\"><img loading=\"lazy\" width=\"1024\" height=\"744\" src=\"https:\/\/www.torrijos1831.com\/wp-content\/uploads\/2023\/09\/3-19-copia-1024x744.jpg\" alt=\"\" class=\"wp-image-4158\" srcset=\"http:\/\/www.torrijos1831.com\/wp-content\/uploads\/2023\/09\/3-19-copia-1024x744.jpg 1024w, http:\/\/www.torrijos1831.com\/wp-content\/uploads\/2023\/09\/3-19-copia-300x218.jpg 300w, http:\/\/www.torrijos1831.com\/wp-content\/uploads\/2023\/09\/3-19-copia-768x558.jpg 768w, http:\/\/www.torrijos1831.com\/wp-content\/uploads\/2023\/09\/3-19-copia-1536x1117.jpg 1536w, http:\/\/www.torrijos1831.com\/wp-content\/uploads\/2023\/09\/3-19-copia-2048x1489.jpg 2048w\" sizes=\"(max-width: 1024px) 100vw, 1024px\" \/><\/figure>\n\n\n\n<figure class=\"wp-block-image size-large\"><img loading=\"lazy\" width=\"1024\" height=\"744\" src=\"https:\/\/www.torrijos1831.com\/wp-content\/uploads\/2023\/09\/3-20-copia-1024x744.jpg\" alt=\"\" class=\"wp-image-4159\" srcset=\"http:\/\/www.torrijos1831.com\/wp-content\/uploads\/2023\/09\/3-20-copia-1024x744.jpg 1024w, http:\/\/www.torrijos1831.com\/wp-content\/uploads\/2023\/09\/3-20-copia-300x218.jpg 300w, http:\/\/www.torrijos1831.com\/wp-content\/uploads\/2023\/09\/3-20-copia-768x558.jpg 768w, http:\/\/www.torrijos1831.com\/wp-content\/uploads\/2023\/09\/3-20-copia-1536x1117.jpg 1536w, http:\/\/www.torrijos1831.com\/wp-content\/uploads\/2023\/09\/3-20-copia-2048x1489.jpg 2048w\" sizes=\"(max-width: 1024px) 100vw, 1024px\" \/><\/figure>\n\n\n\n<p><\/p>\n","protected":false},"excerpt":{"rendered":"<p>Asociaci\u00f3n Torrijos 1831 06\/09\/2023 Tras el largo desfile por el paseo mar\u00edtimo y las calles de Puerto Real, las asociaciones de recreaciones hist\u00f3ricas desembocaron en la plaza del Ayuntamiento de Puerto Real, donde se encontraban las autoridades, entre ellas la alcaldesa de Puerto Real y el alcalde de C\u00e1diz. La alcaldesa de Puerto Real, Aurora&#8230;<\/p>\n","protected":false},"author":1,"featured_media":4162,"comment_status":"closed","ping_status":"closed","sticky":false,"template":"","format":"standard","meta":[],"categories":[197],"tags":[],"_links":{"self":[{"href":"http:\/\/www.torrijos1831.com\/index.php?rest_route=\/wp\/v2\/posts\/4153"}],"collection":[{"href":"http:\/\/www.torrijos1831.com\/index.php?rest_route=\/wp\/v2\/posts"}],"about":[{"href":"http:\/\/www.torrijos1831.com\/index.php?rest_route=\/wp\/v2\/types\/post"}],"author":[{"embeddable":true,"href":"http:\/\/www.torrijos1831.com\/index.php?rest_route=\/wp\/v2\/users\/1"}],"replies":[{"embeddable":true,"href":"http:\/\/www.torrijos1831.com\/index.php?rest_route=%2Fwp%2Fv2%2Fcomments&post=4153"}],"version-history":[{"count":4,"href":"http:\/\/www.torrijos1831.com\/index.php?rest_route=\/wp\/v2\/posts\/4153\/revisions"}],"predecessor-version":[{"id":4163,"href":"http:\/\/www.torrijos1831.com\/index.php?rest_route=\/wp\/v2\/posts\/4153\/revisions\/4163"}],"wp:featuredmedia":[{"embeddable":true,"href":"http:\/\/www.torrijos1831.com\/index.php?rest_route=\/wp\/v2\/media\/4162"}],"wp:attachment":[{"href":"http:\/\/www.torrijos1831.com\/index.php?rest_route=%2Fwp%2Fv2%2Fmedia&parent=4153"}],"wp:term":[{"taxonomy":"category","embeddable":true,"href":"http:\/\/www.torrijos1831.com\/index.php?rest_route=%2Fwp%2Fv2%2Fcategories&post=4153"},{"taxonomy":"post_tag","embeddable":true,"href":"http:\/\/www.torrijos1831.com\/index.php?rest_route=%2Fwp%2Fv2%2Ftags&post=4153"}],"curies":[{"name":"wp","href":"https:\/\/api.w.org\/{rel}","templated":true}]}}