{"id":4372,"date":"2023-10-25T13:43:12","date_gmt":"2023-10-25T13:43:12","guid":{"rendered":"http:\/\/www.torrijos1831.com\/?p=4372"},"modified":"2023-11-11T09:46:46","modified_gmt":"2023-11-11T09:46:46","slug":"comienzan-los-actos-de-la-celebracion-del-bicentenario-de-la-defensa-que-el-general-torrijos-y-sus-tropas-hicieron-del-sistema-constitucional-espanol-en-cartagena-frente-al-poderoso-ejercito-frances","status":"publish","type":"post","link":"http:\/\/www.torrijos1831.com\/?p=4372","title":{"rendered":"Comienzan los actos de la celebraci\u00f3n del Bicentenario de la defensa que el general Torrijos y sus tropas hicieron del sistema constitucional espa\u00f1ol, en Cartagena, frente al poderoso ej\u00e9rcito franc\u00e9s de los Cien mil hijos de San Lu\u00eds."},"content":{"rendered":"<p style=\"text-align: justify;\"><strong><span style=\"color: #000000;\">Asociaci\u00f3n Torrijos 1831.&nbsp;&nbsp;&nbsp;&nbsp;&nbsp;&nbsp; 25\/10\/23<\/span><\/strong><\/p>\n<p style=\"text-align: justify;\"><strong><span style=\"color: #000000;\">Organizado por la Asociaci\u00f3n Hist\u00f3rico Cultural Torrijos 1831, y tal como estaba previsto y divulgado, el pasado 24 de octubre, a las 19\u00b430 h. se inici\u00f3 en el Centro de Interpretaci\u00f3n Hist\u00f3rico Jos\u00e9 Mar\u00eda Torrijos, sito en la Plaza de la libertad, en El Perchel; el primer acto dedicado a conmemorar el Bicentenario de la defensa que el general Torrijos y sus tropas hicieron del sistema constitucional espa\u00f1ol, en Cartagena, frente al poderoso ej\u00e9rcito franc\u00e9s de los Cien mil hijos de San Lu\u00eds. Present\u00f3 el acto, la secretaria del colectivo, Flori Sastre que, a continuaci\u00f3n, dio paso a Jos\u00e9 Enrique Parapar, veterano integrante de la Asociaci\u00f3n Torrijos 1831, que explic\u00f3 la obligatoriedad de explicar los acontecimientos vividos en nuestro pa\u00eds en 1823, para aprender de nuestra historia. Finalmente, el presidente del colectivo, Esteban Alc\u00e1ntara, di\u00f1o una conferencia detallando los aspectos pol\u00edticos y militares que rodearon la defensa del sistema constitucional en Cartagena, con esta ciudad sitiada por el poderoso ej\u00e9rcito extranjero de los Cien mil hijos de San Lu\u00eds.<\/span><\/strong><\/p>\n<p style=\"text-align: justify;\"><strong><span style=\"color: #800000;\">En memoria de aquellos que, en un mar de adversidades, hicieron cuanto estuvo en sus manos por mantener para Espa\u00f1a nuestro primer sistema constitucional.<\/span><\/strong><\/p>\n<p style=\"text-align: justify;\"><strong><span style=\"color: #000000;\">Por los personajes hist\u00f3ricos a los que nos dedicamos desde el a\u00f1o 2002, desde la Asociaci\u00f3n Hist\u00f3rico Cultural Torrijos 1831 consideramos la relevancia que tuvo la defensa de los constitucionalistas de Cartagena, a nivel hist\u00f3rico, pues fue la \u00faltima ciudad de nuestro pa\u00eds donde se preserv\u00f3 el sistema constitucional en el Trienio (1820-1823), y es por ello, por lo que, tras tantos a\u00f1os dedicados a la memoria de Torrijos y sus compa\u00f1eros, nuestro colectivo asume con ilusi\u00f3n, una vez m\u00e1s, un proyecto diferente y no f\u00e1cil, incardinado en nuestra historia: el \u201cBicentenario de la defensa del general Torrijos, del sistema constitucional espa\u00f1ol, en Cartagena. 1823-2023\u201d, con conferencias y recreaciones hist\u00f3ricas, tanto en M\u00e1laga como Cartagena. Adelante pues.<\/span><\/strong><\/p>\n<p style=\"text-align: justify;\"><strong><span style=\"color: #800000;\">Torrijos y su enfrentamiento con el general Ballesteros.<\/span><\/strong><\/p>\n<p style=\"text-align: justify;\"><strong><span style=\"color: #000000;\">A finales de junio de 1823, el general Jos\u00e9 Mar\u00eda Torrijos, sus ayudantes y una escolta, se dirigieron a Baza para encontrarse con el general Ballesteros, que mandaba el 2\u00ba Ej\u00e9rcito de Operaciones, el m\u00e1s numeroso y mejor equipado de los nacionales que deb\u00eda enfrentarse a los franceses de los Cien mil hijos de San Lu\u00eds. A la vez que se acercaba a Baza, los recelos de Torrijos sobre Ballesteros aumentaron. Una vez ante \u00e9l, le dijo que le sorprend\u00eda su r\u00e1pida retirada hacia el sur, dejando a retaguardia tantas plazas con guarniciones nacionales, que sin el apoyo de columnas m\u00f3viles en su exterior, estar\u00edan abocadas a la rendici\u00f3n, precipitando con ello el abandono y desamparo del pa\u00eds. Como aquella retirada no la pod\u00eda justificar militarmente, Ballesteros, de forma alterada, intent\u00f3 justificar su proceder individual arremetiendo con la pol\u00edtica del gobierno liberal, etc. Lo que m\u00e1s delat\u00f3 su posici\u00f3n personal en aquellos momentos fue la frase \u201c\u2026, el levantamiento de la Isla de Le\u00f3n fue un extrav\u00edo\u201d. Con ella arremet\u00eda directamente contra el pronunciamiento de Riego, de 1820, y por tanto, con todo el proceso constitucional del Trienio. Torrijos le respondi\u00f3 cuanto le sorprend\u00eda aquel lenguaje en un hombre al que todos ten\u00edan por el m\u00e1s fiel servidor de la causa de la Libertad, un jefe que gloriosamente la hab\u00eda defendido en el famoso 7 de julio de 1822, y en el que tantas esperanzas ten\u00eda la patria, haci\u00e9ndole ver que m\u00e1s lejos de los aciertos o no de los gobiernos que se hab\u00edan sucedido, ahora, de lo que realmente se trataba era salvar a la naci\u00f3n de una invasi\u00f3n extranjera, integrada por franceses, a los que con tanto sacrificio de seis a\u00f1os de lucha, se hab\u00eda logrado expulsar en 1814. Como de nuevo Ballesteros gir\u00f3 la conversaci\u00f3n hacia lo pol\u00edtico, Torrijos le respondi\u00f3 con acritud \u201cqu\u00e9 amor mostraba por su patria\u201d, exigi\u00e9ndole que concurriese a salvarla del ej\u00e9rcito franc\u00e9s que se dirig\u00eda con rapidez a C\u00e1diz, que separase cualquier mezquina idea de la naci\u00f3n y su bien, y que s\u00f3lo mirase el bien de Espa\u00f1a; y que no huyese de quien no le persegu\u00eda. Incluso le indic\u00f3, que la estrategia deb\u00eda de establecerla en las l\u00edneas del r\u00edo Segura, apoy\u00e1ndose en una retaguardia s\u00f3lida, con las plazas de Cartagena y Alicante a su espalda, a\u00f1adi\u00e9ndoles, que si no sal\u00eda de la par\u00e1lisis en la que se encontraba se hundir\u00eda a s\u00ed mismo y a la naci\u00f3n. Aquellas frases de Torrijos llevaron a tal tensi\u00f3n, que los ayudantes de ambos generales, que estaban en una sala inmediata, creyeron que sacar\u00edan sus sables y se enfrentar\u00edan\u2026 Pero Ballesteros prefiri\u00f3 no hacerlo, respondi\u00e9ndole con c\u00f3lera \u201c\u2026, que \u00e9l sab\u00eda bien lo que ten\u00eda que hacerse\u201d (en realidad ten\u00eda ya muy meditado capitular ante los franceses en la primera oportunidad favorable que se le presentara, como ya hab\u00edan hecho los generales O\u00b4Donnell y Morillo). A partir de ah\u00ed, todo lo que hizo Ballesteros fue intentar quitarse a Torrijos de su lado, un militar con el honor que le faltaba a \u00e9l. Como superior suyo que era, Ballesteros, en una argucia m\u00e1s, le orden\u00f3 tomar el mando del Distrito Militar n\u00ba 8 (regiones de Valencia y Murcia), ya que el 6\u00ba Distrito (Arag\u00f3n), al que hab\u00eda sido destinado Torrijos, en un principio, no exist\u00eda, al haber sido ocupado su territorio por el enemigo. Pese a que Torrijos le dijo que su destino real era el 2\u00ba Ej\u00e9rcito de Operaciones, Ballesteros, furioso, le dijo que al estar \u201ca sus \u00f3rdenes\u201d le remit\u00eda donde \u00e9l mismo creyera conveniente. Viendo la actitud tan negativa de Ballesteros, Torrijos volvi\u00f3 a recriminarle, march\u00e1ndose a continuaci\u00f3n del campamento.<\/span><\/strong><br><strong><span style=\"color: #000000;\">En un siguiente art\u00edculo relataremos la defensa que tanto Torrijos como sus leales compa\u00f1eros hicieron de la ciudad de Cartagena y otras plazas de su jurisdicci\u00f3n en el Distrito Militar n\u00ba 8.<\/span><\/strong><\/p>\n\n\n<figure class=\"wp-block-image size-large\"><img loading=\"lazy\" width=\"1024\" height=\"768\" src=\"https:\/\/www.torrijos1831.com\/wp-content\/uploads\/2023\/10\/7-13-1024x768.jpg\" alt=\"\" class=\"wp-image-4374\" srcset=\"http:\/\/www.torrijos1831.com\/wp-content\/uploads\/2023\/10\/7-13-1024x768.jpg 1024w, http:\/\/www.torrijos1831.com\/wp-content\/uploads\/2023\/10\/7-13-300x225.jpg 300w, http:\/\/www.torrijos1831.com\/wp-content\/uploads\/2023\/10\/7-13-768x576.jpg 768w, http:\/\/www.torrijos1831.com\/wp-content\/uploads\/2023\/10\/7-13-1536x1152.jpg 1536w, http:\/\/www.torrijos1831.com\/wp-content\/uploads\/2023\/10\/7-13.jpg 1807w\" sizes=\"(max-width: 1024px) 100vw, 1024px\" \/><\/figure>\n\n\n\n<figure class=\"wp-block-image size-large\"><img loading=\"lazy\" width=\"1024\" height=\"481\" src=\"https:\/\/www.torrijos1831.com\/wp-content\/uploads\/2023\/10\/7-17-1024x481.jpg\" alt=\"\" class=\"wp-image-4375\" srcset=\"http:\/\/www.torrijos1831.com\/wp-content\/uploads\/2023\/10\/7-17-1024x481.jpg 1024w, http:\/\/www.torrijos1831.com\/wp-content\/uploads\/2023\/10\/7-17-300x141.jpg 300w, http:\/\/www.torrijos1831.com\/wp-content\/uploads\/2023\/10\/7-17-768x361.jpg 768w, http:\/\/www.torrijos1831.com\/wp-content\/uploads\/2023\/10\/7-17-1536x722.jpg 1536w, http:\/\/www.torrijos1831.com\/wp-content\/uploads\/2023\/10\/7-17.jpg 1915w\" sizes=\"(max-width: 1024px) 100vw, 1024px\" \/><\/figure>\n\n\n\n<figure class=\"wp-block-image size-large\"><img loading=\"lazy\" width=\"1024\" height=\"683\" src=\"https:\/\/www.torrijos1831.com\/wp-content\/uploads\/2023\/10\/7-14-1024x683.jpg\" alt=\"\" class=\"wp-image-4376\" srcset=\"http:\/\/www.torrijos1831.com\/wp-content\/uploads\/2023\/10\/7-14-1024x683.jpg 1024w, http:\/\/www.torrijos1831.com\/wp-content\/uploads\/2023\/10\/7-14-300x200.jpg 300w, http:\/\/www.torrijos1831.com\/wp-content\/uploads\/2023\/10\/7-14-768x512.jpg 768w, http:\/\/www.torrijos1831.com\/wp-content\/uploads\/2023\/10\/7-14.jpg 1500w\" sizes=\"(max-width: 1024px) 100vw, 1024px\" \/><\/figure>\n\n\n\n<figure class=\"wp-block-image size-large\"><img loading=\"lazy\" width=\"1024\" height=\"656\" src=\"https:\/\/www.torrijos1831.com\/wp-content\/uploads\/2023\/10\/7-20-1024x656.jpg\" alt=\"\" class=\"wp-image-4377\" srcset=\"http:\/\/www.torrijos1831.com\/wp-content\/uploads\/2023\/10\/7-20-1024x656.jpg 1024w, http:\/\/www.torrijos1831.com\/wp-content\/uploads\/2023\/10\/7-20-300x192.jpg 300w, http:\/\/www.torrijos1831.com\/wp-content\/uploads\/2023\/10\/7-20-768x492.jpg 768w, http:\/\/www.torrijos1831.com\/wp-content\/uploads\/2023\/10\/7-20.jpg 1341w\" sizes=\"(max-width: 1024px) 100vw, 1024px\" \/><\/figure>\n\n\n\n<figure class=\"wp-block-image size-large\"><img loading=\"lazy\" width=\"822\" height=\"1024\" src=\"https:\/\/www.torrijos1831.com\/wp-content\/uploads\/2023\/10\/7-16-822x1024.jpg\" alt=\"\" class=\"wp-image-4378\" srcset=\"http:\/\/www.torrijos1831.com\/wp-content\/uploads\/2023\/10\/7-16-822x1024.jpg 822w, http:\/\/www.torrijos1831.com\/wp-content\/uploads\/2023\/10\/7-16-241x300.jpg 241w, http:\/\/www.torrijos1831.com\/wp-content\/uploads\/2023\/10\/7-16-768x957.jpg 768w, http:\/\/www.torrijos1831.com\/wp-content\/uploads\/2023\/10\/7-16.jpg 995w\" sizes=\"(max-width: 822px) 100vw, 822px\" \/><\/figure>\n\n\n\n<figure class=\"wp-block-image size-large\"><img loading=\"lazy\" width=\"1024\" height=\"683\" src=\"https:\/\/www.torrijos1831.com\/wp-content\/uploads\/2023\/10\/7-15-1024x683.jpg\" alt=\"\" class=\"wp-image-4379\" srcset=\"http:\/\/www.torrijos1831.com\/wp-content\/uploads\/2023\/10\/7-15-1024x683.jpg 1024w, http:\/\/www.torrijos1831.com\/wp-content\/uploads\/2023\/10\/7-15-300x200.jpg 300w, http:\/\/www.torrijos1831.com\/wp-content\/uploads\/2023\/10\/7-15-768x512.jpg 768w, http:\/\/www.torrijos1831.com\/wp-content\/uploads\/2023\/10\/7-15.jpg 1500w\" sizes=\"(max-width: 1024px) 100vw, 1024px\" \/><\/figure>\n\n\n\n<figure class=\"wp-block-image size-large\"><img loading=\"lazy\" width=\"827\" height=\"450\" src=\"https:\/\/www.torrijos1831.com\/wp-content\/uploads\/2023\/10\/7-30.jpg\" alt=\"\" class=\"wp-image-4380\" srcset=\"http:\/\/www.torrijos1831.com\/wp-content\/uploads\/2023\/10\/7-30.jpg 827w, http:\/\/www.torrijos1831.com\/wp-content\/uploads\/2023\/10\/7-30-300x163.jpg 300w, http:\/\/www.torrijos1831.com\/wp-content\/uploads\/2023\/10\/7-30-768x418.jpg 768w\" sizes=\"(max-width: 827px) 100vw, 827px\" \/><\/figure>\n","protected":false},"excerpt":{"rendered":"<p>Asociaci\u00f3n Torrijos 1831.&nbsp;&nbsp;&nbsp;&nbsp;&nbsp;&nbsp; 25\/10\/23 Organizado por la Asociaci\u00f3n Hist\u00f3rico Cultural Torrijos 1831, y tal como estaba previsto y divulgado, el pasado 24 de octubre, a las 19\u00b430 h. se inici\u00f3 en el Centro de Interpretaci\u00f3n Hist\u00f3rico Jos\u00e9 Mar\u00eda Torrijos, sito en la Plaza de la libertad, en El Perchel; el primer acto dedicado a conmemorar&#8230;<\/p>\n","protected":false},"author":1,"featured_media":4381,"comment_status":"closed","ping_status":"closed","sticky":false,"template":"","format":"standard","meta":[],"categories":[199],"tags":[],"_links":{"self":[{"href":"http:\/\/www.torrijos1831.com\/index.php?rest_route=\/wp\/v2\/posts\/4372"}],"collection":[{"href":"http:\/\/www.torrijos1831.com\/index.php?rest_route=\/wp\/v2\/posts"}],"about":[{"href":"http:\/\/www.torrijos1831.com\/index.php?rest_route=\/wp\/v2\/types\/post"}],"author":[{"embeddable":true,"href":"http:\/\/www.torrijos1831.com\/index.php?rest_route=\/wp\/v2\/users\/1"}],"replies":[{"embeddable":true,"href":"http:\/\/www.torrijos1831.com\/index.php?rest_route=%2Fwp%2Fv2%2Fcomments&post=4372"}],"version-history":[{"count":2,"href":"http:\/\/www.torrijos1831.com\/index.php?rest_route=\/wp\/v2\/posts\/4372\/revisions"}],"predecessor-version":[{"id":4383,"href":"http:\/\/www.torrijos1831.com\/index.php?rest_route=\/wp\/v2\/posts\/4372\/revisions\/4383"}],"wp:featuredmedia":[{"embeddable":true,"href":"http:\/\/www.torrijos1831.com\/index.php?rest_route=\/wp\/v2\/media\/4381"}],"wp:attachment":[{"href":"http:\/\/www.torrijos1831.com\/index.php?rest_route=%2Fwp%2Fv2%2Fmedia&parent=4372"}],"wp:term":[{"taxonomy":"category","embeddable":true,"href":"http:\/\/www.torrijos1831.com\/index.php?rest_route=%2Fwp%2Fv2%2Fcategories&post=4372"},{"taxonomy":"post_tag","embeddable":true,"href":"http:\/\/www.torrijos1831.com\/index.php?rest_route=%2Fwp%2Fv2%2Ftags&post=4372"}],"curies":[{"name":"wp","href":"https:\/\/api.w.org\/{rel}","templated":true}]}}