{"id":4867,"date":"2023-12-28T13:24:34","date_gmt":"2023-12-28T13:24:34","guid":{"rendered":"http:\/\/www.torrijos1831.com\/?p=4867"},"modified":"2023-12-28T13:35:21","modified_gmt":"2023-12-28T13:35:21","slug":"doscientos-anos-del-inicio-del-exilio-en-francia-de-jose-maria-torrijos-y-su-esposa-luisa-saez-de-viniegra-1823-2023","status":"publish","type":"post","link":"http:\/\/www.torrijos1831.com\/?p=4867","title":{"rendered":"Doscientos a\u00f1os del inicio del exilio en Francia, de Jos\u00e9 Mar\u00eda Torrijos y su esposa Lu\u00edsa S\u00e1enz de Viniegra (1823-2023)."},"content":{"rendered":"<p style=\"text-align: justify;\"><strong><span style=\"color: #000000;\">Asociaci\u00f3n Torrijos 1831.\u00a0\u00a0\u00a0\u00a0\u00a0\u00a0\u00a0\u00a0\u00a0 28\/12\/2023<\/span><\/strong><\/p>\n<p style=\"text-align: justify;\"><strong><span style=\"color: #000000;\">Es deseo de la Asociaci\u00f3n Hist\u00f3rico Cultural Torrijos 1831 ir se\u00f1alando, o conmemorando, para conocimiento de los seguidores de esta web, todos los episodios vividos por el general Jos\u00e9 Mar\u00eda Torrijos y su esposa Lu\u00edsa S\u00e1ez de Viniegra, conforme, sucesivamente, el calendario nos lleve a los bicentenarios de los hechos que la pareja vivi\u00f3. Los \u00faltimos actos de efem\u00e9rides los hemos realizado tanto en M\u00e1laga como Cartagena. Ahora, al llegar esta Navidades evocaremos las primeras que vivi\u00f3 el matrimonio en el exilio, a finales de 1823. Como es sabido, tras las capitulaciones de Cartagena, Torrijos y Lu\u00edsa salieron de aquel puerto el 18 de noviembre de 1823, acompa\u00f1ados del general Vicente Sancho y su familia, Pedro Chac\u00f3n, jefe pol\u00edtico que fue de Murcia, N. Villar, oficial de marina, y Manuel Bustillos, oficial de E.M. Llevaban unos 13.00 reales, productos de la venta de siete caballos y dos mulas, con sus sillas y arreos. Por tanto, aquellos hombres y mujeres dejaron el suelo patrio pr\u00e1cticamente sin recursos, pero orgullosos en sus principios, sin querer volver hasta que en Espa\u00f1a no volviera un r\u00e9gimen de libertades y derechos.<\/span><\/strong><\/p>\n<p style=\"text-align: justify;\"><span style=\"color: #800000;\"><strong>Exilio franc\u00e9s en la ciudad de Alenz\u00f3n, Normand\u00eda.<\/strong><\/span><\/p>\n<p style=\"text-align: justify;\"><strong><span style=\"color: #000000;\">Desembarcados en Marsella, las autoridades francesas ordenaron a los exiliados espa\u00f1oles que deb\u00edan dirigirse a la ciudad de Alenz\u00f3n, en la Normand\u00eda, sin otorg\u00e1rseles auxilio de ning\u00fan tipo, ni cumplir las autoridades de Lu\u00eds XVIII las capitulaciones firmadas en Cartagena, que Torrijos reclam\u00f3 en varias ocasiones, tanto para sus compa\u00f1eros como para \u00e9l. As\u00ed, los exiliados pasaron unas duras navidades privados de muchos derechos, con necesidades y vigilados estrechamente. Incluso cuando sal\u00edan a pasear eran vigilados. Torrijos y Lu\u00edsa, lo hicieron en varias ocasiones por la plaza que presid\u00eda la iglesia de St. Pierre de Montsort y los aleda\u00f1os de los muros del castillo, que por su condici\u00f3n de militar, Torrijos valor\u00f3 por su imponente fortaleza (se adjuntan a este art\u00edculo dos fotograf\u00edas antiguas de esos edificios). En 1823, Alenz\u00f3n ya era una ciudad famosa por sus encajes, cuyo taller lo hab\u00eda levantado el ministro Colbert en 1665. Pero para los exiliados, el d\u00eda a d\u00eda era sobrevivir \u00bfCu\u00e1nto tiempo podr\u00edan aguantar en esa mala situaci\u00f3n?<\/span><\/strong><\/p>\n<p style=\"text-align: justify;\"><span style=\"color: #800000;\"><strong>Datos de la Asociaci\u00f3n Hist\u00f3rico Cultural Torrijos 1831.<\/strong><\/span><\/p>\n<p style=\"text-align: justify;\"><strong><span style=\"color: #000000;\">Tipo de Asociaci\u00f3n: cultural, dedicada a la investigaci\u00f3n hist\u00f3rica, y recreadora en sus actuaciones en p\u00fablico para exponer los hechos que representa. \u00c1mbito de actuaci\u00f3n: regional, recogida en el Registro de Asociaciones de la Junta de Andaluc\u00eda. Inici\u00f3 su periodo constituyente en el a\u00f1o 2002, siendo legalizada en 2003. Fue un proyecto original desde el principio, pues en Espa\u00f1a no se hab\u00eda creado anteriormente una Asociaci\u00f3n sobre el personaje hist\u00f3rico de Jos\u00e9 Mar\u00eda Torrijos y Uriarte, h\u00e9roe de la Guerra de Independencia y defensor de las libertades y derechos constitucionales frente al poder absoluto del reinado de Fernando VII. Original en las formas, dedicaci\u00f3n y fines, que recogen sus estatutos, cimentando sus antecedentes en los precursores que trabajaron sobre el personaje de Torrijos en la provincia de M\u00e1laga, en las d\u00e9cadas de los a\u00f1os ochenta y noventa del siglo XX y primeros a\u00f1os del XXI.<\/span><\/strong><br \/><strong><span style=\"color: #000000;\">Como colectivo de recreaciones hist\u00f3ricas, es el m\u00e1s antiguo de las dedicadas al siglo XIX, en Andaluc\u00eda. En cuanto a las representaciones relativas a la Guerra de la Independencia en las que participa la Asociaci\u00f3n, la recreaci\u00f3n insignia, creada en 2007, es el \u201cRegimiento de Infanter\u00eda de M\u00e1laga\u201d, unidad titular de M\u00e1laga, que salvo un periodo de disoluci\u00f3n, tuvo vida castrense desde 1701 a 1893, siendo su historial heredado por el Regimiento Melilla en sus diferentes numeraciones, y que fue disuelto en M\u00e1laga, en 1985. Para entrar en su historial y actividades: regimientodeinfanteriademalaga.blogspot.com<\/span><\/strong><br \/><strong><span style=\"color: #000000;\">Correo de Contacto: asociaci\u00f3ntorrijos1831@gmail.com Tambi\u00e9n, a trav\u00e9s de este correo se pueden solicitar visitas concertadas al Centro de Interpretaci\u00f3n Hist\u00f3rico Jos\u00e9 Mar\u00eda Torrijos (Refectorio), en el barrio de El Perchel de M\u00e1laga. Tel\u00e9fono de contacto: 952234039. P\u00e1gina web: www.torrijos1831.com<\/span><\/strong><\/p>\n\n\n<figure class=\"wp-block-image size-large\"><img loading=\"lazy\" width=\"1016\" height=\"657\" src=\"https:\/\/www.torrijos1831.com\/wp-content\/uploads\/2023\/12\/3-15.jpg\" alt=\"\" class=\"wp-image-4868\" srcset=\"http:\/\/www.torrijos1831.com\/wp-content\/uploads\/2023\/12\/3-15.jpg 1016w, http:\/\/www.torrijos1831.com\/wp-content\/uploads\/2023\/12\/3-15-300x194.jpg 300w, http:\/\/www.torrijos1831.com\/wp-content\/uploads\/2023\/12\/3-15-768x497.jpg 768w\" sizes=\"(max-width: 1016px) 100vw, 1016px\" \/><\/figure>\n\n\n\n<figure class=\"wp-block-image size-large\"><img loading=\"lazy\" width=\"1024\" height=\"744\" src=\"https:\/\/www.torrijos1831.com\/wp-content\/uploads\/2023\/12\/3-16-1-1024x744.jpg\" alt=\"\" class=\"wp-image-4874\" srcset=\"http:\/\/www.torrijos1831.com\/wp-content\/uploads\/2023\/12\/3-16-1-1024x744.jpg 1024w, http:\/\/www.torrijos1831.com\/wp-content\/uploads\/2023\/12\/3-16-1-300x218.jpg 300w, http:\/\/www.torrijos1831.com\/wp-content\/uploads\/2023\/12\/3-16-1-768x558.jpg 768w, http:\/\/www.torrijos1831.com\/wp-content\/uploads\/2023\/12\/3-16-1-1536x1117.jpg 1536w, http:\/\/www.torrijos1831.com\/wp-content\/uploads\/2023\/12\/3-16-1-2048x1489.jpg 2048w\" sizes=\"(max-width: 1024px) 100vw, 1024px\" \/><\/figure>\n","protected":false},"excerpt":{"rendered":"<p>Asociaci\u00f3n Torrijos 1831.\u00a0\u00a0\u00a0\u00a0\u00a0\u00a0\u00a0\u00a0\u00a0 28\/12\/2023 Es deseo de la Asociaci\u00f3n Hist\u00f3rico Cultural Torrijos 1831 ir se\u00f1alando, o conmemorando, para conocimiento de los seguidores de esta web, todos los episodios vividos por el general Jos\u00e9 Mar\u00eda Torrijos y su esposa Lu\u00edsa S\u00e1ez de Viniegra, conforme, sucesivamente, el calendario nos lleve a los bicentenarios de los hechos que&#8230;<\/p>\n","protected":false},"author":1,"featured_media":4870,"comment_status":"closed","ping_status":"closed","sticky":false,"template":"","format":"standard","meta":[],"categories":[194,208],"tags":[],"_links":{"self":[{"href":"http:\/\/www.torrijos1831.com\/index.php?rest_route=\/wp\/v2\/posts\/4867"}],"collection":[{"href":"http:\/\/www.torrijos1831.com\/index.php?rest_route=\/wp\/v2\/posts"}],"about":[{"href":"http:\/\/www.torrijos1831.com\/index.php?rest_route=\/wp\/v2\/types\/post"}],"author":[{"embeddable":true,"href":"http:\/\/www.torrijos1831.com\/index.php?rest_route=\/wp\/v2\/users\/1"}],"replies":[{"embeddable":true,"href":"http:\/\/www.torrijos1831.com\/index.php?rest_route=%2Fwp%2Fv2%2Fcomments&post=4867"}],"version-history":[{"count":5,"href":"http:\/\/www.torrijos1831.com\/index.php?rest_route=\/wp\/v2\/posts\/4867\/revisions"}],"predecessor-version":[{"id":4878,"href":"http:\/\/www.torrijos1831.com\/index.php?rest_route=\/wp\/v2\/posts\/4867\/revisions\/4878"}],"wp:featuredmedia":[{"embeddable":true,"href":"http:\/\/www.torrijos1831.com\/index.php?rest_route=\/wp\/v2\/media\/4870"}],"wp:attachment":[{"href":"http:\/\/www.torrijos1831.com\/index.php?rest_route=%2Fwp%2Fv2%2Fmedia&parent=4867"}],"wp:term":[{"taxonomy":"category","embeddable":true,"href":"http:\/\/www.torrijos1831.com\/index.php?rest_route=%2Fwp%2Fv2%2Fcategories&post=4867"},{"taxonomy":"post_tag","embeddable":true,"href":"http:\/\/www.torrijos1831.com\/index.php?rest_route=%2Fwp%2Fv2%2Ftags&post=4867"}],"curies":[{"name":"wp","href":"https:\/\/api.w.org\/{rel}","templated":true}]}}