{"id":4930,"date":"2024-01-30T14:53:46","date_gmt":"2024-01-30T14:53:46","guid":{"rendered":"http:\/\/www.torrijos1831.com\/?p=4930"},"modified":"2024-02-02T12:26:23","modified_gmt":"2024-02-02T12:26:23","slug":"el-proximo-dia-5-de-febrero-a-las-1800-h-en-la-plaza-de-la-libertad-tendra-lugar-el-acto-de-homenaje-a-la-bandera-del-regimiento-de-infanteria-de-malaga","status":"publish","type":"post","link":"http:\/\/www.torrijos1831.com\/?p=4930","title":{"rendered":"El pr\u00f3ximo d\u00eda 5 de febrero, a las 18\u00b400 h. en la Plaza de la Libertad, tendr\u00e1 lugar el acto de homenaje a la bandera del Regimiento de Infanter\u00eda de M\u00e1laga."},"content":{"rendered":"<p style=\"text-align: justify;\"><strong><span style=\"color: #000000;\">Asociaci\u00f3n Torrijos 1831\u00a0\u00a0\u00a0\u00a0\u00a0\u00a0\u00a0\u00a0\u00a0\u00a0\u00a0\u00a0\u00a0\u00a0\u00a0\u00a0\u00a0\u00a0 29\/01\/2024<\/span><\/strong><\/p>\n<p style=\"text-align: justify;\"><strong><span style=\"color: #000000;\">Desde nuestra p\u00e1gina web, anunciamos que el pr\u00f3ximo d\u00eda 5 de febrero, lunes, a las 18\u00b400 h. en la plaza de la Libertad, del popular barrio de El Perchel, tendr\u00e1 lugar el acto de homenaje a la bandera coronela del Regimiento de Infanter\u00eda de M\u00e1laga, una reconstrucci\u00f3n hist\u00f3rica que la Asociaci\u00f3n Torrijos 1831 levant\u00f3 en 2007. En el actual 2024, se van a cumplir los 214 a\u00f1os de aquel luctuoso 1810, en el que est\u00e1 unidad defendi\u00f3 nuestra capital frente a las tropas francesas mandadas por el general Horace Sebastiani, conde de La Porta, que particip\u00f3 en la campa\u00f1a de la conquista de Andaluc\u00eda en 1810. La bandera coronela del Regimiento de Infanter\u00eda de M\u00e1laga fue entregada en 2015, a la citada reconstrucci\u00f3n hist\u00f3rica, de manos del se\u00f1or alcalde de M\u00e1laga, D. Francisco de la Torre. El magno acto tuvo lugar en el patio de la Alcazaba, donde de antiguo hab\u00eda estado el gobierno de la ciudad, antes que pasara a la Aduana, contando el evento con una importante representaci\u00f3n de antiguos jefes, oficiales y suboficiales, que prestaron sus servicios de guarnici\u00f3n en M\u00e1laga, en diferentes unidades, desde la d\u00e9cada de los a\u00f1os sesenta del siglo XX.<\/span><\/strong><\/p>\n<p style=\"text-align: justify;\"><span style=\"color: #800000;\"><strong>Datos de la Asociaci\u00f3n Hist\u00f3rico Cultural Torrijos 1831.<\/strong><\/span><\/p>\n<p style=\"text-align: justify;\"><strong><span style=\"color: #000000;\">Tipo de Asociaci\u00f3n: cultural, dedicada a la investigaci\u00f3n hist\u00f3rica, y recreadora en sus actuaciones en p\u00fablico para exponer los hechos que representa. \u00c1mbito de actuaci\u00f3n: regional, recogida en el Registro de Asociaciones de la Junta de Andaluc\u00eda. Inici\u00f3 su periodo constituyente en el a\u00f1o 2002, siendo legalizada en 2003. Fue un proyecto original desde el principio, pues en Espa\u00f1a no se hab\u00eda creado anteriormente una Asociaci\u00f3n sobre el personaje hist\u00f3rico de Jos\u00e9 Mar\u00eda Torrijos y Uriarte, h\u00e9roe de la Guerra de Independencia y defensor de las libertades y derechos constitucionales frente al poder absoluto del reinado de Fernando VII. Original en las formas, dedicaci\u00f3n y fines, que recogen sus estatutos, cimentando sus antecedentes en los precursores que trabajaron sobre el personaje de Torrijos en la provincia de M\u00e1laga, en las d\u00e9cadas de los a\u00f1os ochenta y noventa del siglo XX y primeros a\u00f1os del XXI.<\/span><\/strong><br \/><strong><span style=\"color: #000000;\">Como colectivo de recreaciones hist\u00f3ricas, es el m\u00e1s antiguo de las dedicadas al siglo XIX, en Andaluc\u00eda. En cuanto a las representaciones relativas a la Guerra de la Independencia en las que participa la Asociaci\u00f3n, la recreaci\u00f3n insignia, creada en 2007, es el \u201cRegimiento de Infanter\u00eda de M\u00e1laga\u201d, unidad titular de M\u00e1laga, que salvo un periodo de disoluci\u00f3n, tuvo vida castrense desde 1701 a 1893, siendo su historial heredado por el Regimiento Melilla en sus diferentes numeraciones, y que fue disuelto en M\u00e1laga, en 1985. Para entrar en su historial y actividades: regimientodeinfanteriademalaga.blogspot.com<\/span><\/strong><br \/><strong><span style=\"color: #000000;\">Correo de Contacto: asociaci\u00f3ntorrijos1831@gmail.com Tambi\u00e9n, a trav\u00e9s de este correo se pueden solicitar visitas concertadas al Centro de Interpretaci\u00f3n Hist\u00f3rico Jos\u00e9 Mar\u00eda Torrijos (Refectorio), en el barrio de El Perchel de M\u00e1laga. Tel\u00e9fono de contacto: 952234039. P\u00e1gina web: www.torrijos1831.com<\/span><\/strong><\/p>\n\n\n<figure class=\"wp-block-image size-large\"><img loading=\"lazy\" width=\"1024\" height=\"744\" src=\"https:\/\/www.torrijos1831.com\/wp-content\/uploads\/2024\/01\/6-11-1024x744.jpg\" alt=\"\" class=\"wp-image-4932\" srcset=\"http:\/\/www.torrijos1831.com\/wp-content\/uploads\/2024\/01\/6-11-1024x744.jpg 1024w, http:\/\/www.torrijos1831.com\/wp-content\/uploads\/2024\/01\/6-11-300x218.jpg 300w, http:\/\/www.torrijos1831.com\/wp-content\/uploads\/2024\/01\/6-11-768x558.jpg 768w, http:\/\/www.torrijos1831.com\/wp-content\/uploads\/2024\/01\/6-11-1536x1117.jpg 1536w, http:\/\/www.torrijos1831.com\/wp-content\/uploads\/2024\/01\/6-11-2048x1489.jpg 2048w\" sizes=\"(max-width: 1024px) 100vw, 1024px\" \/><\/figure>\n\n\n\n<figure class=\"wp-block-image size-large\"><img loading=\"lazy\" width=\"1024\" height=\"744\" src=\"https:\/\/www.torrijos1831.com\/wp-content\/uploads\/2024\/01\/6-12-1024x744.jpg\" alt=\"\" class=\"wp-image-4933\" srcset=\"http:\/\/www.torrijos1831.com\/wp-content\/uploads\/2024\/01\/6-12-1024x744.jpg 1024w, http:\/\/www.torrijos1831.com\/wp-content\/uploads\/2024\/01\/6-12-300x218.jpg 300w, http:\/\/www.torrijos1831.com\/wp-content\/uploads\/2024\/01\/6-12-768x558.jpg 768w, http:\/\/www.torrijos1831.com\/wp-content\/uploads\/2024\/01\/6-12-1536x1117.jpg 1536w, http:\/\/www.torrijos1831.com\/wp-content\/uploads\/2024\/01\/6-12-2048x1489.jpg 2048w\" sizes=\"(max-width: 1024px) 100vw, 1024px\" \/><\/figure>\n\n\n\n<figure class=\"wp-block-image size-large\"><img loading=\"lazy\" width=\"1024\" height=\"738\" src=\"https:\/\/www.torrijos1831.com\/wp-content\/uploads\/2024\/01\/6-13-1024x738.jpg\" alt=\"\" class=\"wp-image-4934\" srcset=\"http:\/\/www.torrijos1831.com\/wp-content\/uploads\/2024\/01\/6-13-1024x738.jpg 1024w, http:\/\/www.torrijos1831.com\/wp-content\/uploads\/2024\/01\/6-13-300x216.jpg 300w, http:\/\/www.torrijos1831.com\/wp-content\/uploads\/2024\/01\/6-13-768x553.jpg 768w, http:\/\/www.torrijos1831.com\/wp-content\/uploads\/2024\/01\/6-13-1536x1106.jpg 1536w, http:\/\/www.torrijos1831.com\/wp-content\/uploads\/2024\/01\/6-13-2048x1475.jpg 2048w, http:\/\/www.torrijos1831.com\/wp-content\/uploads\/2024\/01\/6-13-510x369.jpg 510w\" sizes=\"(max-width: 1024px) 100vw, 1024px\" \/><\/figure>\n","protected":false},"excerpt":{"rendered":"<p>Asociaci\u00f3n Torrijos 1831\u00a0\u00a0\u00a0\u00a0\u00a0\u00a0\u00a0\u00a0\u00a0\u00a0\u00a0\u00a0\u00a0\u00a0\u00a0\u00a0\u00a0\u00a0 29\/01\/2024 Desde nuestra p\u00e1gina web, anunciamos que el pr\u00f3ximo d\u00eda 5 de febrero, lunes, a las 18\u00b400 h. en la plaza de la Libertad, del popular barrio de El Perchel, tendr\u00e1 lugar el acto de homenaje a la bandera coronela del Regimiento de Infanter\u00eda de M\u00e1laga, una reconstrucci\u00f3n hist\u00f3rica que la Asociaci\u00f3n&#8230;<\/p>\n","protected":false},"author":1,"featured_media":4935,"comment_status":"closed","ping_status":"closed","sticky":false,"template":"","format":"standard","meta":[],"categories":[27,209],"tags":[],"_links":{"self":[{"href":"http:\/\/www.torrijos1831.com\/index.php?rest_route=\/wp\/v2\/posts\/4930"}],"collection":[{"href":"http:\/\/www.torrijos1831.com\/index.php?rest_route=\/wp\/v2\/posts"}],"about":[{"href":"http:\/\/www.torrijos1831.com\/index.php?rest_route=\/wp\/v2\/types\/post"}],"author":[{"embeddable":true,"href":"http:\/\/www.torrijos1831.com\/index.php?rest_route=\/wp\/v2\/users\/1"}],"replies":[{"embeddable":true,"href":"http:\/\/www.torrijos1831.com\/index.php?rest_route=%2Fwp%2Fv2%2Fcomments&post=4930"}],"version-history":[{"count":2,"href":"http:\/\/www.torrijos1831.com\/index.php?rest_route=\/wp\/v2\/posts\/4930\/revisions"}],"predecessor-version":[{"id":4937,"href":"http:\/\/www.torrijos1831.com\/index.php?rest_route=\/wp\/v2\/posts\/4930\/revisions\/4937"}],"wp:featuredmedia":[{"embeddable":true,"href":"http:\/\/www.torrijos1831.com\/index.php?rest_route=\/wp\/v2\/media\/4935"}],"wp:attachment":[{"href":"http:\/\/www.torrijos1831.com\/index.php?rest_route=%2Fwp%2Fv2%2Fmedia&parent=4930"}],"wp:term":[{"taxonomy":"category","embeddable":true,"href":"http:\/\/www.torrijos1831.com\/index.php?rest_route=%2Fwp%2Fv2%2Fcategories&post=4930"},{"taxonomy":"post_tag","embeddable":true,"href":"http:\/\/www.torrijos1831.com\/index.php?rest_route=%2Fwp%2Fv2%2Ftags&post=4930"}],"curies":[{"name":"wp","href":"https:\/\/api.w.org\/{rel}","templated":true}]}}