{"id":5178,"date":"2024-04-18T11:06:30","date_gmt":"2024-04-18T11:06:30","guid":{"rendered":"http:\/\/www.torrijos1831.com\/?p=5178"},"modified":"2024-04-19T12:27:41","modified_gmt":"2024-04-19T12:27:41","slug":"nuestras-felicitaciones-carmen-ravassa-amiga-companera-y-presidenta-de-la-plataforma-asociacion-de-los-coloraos-1824-2024-porque-su-sueno-y-el-de-los-suyos-esta-cerca-de-realizarse","status":"publish","type":"post","link":"http:\/\/www.torrijos1831.com\/?p=5178","title":{"rendered":"Nuestras felicitaciones a Carmen Ravassa, amiga, compa\u00f1era y presidenta de la Plataforma Asociaci\u00f3n Bicentenario de los Coloraos. 1824-2024, porque su sue\u00f1o y el de los suyos, est\u00e1 cerca de realizarse."},"content":{"rendered":"<p style=\"text-align: justify;\"><strong><span style=\"color: #000000;\">Asociaci\u00f3n Torrijos 1831.\u00a0\u00a0\u00a0\u00a0\u00a0\u00a0\u00a0\u00a0\u00a0\u00a0\u00a0\u00a0\u00a0\u00a0\u00a0\u00a0\u00a0\u00a0\u00a0\u00a0\u00a0\u00a0\u00a0\u00a0\u00a0\u00a0\u00a0 18\/04\/2024<\/span><\/strong><\/p>\n<p style=\"text-align: justify;\"><strong><span style=\"color: #000000;\">Un d\u00eda, en la ciudad de Almer\u00eda, una mujer luchadora y capaz, con la formaci\u00f3n intelectual necesaria y convencida de sus prop\u00f3sitos, dese\u00f3 buscar (si todav\u00eda exist\u00eda), el lugar que recogiera los restos de los liberales ejecutados en Almer\u00eda el 24 de agosto de 1824. Su nombre: Carmen Ravassa Lao, diplomada en Magisterio y reconocida escritora, que entre otras obras tiene una dedicada a los \u201ccoloraos\u201d de Almer\u00eda. Carmen estudi\u00f3 y busc\u00f3 de forma exhaustiva el Archivo Municipal, en las actas de los Plenos del Ayuntamiento y la Corporaci\u00f3n, y tambi\u00e9n, en el Archivo Catedralicio, algo que le pudiera arrojar luz sobre el lugar donde podr\u00edan estar aquellos restos, pero no obtuvo resultado. Hab\u00edan pasado muchos a\u00f1os desde aquel 1843, en que el osario de los liberales hab\u00eda sido arrancado de forma improcedente (por su simbolismo y valor hist\u00f3rico), del interior de la cripta situada en la base del antiguo monumento dedicado a su memoria. Finalmente, Carmen decidi\u00f3 buscar en la administraci\u00f3n del cementerio de la capital, descubriendo en uno de los libros de asiento que, en la serie 23, el nicho 52 figuraba con este determinante t\u00edtulo: \u201cM\u00e1rtires de la Libertad, inhumados el 7 de mayo de 1948, en el Cementerio de San Jos\u00e9\u201d. Carmen se acerc\u00f3 al lugar referenciado y encontr\u00f3 el nicho, tapado con cemento, sin nomenclatura ni fecha, ya que no exist\u00eda una l\u00e1pida que indicara qu\u00e9 restos estaban all\u00ed. Carmen describi\u00f3 as\u00ed su primera inspecci\u00f3n: \u201cLo encontr\u00e9 en la cuarta fila, tapado con cemento, sucio tras el paso del tiempo y con claras muestras de no haberse cuidado jam\u00e1s\u2026\u201d. Sin embargo, gracias a ella, los restos de los liberales ya hab\u00edan sido localizados.<\/span><\/strong><\/p>\n<p style=\"text-align: justify;\"><span style=\"color: #800000;\"><strong>La acertada investigaci\u00f3n de ayer, de Carmen Ravassa, sobre los acontecimientos de hoy.<\/strong><\/span><\/p>\n<p style=\"text-align: justify;\"><strong><span style=\"color: #000000;\">Recientemente, un equipo forense ha realizado una inspecci\u00f3n sobre los restos que, en el cementerio de San Jos\u00e9 y Santa Adela, de Almer\u00eda, se atribuyen a los veintid\u00f3s integrantes del grupo de liberal, denominados los \u201ccoloraos\u201d (por utilizar los uniformes de la infanter\u00eda de Marina inglesa, adquiridos en Gibraltar), que en 1824, a las \u00f3rdenes del coronel Pablo Iglesias, intentaron llevar a cabo un pronunciamiento de corte constitucionalista, frente al poder absoluto del monarca Fernando VII. Los forenses han obtenido un resultado positivo que parece indicar que son los restos de aquellos liberales decimon\u00f3nicos, a espera de las pruebas definitivas que arroje el carbono 14 en un laboratorio americano. <\/span><\/strong><\/p>\n<p style=\"text-align: justify;\"><span style=\"color: #800000;\"><strong>El recuerdo a los \u201ccoloraos\u201d en Almer\u00eda a trav\u00e9s de un monumento.<\/strong><\/span><\/p>\n<p style=\"text-align: justify;\"><strong><span style=\"color: #000000;\">Tras la muerte de Fernando VII, se construy\u00f3 un peque\u00f1o mausoleo en el cementerio de San Jos\u00e9, en memoria de los liberales ejecutados. M\u00e1s tarde, en 1868, con ocasi\u00f3n de \u201cLa Gloriosa\u201d, se acord\u00f3 la construcci\u00f3n de un monumento m\u00e1s significativo que recordara el evento. As\u00ed, el 22 de octubre del mismo a\u00f1o, empez\u00f3 a construirse en la Puerta de Purchena una columna de piedra, similar, pero diferente, a la que hoy se conoce. Se inaugur\u00f3 oficialmente dos a\u00f1os m\u00e1s tarde. Precisamente, la Puerta de Purchena fue uno de los lugares que intentaron expugnar los liberales en 1824, en su intento de tomar Almer\u00eda. Debido a unas reformas que se llevaron a cabo en la Plaza de Puerta de Purchena, el monumento cambi\u00f3 de emplazamiento para levantarse en la actual Plaza de la Constituci\u00f3n, pr\u00f3ximo al edificio del Ayuntamiento de Almer\u00eda, hecho que sucedi\u00f3 en 1898.<\/span><\/strong><\/p>\n<p style=\"text-align: justify;\"><span style=\"color: #800000;\"><strong>Desmonte del monumento en 1943.<\/strong><\/span><\/p>\n<p style=\"text-align: justify;\"><strong><span style=\"color: #000000;\">El monumento, denominado \u201cM\u00e1rtires de la Libertad\u201d, pervivi\u00f3 all\u00ed cuarenta y cinco a\u00f1os, hasta que, en 1943, sufri\u00f3 un ataque por parte de un grupo de exaltados (sin duda alguna, aborrecedores del r\u00e9gimen constitucional, sistema por el que cayeron los \u201ccoloraos\u201d), que actuaron bajo la impunidad de las sombras de la noche, rompiendo las l\u00e1pidas del cuerpo inferior del monumento a golpes de marros (herramienta semejante a un gran martillo, presentando en su cabecera una pieza de hierro rectangular), dejando a la vista la caja que conten\u00eda los restos de los liberales. Con esos destrozos tan a la vista, el alcalde de Almer\u00eda, Vicente Navarro decidi\u00f3 el desmonte urgente del monumento para evitar m\u00e1s problemas, ya que ten\u00eda encima la inminente visita del jefe del Estado, en la que estaba incluido su discurso desde el balc\u00f3n del consistorio, con vista directa al monumento dedicado a los liberales. En nueve d\u00edas, con sus noches, y con la mayor rapidez posible, las partes del monumento desmontadas fueron a parar a la Plaza Pav\u00eda, donde por su total abandono se fueron convirtiendo, con el tiempo, en un lugar de miseria, nido de par\u00e1sitos y roedores, y en urinario p\u00fablico para las urgencias. M\u00e1s adelante, aquellas piezas arquitect\u00f3nicas, desmontadas y no protegidas, comenzaron a desaparecer, unas llev\u00e1ndoselas particulares para sus casas, y otras utilizadas por el ayuntamiento almeriense para bordillos de aceras. Fue el pobre fin, de los materiales arquitect\u00f3nicos que un d\u00eda conformaron aquel monumento hist\u00f3rico. <\/span><\/strong><\/p>\n<p style=\"text-align: justify;\"><strong><span style=\"color: #000000;\"><span style=\"color: #800000;\">Ocultaci\u00f3n de los restos de los liberales y tiempos para la esperanza.<\/span><br \/>\n<\/span><\/strong><\/p>\n<p style=\"text-align: justify;\"><strong><span style=\"color: #000000;\">No fue mejor el destino ignoto que se les asign\u00f3 a los restos de los \u201ccoloraos\u201d, que fueron introducidos en un nicho, cerrado con cemento y sin l\u00e1pida alguna que diera la referencia a los restos que all\u00ed se cobijaban. Como ya se ha citado, gracias a la dedicaci\u00f3n y labor de investigaci\u00f3n de Carmen Ravassa se pudo dar con el nicho donde estaban recogidos los restos de aquellos constitucionalistas decimon\u00f3nicos.<\/span><\/strong><br \/>\n<strong><span style=\"color: #000000;\">En 1984 comenz\u00f3 la reconstrucci\u00f3n del monumento actual dedicado a la memoria de los \u201ccoloraos\u201d, cuyo coste ascendi\u00f3 a 48 millones de pesetas, siendo inaugurado el 24 de agosto de 1988. La esfera de cobre espigada que est\u00e1 situada en la parte superior de la columna fue obra del artesano granadino Jos\u00e9 Adolfo Heredia Navarro. Se espera, que una vez concluida la certificaci\u00f3n de los restos de los liberales, estos pasen a la cripta del monumento actual.<\/span><\/strong><\/p>\n","protected":false},"excerpt":{"rendered":"<p>Asociaci\u00f3n Torrijos 1831.\u00a0\u00a0\u00a0\u00a0\u00a0\u00a0\u00a0\u00a0\u00a0\u00a0\u00a0\u00a0\u00a0\u00a0\u00a0\u00a0\u00a0\u00a0\u00a0\u00a0\u00a0\u00a0\u00a0\u00a0\u00a0\u00a0\u00a0 18\/04\/2024 Un d\u00eda, en la ciudad de Almer\u00eda, una mujer luchadora y capaz, con la formaci\u00f3n intelectual necesaria y convencida de sus prop\u00f3sitos, dese\u00f3 buscar (si todav\u00eda exist\u00eda), el lugar que recogiera los restos de los liberales ejecutados en Almer\u00eda el 24 de agosto de 1824. Su nombre: Carmen Ravassa Lao, diplomada&#8230;<\/p>\n","protected":false},"author":1,"featured_media":5179,"comment_status":"closed","ping_status":"closed","sticky":false,"template":"","format":"standard","meta":[],"categories":[176,209],"tags":[],"_links":{"self":[{"href":"http:\/\/www.torrijos1831.com\/index.php?rest_route=\/wp\/v2\/posts\/5178"}],"collection":[{"href":"http:\/\/www.torrijos1831.com\/index.php?rest_route=\/wp\/v2\/posts"}],"about":[{"href":"http:\/\/www.torrijos1831.com\/index.php?rest_route=\/wp\/v2\/types\/post"}],"author":[{"embeddable":true,"href":"http:\/\/www.torrijos1831.com\/index.php?rest_route=\/wp\/v2\/users\/1"}],"replies":[{"embeddable":true,"href":"http:\/\/www.torrijos1831.com\/index.php?rest_route=%2Fwp%2Fv2%2Fcomments&post=5178"}],"version-history":[{"count":5,"href":"http:\/\/www.torrijos1831.com\/index.php?rest_route=\/wp\/v2\/posts\/5178\/revisions"}],"predecessor-version":[{"id":5185,"href":"http:\/\/www.torrijos1831.com\/index.php?rest_route=\/wp\/v2\/posts\/5178\/revisions\/5185"}],"wp:featuredmedia":[{"embeddable":true,"href":"http:\/\/www.torrijos1831.com\/index.php?rest_route=\/wp\/v2\/media\/5179"}],"wp:attachment":[{"href":"http:\/\/www.torrijos1831.com\/index.php?rest_route=%2Fwp%2Fv2%2Fmedia&parent=5178"}],"wp:term":[{"taxonomy":"category","embeddable":true,"href":"http:\/\/www.torrijos1831.com\/index.php?rest_route=%2Fwp%2Fv2%2Fcategories&post=5178"},{"taxonomy":"post_tag","embeddable":true,"href":"http:\/\/www.torrijos1831.com\/index.php?rest_route=%2Fwp%2Fv2%2Ftags&post=5178"}],"curies":[{"name":"wp","href":"https:\/\/api.w.org\/{rel}","templated":true}]}}