{"id":5277,"date":"2024-05-15T14:00:32","date_gmt":"2024-05-15T14:00:32","guid":{"rendered":"http:\/\/www.torrijos1831.com\/?p=5277"},"modified":"2024-05-15T14:00:33","modified_gmt":"2024-05-15T14:00:33","slug":"brillante-conferencia-impartida-por-nuestra-vicepresidenta-alicia-gallego-en-la-casa-de-la-cultura-de-las-cabezas-de-san-juan-titulada-las-mujeres-liberales-frente-a-fernando-vii","status":"publish","type":"post","link":"http:\/\/www.torrijos1831.com\/?p=5277","title":{"rendered":"Brillante conferencia impartida por nuestra vicepresidenta Alicia Gallego, en la Casa de la Cultura de las Cabezas de San Juan, titulada \u201cLas mujeres liberales frente a Fernando VII\u201d."},"content":{"rendered":"<p style=\"text-align: justify;\"><strong><span style=\"color: #000000;\">Asociaci\u00f3n Torrijos 1831 15\/05\/2024<\/span><\/strong><\/p>\n<p style=\"text-align: justify;\"><strong><span style=\"color: #000000;\">El pasado d\u00eda 3 de mayo, tuvo lugar en la Casa de la Cultura de las Cabezas de San Juan, la conferencia impartida por Alicia Gallego Soler, escritora, poeta y vicepresidenta de la Asociaci\u00f3n Hist\u00f3rico Cultural Torrijos 1831, titulada con el significativo nombre \u201cLas mujeres liberales frente a Fernando VII\u201d. Todo naci\u00f3 por una feliz petici\u00f3n emanada desde la Concejal\u00eda de Cultura de las Cabezas de San Juan, a la que Alicia accedi\u00f3. La ponente puso en valor la lucha y el coraje de mujeres con conciencia, que no dudaron, durante la llamada \u201cD\u00e9cada Ominosa\u201d (1823-1833), en correr peligros y avatares por enfrentarse el desp\u00f3tico absolutismo que representaba el monarca Fernando VII, dejando muchas de ellas, por el camino, sus propias vidas. As\u00ed, en esa tarde del 3 de mayo, sonaron en la Casa de la Cultura los nombres de Lu\u00edsa S\u00e1enz de Viniegra (mujer del general Torrijos); Mar\u00eda Teresa del Riego y Bustillos (mujer del general Riego), Mar\u00eda Teresa Elliot de Accino, agente del general Torrijos en M\u00e1laga, o la heroica Mariana de Pineda, ejecutada de forma infame en Granada.<\/span><\/strong><br \/><strong><span style=\"color: #000000;\">Al terminar la conferencia, la ponente fue agasajada con un bonito recuerdo del acto, por parte del actual alcalde de las Cabezas de San Juan, D. Jos\u00e9 Solano. Nuestra enhorabuena a Alicia, por su brillante conferencia, y por representar tan dignamente a la Asociaci\u00f3n Torrijos 1831 en una localidad tan distinguida en la historia del constitucionalismo espa\u00f1ol.<\/span><\/strong><\/p>\n<p style=\"text-align: justify;\"><span style=\"color: #800000;\"><strong>Datos de la Asociaci\u00f3n Hist\u00f3rico Cultural Torrijos 1831.<\/strong><\/span><\/p>\n<p style=\"text-align: justify;\"><strong><span style=\"color: #000000;\">Tipo de Asociaci\u00f3n: cultural, dedicada a la investigaci\u00f3n hist\u00f3rica, y recreadora en sus actuaciones en p\u00fablico para presentar los hechos que representa. Inscrita en el Registro de Asociaciones de la Junta de Andaluc\u00eda, inici\u00f3 su periodo constituyente en el a\u00f1o 2002, siendo legalizada en 2003. Fue un proyecto original desde el principio, en su dedicaci\u00f3n y fines, pues en Espa\u00f1a no se hab\u00eda creado anteriormente una Asociaci\u00f3n sobre el personaje hist\u00f3rico de Jos\u00e9 Mar\u00eda Torrijos y Uriarte, h\u00e9roe de la Guerra de Independencia y defensor de las libertades y derechos constitucionales frente al poder absoluto del reinado de Fernando VII. Como colectivo de recreaciones hist\u00f3ricas es el m\u00e1s antiguo de las dedicados al siglo XIX, en Andaluc\u00eda. En cuanto a las representaciones relativas a la Guerra de la Independencia en las que participa la Asociaci\u00f3n, la recreaci\u00f3n insignia, creada en 2007, es el \u201cRegimiento de Infanter\u00eda de M\u00e1laga\u201d, unidad titular de M\u00e1laga, cuyo historial hered\u00f3 el Regimiento Melilla 52\u00ba. El colectivo muestra su patrimonio hist\u00f3rico en la casa museo de la barriada de Torrealquer\u00eda, en Alhaur\u00edn de la Torre, y en el Centro de Interpretaci\u00f3n Hist\u00f3rico Jos\u00e9 Mar\u00eda Torrijos, sito en la Plaza de la Libertad, entre la parte posterior del Mercado de El Perchel y calle Eslava.<\/span><\/strong><br \/><strong><span style=\"color: #000000;\">Para entrar en su historial y actividades: P\u00e1gina web: www.torrijos1831.com Contacto: asociaciontorrijos1831@gmail.com Tel\u00e9fono 952234039. Para espec\u00edficas de la Guerra de la Independencia: regimientodeinfanteriademalaga.blogspot.com<\/span><\/strong><\/p>\n\n\n<figure class=\"wp-block-image size-large\"><img loading=\"lazy\" width=\"1024\" height=\"749\" src=\"https:\/\/www.torrijos1831.com\/wp-content\/uploads\/2024\/05\/3-3-1024x749.jpg\" alt=\"\" class=\"wp-image-5278\" srcset=\"http:\/\/www.torrijos1831.com\/wp-content\/uploads\/2024\/05\/3-3-1024x749.jpg 1024w, http:\/\/www.torrijos1831.com\/wp-content\/uploads\/2024\/05\/3-3-300x219.jpg 300w, http:\/\/www.torrijos1831.com\/wp-content\/uploads\/2024\/05\/3-3-768x561.jpg 768w, http:\/\/www.torrijos1831.com\/wp-content\/uploads\/2024\/05\/3-3.jpg 1424w\" sizes=\"(max-width: 1024px) 100vw, 1024px\" \/><\/figure>\n\n\n\n<figure class=\"wp-block-image size-large\"><img loading=\"lazy\" width=\"1024\" height=\"762\" src=\"https:\/\/www.torrijos1831.com\/wp-content\/uploads\/2024\/05\/3-4-1024x762.jpg\" alt=\"\" class=\"wp-image-5279\" srcset=\"http:\/\/www.torrijos1831.com\/wp-content\/uploads\/2024\/05\/3-4-1024x762.jpg 1024w, http:\/\/www.torrijos1831.com\/wp-content\/uploads\/2024\/05\/3-4-300x223.jpg 300w, http:\/\/www.torrijos1831.com\/wp-content\/uploads\/2024\/05\/3-4-768x572.jpg 768w, http:\/\/www.torrijos1831.com\/wp-content\/uploads\/2024\/05\/3-4-1536x1143.jpg 1536w, http:\/\/www.torrijos1831.com\/wp-content\/uploads\/2024\/05\/3-4-2048x1524.jpg 2048w, http:\/\/www.torrijos1831.com\/wp-content\/uploads\/2024\/05\/3-4-480x357.jpg 480w\" sizes=\"(max-width: 1024px) 100vw, 1024px\" \/><\/figure>\n","protected":false},"excerpt":{"rendered":"<p>Asociaci\u00f3n Torrijos 1831 15\/05\/2024 El pasado d\u00eda 3 de mayo, tuvo lugar en la Casa de la Cultura de las Cabezas de San Juan, la conferencia impartida por Alicia Gallego Soler, escritora, poeta y vicepresidenta de la Asociaci\u00f3n Hist\u00f3rico Cultural Torrijos 1831, titulada con el significativo nombre \u201cLas mujeres liberales frente a Fernando VII\u201d. Todo&#8230;<\/p>\n","protected":false},"author":1,"featured_media":5280,"comment_status":"closed","ping_status":"closed","sticky":false,"template":"","format":"standard","meta":[],"categories":[175,209],"tags":[],"_links":{"self":[{"href":"http:\/\/www.torrijos1831.com\/index.php?rest_route=\/wp\/v2\/posts\/5277"}],"collection":[{"href":"http:\/\/www.torrijos1831.com\/index.php?rest_route=\/wp\/v2\/posts"}],"about":[{"href":"http:\/\/www.torrijos1831.com\/index.php?rest_route=\/wp\/v2\/types\/post"}],"author":[{"embeddable":true,"href":"http:\/\/www.torrijos1831.com\/index.php?rest_route=\/wp\/v2\/users\/1"}],"replies":[{"embeddable":true,"href":"http:\/\/www.torrijos1831.com\/index.php?rest_route=%2Fwp%2Fv2%2Fcomments&post=5277"}],"version-history":[{"count":1,"href":"http:\/\/www.torrijos1831.com\/index.php?rest_route=\/wp\/v2\/posts\/5277\/revisions"}],"predecessor-version":[{"id":5281,"href":"http:\/\/www.torrijos1831.com\/index.php?rest_route=\/wp\/v2\/posts\/5277\/revisions\/5281"}],"wp:featuredmedia":[{"embeddable":true,"href":"http:\/\/www.torrijos1831.com\/index.php?rest_route=\/wp\/v2\/media\/5280"}],"wp:attachment":[{"href":"http:\/\/www.torrijos1831.com\/index.php?rest_route=%2Fwp%2Fv2%2Fmedia&parent=5277"}],"wp:term":[{"taxonomy":"category","embeddable":true,"href":"http:\/\/www.torrijos1831.com\/index.php?rest_route=%2Fwp%2Fv2%2Fcategories&post=5277"},{"taxonomy":"post_tag","embeddable":true,"href":"http:\/\/www.torrijos1831.com\/index.php?rest_route=%2Fwp%2Fv2%2Ftags&post=5277"}],"curies":[{"name":"wp","href":"https:\/\/api.w.org\/{rel}","templated":true}]}}