{"id":5502,"date":"2024-06-25T11:33:35","date_gmt":"2024-06-25T11:33:35","guid":{"rendered":"http:\/\/www.torrijos1831.com\/?p=5502"},"modified":"2024-06-25T11:33:37","modified_gmt":"2024-06-25T11:33:37","slug":"este-ano-las-conmemoraciones-del-4-de-julio-en-macharaviaya-se-celebraran-en-la-tarde-noche-del-sabado-6-de-julio","status":"publish","type":"post","link":"http:\/\/www.torrijos1831.com\/?p=5502","title":{"rendered":"Este a\u00f1o, las conmemoraciones del \u201c4 de Julio\u201d en Macharaviaya, se celebrar\u00e1n en la tarde-noche del s\u00e1bado 6 de julio."},"content":{"rendered":"<p style=\"text-align: justify;\"><strong><span style=\"color: #000000;\">Asociaci\u00f3n Torrijos 1831 \u00a0 \u00a0 \u00a0 \u00a0 \u00a0 \u00a0 \u00a0 \u00a0 \u00a0 \u00a0 \u00a0 \u00a0 \u00a0 \u00a0 25\/06\/2024<\/span><\/strong><\/p>\n<p style=\"text-align: justify;\"><strong><span style=\"color: #000000;\">Para todos los seguidores de esta web, anunciamos que este a\u00f1o las conmemoraciones del \u201c4 de Julio\u201d, que se realizan anualmente en la bell\u00edsima localidad de Macharaviaya, se celebrar\u00e1n en la tarde-noche del s\u00e1bado 6 de julio.<\/span><\/strong><br \/>\n<strong><span style=\"color: #000000;\">Es muy de destacar la labor que el alcalde Antonio Campos y su consistorio, realizan por la memoria y expansi\u00f3n hist\u00f3rica de la familia G\u00e1lvez, natural de esta localidad y, en especial, por la de Bernardo de G\u00e1lvez, tan destacado y vinculado con la independencia de los Estados Unidos.<\/span><\/strong><br \/>\n<strong><span style=\"color: #000000;\">El consistorio macharatungo est\u00e1 apoyado por la Orden de Granaderos y Damas de G\u00e1lvez de G\u00e1lvez, de Macharaviaya, radicada, como no pod\u00eda ser menos, en la hist\u00f3rica localidad. Este colectivo tiene muchos valores, y adem\u00e1s, ha alcanzado muy buenos objetivos, entre ellos, el estar integrado ya, como Orden, con las otras \u00f3rdenes de G\u00e1lvez, con sedes en varios estados de los Estados Unidos (lo que no est\u00e1 al alcance de cualquiera), siendo un total reconocimiento por la encomiable labor que realizan desde la provincia de M\u00e1laga, y por su entrega desinteresada, que irradia hasta los propios Estados Unidos, con visitas, invitaciones a actos de relieve y reconocimientos m\u00faltiples. A la cabeza de esta Orden, Jos\u00e9 G\u00e1lvez, Antonio T\u00e9llez, Katie, Alfonso Urioles, Rosa Palomo y Antonio Gait\u00e1n, acompa\u00f1ados de un grupo de personas que conocen y practican lo que es la lealtad, algo que escasea en la sociedad actual, con tantas componendas y egos de por medio. Hoy se puede decir, alto y claro, que es el colectivo de recreaciones hist\u00f3ricas que m\u00e1s ha hecho por la memoria de G\u00e1lvez en Espa\u00f1a.<\/span><\/strong><\/p>\n<p style=\"text-align: justify;\"><span style=\"color: #800000;\"><strong>Nuestro apoyo al Ayuntamiento de Macharaviaya y a la Orden de Granaderos y Damas de G\u00e1lvez.<\/strong><\/span><\/p>\n<p style=\"text-align: justify;\"><strong><span style=\"color: #000000;\">Desde 2008, la Asociaci\u00f3n Torrijos 1831 ha colaborado con el Ayuntamiento de Macharaviaya y, con los Granaderos y Damas de G\u00e1lvez, a partir de 2009. Lo hemos hecho por el valor que tienen las recreaciones hist\u00f3ricas a pie de calle, para que el pueblo, integrado por adultos y ni\u00f1os, comprenda de forma directa, y sencilla, el valor de los edificios, calles y plazas, por su relaci\u00f3n con personajes y hechos hist\u00f3ricos que sucedieron en ellos; pero tambi\u00e9n, porque siempre se debe colaborar de forma desinteresada con proyectos de otros, que se dejan medios y esfuerzos en sus sue\u00f1os e ilusiones, haci\u00e9ndolo desde una hermandad positiva, que est\u00e9 por encima de esos egos que, de forma tan insana, tantas cosas dificultan o destruyen.<\/span><\/strong><\/p>\n","protected":false},"excerpt":{"rendered":"<p>Asociaci\u00f3n Torrijos 1831 \u00a0 \u00a0 \u00a0 \u00a0 \u00a0 \u00a0 \u00a0 \u00a0 \u00a0 \u00a0 \u00a0 \u00a0 \u00a0 \u00a0 25\/06\/2024 Para todos los seguidores de esta web, anunciamos que este a\u00f1o las conmemoraciones del \u201c4 de Julio\u201d, que se realizan anualmente en la bell\u00edsima localidad de Macharaviaya, se celebrar\u00e1n en la tarde-noche del s\u00e1bado 6 de julio&#8230;.<\/p>\n","protected":false},"author":1,"featured_media":5503,"comment_status":"closed","ping_status":"closed","sticky":false,"template":"","format":"standard","meta":[],"categories":[171,209],"tags":[],"_links":{"self":[{"href":"http:\/\/www.torrijos1831.com\/index.php?rest_route=\/wp\/v2\/posts\/5502"}],"collection":[{"href":"http:\/\/www.torrijos1831.com\/index.php?rest_route=\/wp\/v2\/posts"}],"about":[{"href":"http:\/\/www.torrijos1831.com\/index.php?rest_route=\/wp\/v2\/types\/post"}],"author":[{"embeddable":true,"href":"http:\/\/www.torrijos1831.com\/index.php?rest_route=\/wp\/v2\/users\/1"}],"replies":[{"embeddable":true,"href":"http:\/\/www.torrijos1831.com\/index.php?rest_route=%2Fwp%2Fv2%2Fcomments&post=5502"}],"version-history":[{"count":1,"href":"http:\/\/www.torrijos1831.com\/index.php?rest_route=\/wp\/v2\/posts\/5502\/revisions"}],"predecessor-version":[{"id":5504,"href":"http:\/\/www.torrijos1831.com\/index.php?rest_route=\/wp\/v2\/posts\/5502\/revisions\/5504"}],"wp:featuredmedia":[{"embeddable":true,"href":"http:\/\/www.torrijos1831.com\/index.php?rest_route=\/wp\/v2\/media\/5503"}],"wp:attachment":[{"href":"http:\/\/www.torrijos1831.com\/index.php?rest_route=%2Fwp%2Fv2%2Fmedia&parent=5502"}],"wp:term":[{"taxonomy":"category","embeddable":true,"href":"http:\/\/www.torrijos1831.com\/index.php?rest_route=%2Fwp%2Fv2%2Fcategories&post=5502"},{"taxonomy":"post_tag","embeddable":true,"href":"http:\/\/www.torrijos1831.com\/index.php?rest_route=%2Fwp%2Fv2%2Ftags&post=5502"}],"curies":[{"name":"wp","href":"https:\/\/api.w.org\/{rel}","templated":true}]}}