{"id":5678,"date":"2024-08-19T08:22:45","date_gmt":"2024-08-19T08:22:45","guid":{"rendered":"http:\/\/www.torrijos1831.com\/?p=5678"},"modified":"2024-08-20T14:54:32","modified_gmt":"2024-08-20T14:54:32","slug":"el-fusilamiento-de-los-coloraos-de-almeria","status":"publish","type":"post","link":"http:\/\/www.torrijos1831.com\/?p=5678","title":{"rendered":"El fusilamiento de los \u201cColoraos\u201d de Almer\u00eda."},"content":{"rendered":"<p style=\"text-align: justify;\"><strong><span style=\"color: #000000;\">Asociaci\u00f3n Torrijos 1831 19\/08\/2024<\/span><\/strong><\/p>\n<p style=\"text-align: justify;\"><strong><span style=\"color: #000000;\">Una comisi\u00f3n militar de Almer\u00eda juzg\u00f3 a los prisioneros. En realidad era una farsa judicial, pues Fernando VII, el verdadero juez, al ser la cabeza de la justicia absolutista, hab\u00eda ordenado que fueran fusilados por la espalda, de rodillas y dejados sus cad\u00e1veres abandonados en el lugar, sin recibir enterramiento. As\u00ed que, esa orden fue la que, exactamente, se cumpli\u00f3 en el amanecer del 24 de agosto, siendo los prisioneros llevados a la cinco de la ma\u00f1ana, en carros, hasta la muralla denominada del Socorro. Ya de rodillas, y ante sorpresa de los representantes absolutistas y el pelot\u00f3n de ejecuci\u00f3n, los condenados comenzaron a entonar el Himno compuesto por Benigno Morales, en Gibraltar (Morales estaba tambi\u00e9n de rodilla con los dem\u00e1s en esos \u00faltimos momentos), intentando aliviar sus almas con lo \u00fanico que ya pod\u00edan hacer. S\u00f3lo les dio tiempo de entonar la primera estrofa\u2026<\/span><\/strong><\/p>\n<p style=\"text-align: justify;\"><strong><span style=\"color: #000000;\">\u201cLibertad y uni\u00f3n: alzad<\/span><\/strong><br \/>\n<strong><span style=\"color: #000000;\">venid guerreros de Espa\u00f1a<\/span><\/strong><br \/>\n<strong><span style=\"color: #000000;\">las cadenas arrojad:<\/span><\/strong><br \/>\n<strong><span style=\"color: #000000;\">\u00a1Viva la Libertad!&#8230;\u201d<\/span><\/strong><\/p>\n<p style=\"text-align: justify;\"><strong><span style=\"color: #000000;\">Tras la ejecuci\u00f3n, los cuerpos quedaron tirados en el suelo para ser pasto de las alima\u00f1as. Sin embargo, al llegar las sombras de la noche, el padre Miguel P\u00e9rez de Perceval, auxiliado por dos hermanos franciscanos y el monje jer\u00f3nimo Vicente Garc\u00eda (este hab\u00eda auxiliado a los condenados en sus confesiones), fueron llev\u00e1ndose los cuerpos yertos de los ejecutados, uno a uno, a lomos de una mula, enterrando los cad\u00e1veres en varias zanjas que hab\u00edan abierto en el antiguo cementerio almeriense. Al d\u00eda siguiente, los religiosos fueron llamados por las autoridades, a declarar, por haber infringido lo ordenado, pero los monjes alegaron que, como cristianos, una de sus misiones que ten\u00edan de obligado cumplimiento, era la de enterrar a los muertos. No hay constancia escrita de que fueran castigados por ello.<\/span><\/strong><br \/>\n<strong><span style=\"color: #000000;\">El gobierno absolutista de Almer\u00eda quiso dejar muy claro en un manifiesto, sobre lo ocurrido, a quienes les deb\u00eda su \u00e9xito y, por consiguiente, la derrota de los constitucionalistas: \u201cAlmer\u00eda\u2026, ser\u00eda una ingrata si no conociese que la victoria que ha conseguido contra la raza imp\u00eda de enemigos que la combatieron, la deb\u00eda a la singular protecci\u00f3n de su \u00c1ngel tutelar, que lo es la Reina de ellos y Madre de Dios bajo el t\u00edtulo del Mar, su patrona: La memoria de este triunfo se transmitir\u00e1 a la posterioridad\u2026 Por los hijos de Almer\u00eda, correspondiendo a los particulares beneficios y milagros que infaliblemente han experimentado\u2026 Alabar\u00e1n y bendecir\u00e1n al Dios de Israel que ha salvado a su pueblo, y proclamar\u00e1n a su patrona diciendo: \u00a1Viva nuestra Madre: Viva nuestra abogada: Viva nuestra Redentora: Viva nuestra Iluminadora: Viva nuestra Antorcha: Viva la Religi\u00f3n y Viva el Rey!\u201d.<\/span><\/strong><\/p>\n<p style=\"text-align: justify;\"><span style=\"color: #800000;\"><strong>Lista de los ejecutados en Almer\u00eda por los intentos de asalto de agosto de 1824.<\/strong><\/span><\/p>\n<p style=\"text-align: justify;\"><strong><span style=\"color: #000000;\">Juan Luc. Teniente coronel y ayudante de Riego.<\/span><\/strong><br \/>\n<strong><span style=\"color: #000000;\">Francisco Paules. Capit\u00e1n del Ej\u00e9rcito.<\/span><\/strong><br \/>\n<strong><span style=\"color: #000000;\">Juan Lu\u00eds Rute. Capit\u00e1n del Regimiento de Infanter\u00eda de la Corona.<\/span><\/strong><br \/>\n<strong><span style=\"color: #000000;\">Carlos de Hoyos. Capit\u00e1n del Regimiento M\u00e1laga.<\/span><\/strong><br \/>\n<strong><span style=\"color: #000000;\">Nicol\u00e1s Gonz\u00e1lez. Capit\u00e1n del Ej\u00e9rcito.<\/span><\/strong><br \/>\n<strong><span style=\"color: #000000;\">Bernardino Bustamante. Capit\u00e1n retirado.<\/span><\/strong><br \/>\n<strong><span style=\"color: #000000;\">Francisco Gonz\u00e1lez. Teniente del Ej\u00e9rcito (hermano del anterior).<\/span><\/strong><br \/>\n<strong><span style=\"color: #000000;\">Juan Gonz\u00e1lez. Teniente del Ej\u00e9rcito (hermano de los dos anteriores).<\/span><\/strong><br \/>\n<strong><span style=\"color: #000000;\">\u00c1ngel Garay. Teniente e hijo de un Intendente de Murcia.<\/span><\/strong><br \/>\n<strong><span style=\"color: #000000;\">Evaristo Fern\u00e1ndez. Teniente del Ej\u00e9rcito.<\/span><\/strong><br \/>\n<strong><span style=\"color: #000000;\">Jorge Navarrete. Subteniente del Ej\u00e9rcito.<\/span><\/strong><br \/>\n<strong><span style=\"color: #000000;\">Tom\u00e1s Rey. Sargento 1\u00ba del Ej\u00e9rcito, nacido en Dubl\u00edn (Irlanda).<\/span><\/strong><br \/>\n<strong><span style=\"color: #000000;\">Miguel Jim\u00e9nez. Sargento 2\u00ba de Infanter\u00eda.<\/span><\/strong><br \/>\n<strong><span style=\"color: #000000;\">Jos\u00e9 Rojas. Sargento 2\u00ba del Ej\u00e9rcito.<\/span><\/strong><br \/>\n<strong><span style=\"color: #000000;\">Ram\u00f3n Manzano. Sargento 1\u00ba de la Milicia Nacional.<\/span><\/strong><br \/>\n<strong><span style=\"color: #000000;\">Jos\u00e9 Gand\u00eda. Oficial de la Administraci\u00f3n de Rentas de Gibraltar.<\/span><\/strong><br \/>\n<strong><span style=\"color: #000000;\">Carlos Masoff, seud\u00f3nimo del general franc\u00e9s Cugnet de Montarlot, que conspir\u00f3 contra Lu\u00eds XVI de Francia.<\/span><\/strong><br \/>\n<strong><span style=\"color: #000000;\">Antonio Guerrero. Militar.<\/span><\/strong><br \/>\n<strong><span style=\"color: #000000;\">Jos\u00e9 L\u00f3pez. Cabo 1\u00ba del Ej\u00e9rcito.<\/span><\/strong><br \/>\n<strong><span style=\"color: #000000;\">Benigno Morales. Editor muy conocido de la revista liberal \u201cEl Zurriago\u201d.<\/span><\/strong><br \/>\n<strong><span style=\"color: #000000;\">Juan P\u00e9rez Valverde. Marinero.<\/span><\/strong><br \/>\n<strong><span style=\"color: #000000;\">Jos\u00e9 Pascual. Paisano y dirigente de liberales, de Huecija.<\/span><\/strong><br \/>\n<strong><span style=\"color: #000000;\">Guillermo Gusti. Oficial del Gobierno Militar de Gibraltar, nacido en Dubl\u00edn (Irlanda).<\/span><\/strong><br \/>\n<strong><span style=\"color: #000000;\">Jos\u00e9 Ferrari<\/span><\/strong><br \/>\n<strong><span style=\"color: #000000;\">Juan Bautista Peti<\/span><\/strong><\/p>\n<p style=\"text-align: justify;\"><strong><span style=\"color: #000000;\">Se sabe, que cuatro muchachos muy j\u00f3venes, menores de edad, estuvieron entre los prisioneros. El ser menores de edad les salv\u00f3 del fusilamiento. Pero tuvieron su castigo al ser condenados al suplicio de baquetas. Tras ser apaleados b\u00e1rbaramente, tuvieron que ser ingresados en un hospital de Almer\u00eda a causa de sus dolorosas heridas. Algo recuperados de las mismas, fueron enviados a M\u00e1laga para sufrir prisi\u00f3n.<\/span><\/strong><br \/>\n<strong><span style=\"color: #000000;\">La sierra de Gador fue refugio para la gran mayor\u00eda de los que lograron escapar de los realistas, tras los \u00faltimos combates, hasta que, finalmente, consiguieron huir a Gibraltar, donde permanecieron varios a\u00f1os.<\/span><\/strong><\/p>\n<p style=\"text-align: justify;\"><span style=\"color: #800000;\"><strong>Los \u201cColoraos\u201d al d\u00eda de hoy.<\/strong><\/span><\/p>\n<p style=\"text-align: justify;\"><strong><span style=\"color: #000000;\">\u00bfFue una derrota el intento de la expedici\u00f3n procedente de Gibraltar? \u00bfUn desprop\u00f3sito? Los evidentes hechos de 1824 y, en especial, el aniquilamiento de gran parte del grupo que desembarc\u00f3 en la costa almeriense, parece dejar pocos resquicios a la interpretaci\u00f3n. \u00bfPero, puede considerarse la acci\u00f3n de los \u201cColoraos\u201d un fracaso cuando la memoria de nuestra Historia los ha hecho eternos?<\/span><\/strong><br \/>\n<strong><span style=\"color: #000000;\">Es f\u00e1cil comprenderlo. El tiempo, definidor de tantas cosas, les dio la raz\u00f3n. Tambi\u00e9n, los vientos de la Historia (tan esclarecedores siempre), fueron con los ideales de aquel grupo de hombres valientes y, tambi\u00e9n, con su arriesgado intento por lograr el sistema pol\u00edtico que trataron de defender, pues hoy d\u00eda nuestro pa\u00eds est\u00e1 regido por un sistema constitucional, y el pueblo est\u00e1 representado por un Parlamento donde radica la soberan\u00eda. Un sistema que sus enemigos siempre odiaron, detestaron e hicieron cuanto estuvo en sus manos porque nunca existiera en nuestro pa\u00eds. Su sue\u00f1o, el de los \u201cColoraos\u201d, se impuso: Espa\u00f1a ya no pertenece a una familia, como si ocurr\u00eda en 1824. Adem\u00e1s, en su Almer\u00eda (el lejano y principal objetivo de aquel tr\u00e1gico verano de 1824), el monumento m\u00e1s emblem\u00e1tico de la ciudad est\u00e1 dedicado a su eterna memoria. Nada que ver con el monarca que los conden\u00f3 a morir, el nefasto Fernando VII, pues hoy, \u00e9l mismo es el que est\u00e1 condenado en nuestros libros de historia, en los art\u00edculos de prensa y revistas especializadas con buen contenido cient\u00edfico, por todos los \u201cm\u00e9ritos acumulados\u201d desde que, de nuevo, fue implantado en su trono absoluto, en 1823, por un ej\u00e9rcito franc\u00e9s de ocupaci\u00f3n (cuanto honor). Fernando VII y todo su r\u00e9gimen se dedicaron a la demolici\u00f3n institucional, legislativa y econ\u00f3mica del r\u00e9gimen constitucional, as\u00ed como a acabar, f\u00edsica e intelectualmente, con la masa social que lo hab\u00eda sostenido: los liberales. Esta represi\u00f3n fue tan extrema, que figura como una de las m\u00e1s crueles y negras en la historia contempor\u00e1nea espa\u00f1ola. Sin embargo, a\u00fan ser\u00eda peor su herencia, pues esa violencia pol\u00edtica ejercitada y dirigida desde la c\u00fapula del poder del estado absoluto, durante tantos a\u00f1os, crear\u00eda una fractura de grandes proporciones en la sociedad espa\u00f1ola, cuyos males, especialmente los inculcados en las mentalidades, pervivieron a trav\u00e9s del tiempo, especialmente, por la intransigencia, rechazo (incluso odio), por el que piensa diferente, y por el proclive y peligroso pensar guerracivilista, cuya materializaci\u00f3n, desgraciadamente, jalon\u00f3 los siglos XIX y XX.<\/span><\/strong><br \/>\n<strong><span style=\"color: #000000;\">Hoy, la creencia en Dios y la pr\u00e1ctica de la fe es decisi\u00f3n y derecho moral de cada persona, pero ya no tiene sost\u00e9n alguno, y menos cuando se comprueba diariamente, en las noticias, la muerte de tantos ni\u00f1os inocentes en las guerras, que Dios est\u00e1 de parte de estos y no de aquellos, que est\u00e1 instalado sobre la c\u00fapula directiva de un estado \u201cpara el buen gobierno de sus habitantes y el cuidado de sus almas\u201d, y que en las guerras y enfrentamientos, es un desprop\u00f3sito el pensar que Dios es parte. Nada de eso es comprensible moralmente, y menos puede serlo para los seguidores del Dios misericordioso ense\u00f1ado en el orbe cristiano. Las autoridades absolutistas de Almer\u00eda que vencieron a los \u201cColoraos\u201d en 1824, dejaron por escrito que, a Dios, la Virgen y los santos, les debieron aquella victoria, un factor m\u00e1s para comprender quienes marcharon con los vientos de la Historia, y quienes sostuvieron a un anquilosado poder, repleto todav\u00eda en 1824, de reminiscencias medievales, que manten\u00eda el sistema desigual basado en unos privilegiados, y otros que no lo eran, con dos justicias diferentes, dependiendo de la parte a la que se perteneciera, y que la tortura era aplicada al pueblo para conseguir forzadas culpabilidades.<\/span><\/strong><br \/>\n<strong><span style=\"color: #000000;\">Resulta incuestionable, que los ilustrados espa\u00f1oles conformaron el primer n\u00facleo moderno y reformista de nuestro pa\u00eds, y que sus herederos directos, en cuanto a la idea de un estado mucho mejor que el heredado absoluto, y m\u00e1s moderno que \u00e9ste, fueron nuestros liberales decimon\u00f3nicos. Los denominados \u201cColoraos\u201d estuvieron entre estos \u00faltimos. Eso lo dice todo, en cuanto a la visi\u00f3n actual que debemos de tener de ellos.<\/span><\/strong><\/p>\n<p style=\"text-align: justify;\"><strong><span style=\"color: #800000;\">Datos de la Asociaci\u00f3n Hist\u00f3rico Cultural Torrijos 1831.<\/span><\/strong><\/p>\n<p style=\"text-align: justify;\"><strong><span style=\"color: #000000;\">Tipo de Asociaci\u00f3n: cultural, dedicada a la investigaci\u00f3n hist\u00f3rica, y recreadora en sus actuaciones en p\u00fablico para exponer los hechos que representa. \u00c1mbito de actuaci\u00f3n: Regional (inscrita en el Registro de Asociaciones y Junta de Andaluc\u00eda). Inici\u00f3 su periodo constituyente en el a\u00f1o 2002, siendo legalizada en 2003. Fue un proyecto original desde el principio, pues en Espa\u00f1a no se hab\u00eda creado anteriormente una Asociaci\u00f3n sobre el personaje hist\u00f3rico de Jos\u00e9 Mar\u00eda Torrijos y Uriarte, h\u00e9roe de la Guerra de Independencia, y defensor de las libertades y derechos constitucionales frente al poder absoluto del reinado de Fernando VII. Original en las formas, dedicaci\u00f3n y fines, que recogen sus estatutos, cimentando sus antecedentes en los precursores que trabajaron sobre el personaje de Torrijos en la provincia de M\u00e1laga, en las d\u00e9cadas de los a\u00f1os ochenta y noventa del siglo XX y primeros a\u00f1os del XXI, y tambi\u00e9n, en la raz\u00f3n fundamental y objetiva que como texto legal marca la fecha de legalizaci\u00f3n de su fundaci\u00f3n.<\/span><\/strong><br \/>\n<strong><span style=\"color: #000000;\">Como colectivo de recreaciones hist\u00f3ricas, es el m\u00e1s antiguo de las dedicados al siglo XIX, en Andaluc\u00eda. En cuanto a las representaciones relativas a la Guerra de la Independencia en las que participa la Asociaci\u00f3n, la recreaci\u00f3n insignia, creada en 2007, es el \u201cRegimiento de Infanter\u00eda de M\u00e1laga\u201d, unidad titular de M\u00e1laga, que salvo un periodo de disoluci\u00f3n, tuvo vida castrense desde 1701 a 1893, siendo su historial heredado por el Regimiento Melilla en sus diferentes numeraciones, y que fue disuelto en M\u00e1laga, en 1985.<\/span><\/strong><br \/>\n<strong><span style=\"color: #000000;\">Para entrar en su historial y actividades: regimientodeinfanteriademalaga.blogspot.com<\/span><\/strong><br \/>\n<strong><span style=\"color: #000000;\">Correo de Contacto: asociaciontorrijos1831@gmail.com Tel\u00e9fono 952234039. P\u00e1gina web: www.torrijos1831.com<\/span><\/strong><\/p>\n","protected":false},"excerpt":{"rendered":"<p>Asociaci\u00f3n Torrijos 1831 19\/08\/2024 Una comisi\u00f3n militar de Almer\u00eda juzg\u00f3 a los prisioneros. En realidad era una farsa judicial, pues Fernando VII, el verdadero juez, al ser la cabeza de la justicia absolutista, hab\u00eda ordenado que fueran fusilados por la espalda, de rodillas y dejados sus cad\u00e1veres abandonados en el lugar, sin recibir enterramiento. As\u00ed&#8230;<\/p>\n","protected":false},"author":1,"featured_media":5679,"comment_status":"closed","ping_status":"closed","sticky":false,"template":"","format":"standard","meta":[],"categories":[209,210],"tags":[],"_links":{"self":[{"href":"http:\/\/www.torrijos1831.com\/index.php?rest_route=\/wp\/v2\/posts\/5678"}],"collection":[{"href":"http:\/\/www.torrijos1831.com\/index.php?rest_route=\/wp\/v2\/posts"}],"about":[{"href":"http:\/\/www.torrijos1831.com\/index.php?rest_route=\/wp\/v2\/types\/post"}],"author":[{"embeddable":true,"href":"http:\/\/www.torrijos1831.com\/index.php?rest_route=\/wp\/v2\/users\/1"}],"replies":[{"embeddable":true,"href":"http:\/\/www.torrijos1831.com\/index.php?rest_route=%2Fwp%2Fv2%2Fcomments&post=5678"}],"version-history":[{"count":2,"href":"http:\/\/www.torrijos1831.com\/index.php?rest_route=\/wp\/v2\/posts\/5678\/revisions"}],"predecessor-version":[{"id":5682,"href":"http:\/\/www.torrijos1831.com\/index.php?rest_route=\/wp\/v2\/posts\/5678\/revisions\/5682"}],"wp:featuredmedia":[{"embeddable":true,"href":"http:\/\/www.torrijos1831.com\/index.php?rest_route=\/wp\/v2\/media\/5679"}],"wp:attachment":[{"href":"http:\/\/www.torrijos1831.com\/index.php?rest_route=%2Fwp%2Fv2%2Fmedia&parent=5678"}],"wp:term":[{"taxonomy":"category","embeddable":true,"href":"http:\/\/www.torrijos1831.com\/index.php?rest_route=%2Fwp%2Fv2%2Fcategories&post=5678"},{"taxonomy":"post_tag","embeddable":true,"href":"http:\/\/www.torrijos1831.com\/index.php?rest_route=%2Fwp%2Fv2%2Ftags&post=5678"}],"curies":[{"name":"wp","href":"https:\/\/api.w.org\/{rel}","templated":true}]}}