{"id":5730,"date":"2024-08-27T13:46:43","date_gmt":"2024-08-27T13:46:43","guid":{"rendered":"http:\/\/www.torrijos1831.com\/?p=5730"},"modified":"2024-08-27T13:56:17","modified_gmt":"2024-08-27T13:56:17","slug":"recreacion-historica-del-bicentenario-de-los-coloraos-en-almeria-el-apresamiento-y-ejecucion-de-los-expedicionarios-de-iglesias-el-24-de-agosto-de-1824","status":"publish","type":"post","link":"http:\/\/www.torrijos1831.com\/?p=5730","title":{"rendered":"Recreaci\u00f3n hist\u00f3rica del Bicentenario de los \u201cColoraos\u201d en Almer\u00eda: el apresamiento y ejecuci\u00f3n de los expedicionarios de Iglesias, el 24 de agosto de 1824."},"content":{"rendered":"<p style=\"text-align: justify;\"><strong><span style=\"color: #000000;\">Asociaci\u00f3n Torrijos 1831\u00a0\u00a0\u00a0\u00a0\u00a0\u00a0\u00a0\u00a0\u00a0\u00a0\u00a0\u00a0\u00a0\u00a0\u00a0\u00a0\u00a0\u00a0\u00a0\u00a0\u00a0\u00a0\u00a0\u00a0\u00a0\u00a0\u00a0\u00a0\u00a0\u00a0\u00a0\u00a0\u00a0\u00a0\u00a0 27\/08\/2024<\/span><\/strong><\/p>\n<p style=\"text-align: justify;\"><strong><span style=\"color: #000000;\">Dentro de lo que fue la amplia representaci\u00f3n hist\u00f3rica del pasado 23 de agosto en Almer\u00eda, integrantes de la Plataforma para la Conmemoraci\u00f3n del Bicentenario de los Coloraos de Almer\u00eda (1824-2024), y de la Asociaci\u00f3n Torrijos 1831, llevaron a cabo la parte de la recreaci\u00f3n relacionada con el apresamiento y ejecuci\u00f3n de los expedicionarios de Iglesias, el 24 de agosto de 1824. Por la profunda dramatizaci\u00f3n de estos hechos, los int\u00e9rpretes lograron llevar hasta los corazones de los espectadores, que llenaban la plaza, una profunda emoci\u00f3n, con la intensidad necesaria para conocer de forma cercana los terribles sucesos del verano de 1824: la columna de prisioneros, el juicio sumar\u00edsimo, la ejecuci\u00f3n, cerrando la visi\u00f3n del drama la recitaci\u00f3n po\u00e9tica de Alicia Gallego en memoria de los \u201cColoraos\u201d. El colof\u00f3n del acto en la Plaza de la Catedral lo puso la Asociaci\u00f3n Folcl\u00f3rica Solera, interpretando dos de sus mejores canciones: \u00abLos Coloraos de Almer\u00eda\u00bb y \u00abMariana de Pineda\u00bb. <\/span><\/strong><strong><span style=\"color: #000000;\">Para los lectores que nos siguen, aqu\u00ed ampliamos a trav\u00e9s de la Historia, con los mayores detalles, lo que ocurri\u00f3 cuando los denominados \u201cColoraos\u201d se retiraron de las murallas de Almer\u00eda.<\/span><\/strong><\/p>\n<p style=\"text-align: justify;\"><span style=\"color: #800000;\"><strong>Apresamiento y ejecuci\u00f3n.<\/strong><\/span><\/p>\n<p style=\"text-align: justify;\"><strong><span style=\"color: #000000;\">Tras el segundo intento frustrado de tomar Almer\u00eda, a Iglesias no le toc\u00f3 m\u00e1s remedio que reunir a los fieles hombres con los que parti\u00f3 de Gibraltar (cuarenta y cinco, pues dos hab\u00edan ca\u00eddo en los ataques a las murallas), para cohesionados y en orden, retomar el camino hacia el cabo de Gata, donde esperaban reembarcar. Sin embargo, con asombro, descubrieron a una columna realista avanzando por la izquierda del r\u00edo, y otra m\u00e1s fuerte a\u00fan, progresando por la parte de Huecija. Eran Voluntarios Realistas de Pechina, Gador, Rioja y Tabernas, cuyo objetivo era cortar la retirada a los liberales. A estas columnas realistas se le sum\u00f3, procedente de la propia Almer\u00eda, la caballer\u00eda de Resguardo. A toda prisa, los \u201cColoraos\u201d lograron pasar el r\u00edo, alcanzando la primera falda de la sierra (cerca de Benahadux), lo que les daba cierta ventaja para enfrentarse a la caballer\u00eda. Pero pronto se evidenci\u00f3 una clara desproporci\u00f3n en el n\u00famero, ya que los realistas iban sumando continuamente refuerzos, mientras que los expedicionarios de Gibraltar iban perdiendo hombres en los dur\u00edsimos combates. Hasta cinco veces tuvieron que cambiar sus posiciones defensivas, obligados por la superioridad enemiga. En aquel fragor, varios comenzaron a quitarse las guerreras brit\u00e1nicas, tan identificables, especialmente algunos que las llevaban con divisas de mandos que les fueron otorgadas en Gibraltar. En la zona de Pechina se confirm\u00f3 la derrota. Los realistas se hicieron con parte de las casacas rojas, con el sombrero de general de Iglesias, y la bandera que defendieron tres oficiales, que fueron heridos por vecinos de Gador para poder arranc\u00e1rselas de sus manos. La bandera era: morada, amarilla y verde. En la rambla frente al Cerro de la Cruz cay\u00f3 muerto el valiente capit\u00e1n Boiges que se defendi\u00f3 solo hasta el final, incluso cuando ya estaba ca\u00eddo en el suelo. La \u00faltima resistencia de los \u201cColoraos\u201d tuvo lugar en el Cerro de los Cuernos. Cuando lleg\u00f3 por fin la noche, una parte de los expedicionarios de Gibraltar ya hab\u00eda ca\u00eddo, unos muertos, y otros, heridos o magullados hab\u00edan sido hechos prisioneros. Iglesias cont\u00f3 a los que quedaban a su alrededor y s\u00f3lo eran seis hombres. Juan Luc, que estaba herido en una pierna, recibi\u00f3 una primera cura por parte del propio Pablo Iglesias, que adem\u00e1s le dio su propio caballo para que pudiera huir. Los dem\u00e1s eran Hoyos, Delgado, Montarlot, Morales y Navarrete. Iglesias orden\u00f3 la dispersi\u00f3n de todos ellos para tener alguna posibilidad para escapar, s\u00f3lo se qued\u00f3 junto a \u00e9l, el coronel Delgado. Ambos lograron escapar del cerco enemigo conducidos por un gu\u00eda, emprendiendo bajo las sombras de la noche la marcha hacia el cabo de Gata. Por el camino se encontraron con los oficiales Santos y Jim\u00e9nez, que tambi\u00e9n hab\u00edan logrado escapar del cerco. Delgado y Jim\u00e9nez decidieron marchar hacia \u00c1guilas, y lo consiguieron; pero Iglesias y Santos tomaron otra ruta, siendo descubiertos y hechos prisioneros en C\u00fatar de Baza. Interrogados duramente en Baza, Santos se derrumb\u00f3 y descubri\u00f3 la identidad de ambos. Fueron llevados a Madrid y, tras un largo proceso, los dos fueron ejecutados en la Plaza de la Cebada, el 25 de agosto de 1825.<\/span><\/strong><\/p>\n<p style=\"text-align: justify;\"><span style=\"color: #800000;\"><strong>Datos de la Asociaci\u00f3n Hist\u00f3rico Cultural Torrijos 1831.<\/strong><\/span><\/p>\n<p style=\"text-align: justify;\"><strong><span style=\"color: #000000;\">Tipo de Asociaci\u00f3n: cultural, dedicada a la investigaci\u00f3n hist\u00f3rica, y recreadora en sus actuaciones en p\u00fablico para exponer los hechos que representa. \u00c1mbito de actuaci\u00f3n: regional, recogida en el Registro de Asociaciones la Junta de Andaluc\u00eda. Inici\u00f3 su periodo constituyente en el a\u00f1o 2002, siendo legalizada en 2003. Fue un proyecto original desde el principio, pues en Espa\u00f1a no se hab\u00eda creado anteriormente una Asociaci\u00f3n sobre el personaje hist\u00f3rico de Jos\u00e9 Mar\u00eda Torrijos y Uriarte, h\u00e9roe de la Guerra de Independencia y defensor de las libertades y derechos constitucionales frente al poder absoluto del reinado de Fernando VII. Original en las formas, dedicaci\u00f3n y fines, que recogen sus estatutos, cimentando sus antecedentes en los precursores que trabajaron sobre el personaje de Torrijos en la provincia de M\u00e1laga, en las d\u00e9cadas de los a\u00f1os ochenta y noventa del siglo XX y primeros a\u00f1os del XXI.<\/span><\/strong><br \/><strong><span style=\"color: #000000;\">Como colectivo de recreaciones hist\u00f3ricas, es el m\u00e1s antiguo de las dedicadas al siglo XIX, en Andaluc\u00eda. En cuanto a las representaciones relativas a la Guerra de la Independencia en las que participa la Asociaci\u00f3n, la recreaci\u00f3n insignia, creada en 2007, es el \u201cRegimiento de Infanter\u00eda de M\u00e1laga\u201d, unidad titular de M\u00e1laga, que salvo un periodo de disoluci\u00f3n, tuvo vida castrense desde 1701 a 1893, siendo su historial heredado por el Regimiento Melilla en sus diferentes numeraciones, y que fue disuelto en M\u00e1laga, en 1985. Para entrar en su historial y actividades: regimientodeinfanteriademalaga.blogspot.com<\/span><\/strong><br \/><strong><span style=\"color: #000000;\">Correo de Contacto: asociaci\u00f3ntorrijos1831@gmail.com Tambi\u00e9n, a trav\u00e9s de este correo se pueden solicitar visitas concertadas al Centro de Interpretaci\u00f3n Hist\u00f3rico Jos\u00e9 Mar\u00eda Torrijos (Refectorio), en el barrio de El Perchel de M\u00e1laga. Tel\u00e9fono de contacto: 952234039. P\u00e1gina web: www.torrijos1831.com<\/span><\/strong><\/p>\n\n\n<figure class=\"wp-block-image size-large\"><img loading=\"lazy\" width=\"1024\" height=\"640\" src=\"https:\/\/www.torrijos1831.com\/wp-content\/uploads\/2024\/08\/133-11-1024x640.jpg\" alt=\"\" class=\"wp-image-5731\" srcset=\"http:\/\/www.torrijos1831.com\/wp-content\/uploads\/2024\/08\/133-11-1024x640.jpg 1024w, http:\/\/www.torrijos1831.com\/wp-content\/uploads\/2024\/08\/133-11-300x187.jpg 300w, http:\/\/www.torrijos1831.com\/wp-content\/uploads\/2024\/08\/133-11-768x480.jpg 768w, http:\/\/www.torrijos1831.com\/wp-content\/uploads\/2024\/08\/133-11-1536x960.jpg 1536w, http:\/\/www.torrijos1831.com\/wp-content\/uploads\/2024\/08\/133-11-2048x1279.jpg 2048w\" sizes=\"(max-width: 1024px) 100vw, 1024px\" \/><\/figure>\n\n\n\n<figure class=\"wp-block-image size-large\"><img loading=\"lazy\" width=\"1024\" height=\"576\" src=\"https:\/\/www.torrijos1831.com\/wp-content\/uploads\/2024\/08\/133-12-1024x576.jpg\" alt=\"\" class=\"wp-image-5732\" srcset=\"http:\/\/www.torrijos1831.com\/wp-content\/uploads\/2024\/08\/133-12-1024x576.jpg 1024w, http:\/\/www.torrijos1831.com\/wp-content\/uploads\/2024\/08\/133-12-300x169.jpg 300w, http:\/\/www.torrijos1831.com\/wp-content\/uploads\/2024\/08\/133-12-768x432.jpg 768w, http:\/\/www.torrijos1831.com\/wp-content\/uploads\/2024\/08\/133-12-1536x864.jpg 1536w, http:\/\/www.torrijos1831.com\/wp-content\/uploads\/2024\/08\/133-12-2048x1152.jpg 2048w\" sizes=\"(max-width: 1024px) 100vw, 1024px\" \/><\/figure>\n\n\n\n<figure class=\"wp-block-image size-large\"><img loading=\"lazy\" width=\"660\" height=\"465\" src=\"https:\/\/www.torrijos1831.com\/wp-content\/uploads\/2024\/08\/133-13.jpg\" alt=\"\" class=\"wp-image-5733\" srcset=\"http:\/\/www.torrijos1831.com\/wp-content\/uploads\/2024\/08\/133-13.jpg 660w, http:\/\/www.torrijos1831.com\/wp-content\/uploads\/2024\/08\/133-13-300x211.jpg 300w, http:\/\/www.torrijos1831.com\/wp-content\/uploads\/2024\/08\/133-13-320x224.jpg 320w\" sizes=\"(max-width: 660px) 100vw, 660px\" \/><\/figure>\n\n\n\n<figure class=\"wp-block-image size-large\"><img loading=\"lazy\" width=\"660\" height=\"495\" src=\"https:\/\/www.torrijos1831.com\/wp-content\/uploads\/2024\/08\/133-14.jpg\" alt=\"\" class=\"wp-image-5734\" srcset=\"http:\/\/www.torrijos1831.com\/wp-content\/uploads\/2024\/08\/133-14.jpg 660w, http:\/\/www.torrijos1831.com\/wp-content\/uploads\/2024\/08\/133-14-300x225.jpg 300w\" sizes=\"(max-width: 660px) 100vw, 660px\" \/><\/figure>\n\n\n\n<figure class=\"wp-block-image size-large\"><img loading=\"lazy\" width=\"1024\" height=\"576\" src=\"https:\/\/www.torrijos1831.com\/wp-content\/uploads\/2024\/08\/133-15-1024x576.jpg\" alt=\"\" class=\"wp-image-5735\" srcset=\"http:\/\/www.torrijos1831.com\/wp-content\/uploads\/2024\/08\/133-15-1024x576.jpg 1024w, http:\/\/www.torrijos1831.com\/wp-content\/uploads\/2024\/08\/133-15-300x169.jpg 300w, http:\/\/www.torrijos1831.com\/wp-content\/uploads\/2024\/08\/133-15-768x432.jpg 768w, http:\/\/www.torrijos1831.com\/wp-content\/uploads\/2024\/08\/133-15-1536x864.jpg 1536w, http:\/\/www.torrijos1831.com\/wp-content\/uploads\/2024\/08\/133-15-2048x1152.jpg 2048w\" sizes=\"(max-width: 1024px) 100vw, 1024px\" \/><\/figure>\n\n\n\n<figure class=\"wp-block-image size-large\"><img loading=\"lazy\" width=\"1024\" height=\"630\" src=\"https:\/\/www.torrijos1831.com\/wp-content\/uploads\/2024\/08\/opa-1024x630.jpg\" alt=\"\" class=\"wp-image-5737\" srcset=\"http:\/\/www.torrijos1831.com\/wp-content\/uploads\/2024\/08\/opa-1024x630.jpg 1024w, http:\/\/www.torrijos1831.com\/wp-content\/uploads\/2024\/08\/opa-300x185.jpg 300w, http:\/\/www.torrijos1831.com\/wp-content\/uploads\/2024\/08\/opa-768x473.jpg 768w, http:\/\/www.torrijos1831.com\/wp-content\/uploads\/2024\/08\/opa-1536x945.jpg 1536w, http:\/\/www.torrijos1831.com\/wp-content\/uploads\/2024\/08\/opa-2048x1260.jpg 2048w\" sizes=\"(max-width: 1024px) 100vw, 1024px\" \/><\/figure>\n\n\n\n<figure class=\"wp-block-image size-large\"><img loading=\"lazy\" width=\"1024\" height=\"1024\" src=\"https:\/\/www.torrijos1831.com\/wp-content\/uploads\/2024\/08\/133-17-1024x1024.jpg\" alt=\"\" class=\"wp-image-5738\" srcset=\"http:\/\/www.torrijos1831.com\/wp-content\/uploads\/2024\/08\/133-17-1024x1024.jpg 1024w, http:\/\/www.torrijos1831.com\/wp-content\/uploads\/2024\/08\/133-17-300x300.jpg 300w, http:\/\/www.torrijos1831.com\/wp-content\/uploads\/2024\/08\/133-17-150x150.jpg 150w, http:\/\/www.torrijos1831.com\/wp-content\/uploads\/2024\/08\/133-17-768x768.jpg 768w, http:\/\/www.torrijos1831.com\/wp-content\/uploads\/2024\/08\/133-17.jpg 1200w\" sizes=\"(max-width: 1024px) 100vw, 1024px\" \/><\/figure>\n\n\n\n<figure class=\"wp-block-image size-large\"><img loading=\"lazy\" width=\"1024\" height=\"598\" src=\"https:\/\/www.torrijos1831.com\/wp-content\/uploads\/2024\/08\/122-157-1024x598.jpg\" alt=\"\" class=\"wp-image-5742\" srcset=\"http:\/\/www.torrijos1831.com\/wp-content\/uploads\/2024\/08\/122-157-1024x598.jpg 1024w, http:\/\/www.torrijos1831.com\/wp-content\/uploads\/2024\/08\/122-157-300x175.jpg 300w, http:\/\/www.torrijos1831.com\/wp-content\/uploads\/2024\/08\/122-157-768x448.jpg 768w, http:\/\/www.torrijos1831.com\/wp-content\/uploads\/2024\/08\/122-157-1536x897.jpg 1536w, http:\/\/www.torrijos1831.com\/wp-content\/uploads\/2024\/08\/122-157-2048x1196.jpg 2048w\" sizes=\"(max-width: 1024px) 100vw, 1024px\" \/><\/figure>\n\n\n\n<figure class=\"wp-block-image size-large\"><img loading=\"lazy\" width=\"1024\" height=\"576\" src=\"https:\/\/www.torrijos1831.com\/wp-content\/uploads\/2024\/08\/122-158-1024x576.jpg\" alt=\"\" class=\"wp-image-5744\" srcset=\"http:\/\/www.torrijos1831.com\/wp-content\/uploads\/2024\/08\/122-158-1024x576.jpg 1024w, http:\/\/www.torrijos1831.com\/wp-content\/uploads\/2024\/08\/122-158-300x169.jpg 300w, http:\/\/www.torrijos1831.com\/wp-content\/uploads\/2024\/08\/122-158-768x432.jpg 768w, http:\/\/www.torrijos1831.com\/wp-content\/uploads\/2024\/08\/122-158-1536x864.jpg 1536w, http:\/\/www.torrijos1831.com\/wp-content\/uploads\/2024\/08\/122-158-2048x1152.jpg 2048w\" sizes=\"(max-width: 1024px) 100vw, 1024px\" \/><\/figure>\n","protected":false},"excerpt":{"rendered":"<p>Asociaci\u00f3n Torrijos 1831\u00a0\u00a0\u00a0\u00a0\u00a0\u00a0\u00a0\u00a0\u00a0\u00a0\u00a0\u00a0\u00a0\u00a0\u00a0\u00a0\u00a0\u00a0\u00a0\u00a0\u00a0\u00a0\u00a0\u00a0\u00a0\u00a0\u00a0\u00a0\u00a0\u00a0\u00a0\u00a0\u00a0\u00a0\u00a0 27\/08\/2024 Dentro de lo que fue la amplia representaci\u00f3n hist\u00f3rica del pasado 23 de agosto en Almer\u00eda, integrantes de la Plataforma para la Conmemoraci\u00f3n del Bicentenario de los Coloraos de Almer\u00eda (1824-2024), y de la Asociaci\u00f3n Torrijos 1831, llevaron a cabo la parte de la recreaci\u00f3n relacionada con el apresamiento y ejecuci\u00f3n&#8230;<\/p>\n","protected":false},"author":1,"featured_media":5739,"comment_status":"closed","ping_status":"closed","sticky":false,"template":"","format":"standard","meta":[],"categories":[209,210],"tags":[],"_links":{"self":[{"href":"http:\/\/www.torrijos1831.com\/index.php?rest_route=\/wp\/v2\/posts\/5730"}],"collection":[{"href":"http:\/\/www.torrijos1831.com\/index.php?rest_route=\/wp\/v2\/posts"}],"about":[{"href":"http:\/\/www.torrijos1831.com\/index.php?rest_route=\/wp\/v2\/types\/post"}],"author":[{"embeddable":true,"href":"http:\/\/www.torrijos1831.com\/index.php?rest_route=\/wp\/v2\/users\/1"}],"replies":[{"embeddable":true,"href":"http:\/\/www.torrijos1831.com\/index.php?rest_route=%2Fwp%2Fv2%2Fcomments&post=5730"}],"version-history":[{"count":2,"href":"http:\/\/www.torrijos1831.com\/index.php?rest_route=\/wp\/v2\/posts\/5730\/revisions"}],"predecessor-version":[{"id":5745,"href":"http:\/\/www.torrijos1831.com\/index.php?rest_route=\/wp\/v2\/posts\/5730\/revisions\/5745"}],"wp:featuredmedia":[{"embeddable":true,"href":"http:\/\/www.torrijos1831.com\/index.php?rest_route=\/wp\/v2\/media\/5739"}],"wp:attachment":[{"href":"http:\/\/www.torrijos1831.com\/index.php?rest_route=%2Fwp%2Fv2%2Fmedia&parent=5730"}],"wp:term":[{"taxonomy":"category","embeddable":true,"href":"http:\/\/www.torrijos1831.com\/index.php?rest_route=%2Fwp%2Fv2%2Fcategories&post=5730"},{"taxonomy":"post_tag","embeddable":true,"href":"http:\/\/www.torrijos1831.com\/index.php?rest_route=%2Fwp%2Fv2%2Ftags&post=5730"}],"curies":[{"name":"wp","href":"https:\/\/api.w.org\/{rel}","templated":true}]}}