{"id":5768,"date":"2024-09-13T18:57:34","date_gmt":"2024-09-13T18:57:34","guid":{"rendered":"http:\/\/www.torrijos1831.com\/?p=5768"},"modified":"2024-09-13T18:57:35","modified_gmt":"2024-09-13T18:57:35","slug":"la-poeta-maria-de-los-angeles-castillo-presenta-su-ultimo-libro-titulado-con-tinta-verde-en-el-centro-de-interpretacion-historico-jose-maria-torrijos","status":"publish","type":"post","link":"http:\/\/www.torrijos1831.com\/?p=5768","title":{"rendered":"La poeta Mar\u00eda de los \u00c1ngeles Castillo presenta su \u00faltimo libro, titulado \u201cCon tinta verde\u201d, en el Centro de Interpretaci\u00f3n Hist\u00f3rico Jos\u00e9 Mar\u00eda Torrijos."},"content":{"rendered":"<p style=\"text-align: justify;\"><strong><span style=\"color: #000000;\">Asociaci\u00f3n Torrijos 1831.\u00a0\u00a0\u00a0\u00a0\u00a0\u00a0\u00a0\u00a0\u00a0\u00a0\u00a0\u00a0\u00a0\u00a0\u00a0\u00a0\u00a0\u00a0\u00a0\u00a0\u00a0\u00a0\u00a0\u00a0\u00a0\u00a0\u00a0\u00a0\u00a0\u00a0\u00a0\u00a0\u00a0 13\/09\/2024<\/span><\/strong><\/p>\n<p style=\"text-align: justify;\"><strong><span style=\"color: #000000;\">Tal como estaba previsto, en la tarde del pasado mi\u00e9rcoles, 11 de septiembre, la joven poeta Mar\u00eda de los \u00c1ngeles Castillo Romero present\u00f3 su \u00faltimo libro, titulado \u201cCon tinta verde\u201d, en el Centro de Interpretaci\u00f3n Hist\u00f3rico Jos\u00e9 Mar\u00eda Torrijos. Tras darle la bienvenida el presidente de la Asociaci\u00f3n Torrijos 1831, Castillo fue presentada por, la tambi\u00e9n escritora, Alicia Gallego Soler, vicepresidenta de la Asociaci\u00f3n Hist\u00f3rico Cultural Torrijos 1831, que dat\u00f3 el amplio curriculum de la poeta nacida en Total\u00e1n, merecedora de varios premios de poes\u00edas a lo largo de su trayectoria.<\/span><\/strong><br \/><strong><span style=\"color: #000000;\">Algunos poemas de Castillo insertados en el libro \u201cCon tinta verde\u201d, fueron le\u00eddos por varios poetas malague\u00f1os y esteponeros, reserv\u00e1ndose la autora tres poemas para el cierre final.<\/span><\/strong><br \/><strong><span style=\"color: #000000;\">Una vez m\u00e1s, el Refectorio se ha visto inundado de una bella poes\u00eda, fresca y cercana, trenzada por un alma femenina.<\/span><\/strong><br \/><strong><span style=\"color: #000000;\">El acto estuvo precedido por la entrega de un emblem\u00e1tico recuerdo que, la familia Gavil\u00e1n Perdiguero ha querido hacer a la Asociaci\u00f3n Torrijos 1831, por su firme apoyo, para que la muy destacada poeta de nuestra Anarqu\u00eda, Fabiola Gavil\u00e1n (q.e.p.d.), tuviera una calle con su nombre en su localidad natal de Riogordo, lo que se ha logrado. El momento llen\u00f3 de emoci\u00f3n a todos los presentes.<\/span><\/strong><\/p>\n<p style=\"text-align: justify;\"><span style=\"color: #800000;\"><strong>Datos de la Asociaci\u00f3n Hist\u00f3rico Cultural Torrijos 1831.<\/strong><\/span><\/p>\n<p style=\"text-align: justify;\"><strong><span style=\"color: #000000;\">Tipo de Asociaci\u00f3n: cultural, dedicada a la investigaci\u00f3n hist\u00f3rica, y recreadora en sus actuaciones en p\u00fablico para exponer los hechos que representa. \u00c1mbito de actuaci\u00f3n: Regional (inscrita en el Registro de Asociaciones y Junta de Andaluc\u00eda). Inici\u00f3 su periodo constituyente en el a\u00f1o 2002, siendo legalizada en 2003. Fue un proyecto original desde el principio, pues en Espa\u00f1a no se hab\u00eda creado anteriormente una Asociaci\u00f3n sobre el personaje hist\u00f3rico de Jos\u00e9 Mar\u00eda Torrijos y Uriarte, h\u00e9roe de la Guerra de Independencia, y defensor de las libertades y derechos constitucionales frente al poder absoluto del reinado de Fernando VII. Original en las formas, dedicaci\u00f3n y fines, que recogen sus estatutos, cimentando sus antecedentes en los precursores que trabajaron sobre el personaje de Torrijos en la provincia de M\u00e1laga, en las d\u00e9cadas de los a\u00f1os ochenta y noventa del siglo XX y primeros a\u00f1os del XXI, y tambi\u00e9n, en la raz\u00f3n fundamental y objetiva que como texto legal marca la fecha de legalizaci\u00f3n de su fundaci\u00f3n.<\/span><\/strong><br \/><strong><span style=\"color: #000000;\">Como colectivo de recreaciones hist\u00f3ricas, es el m\u00e1s antiguo de las dedicados al siglo XIX, en Andaluc\u00eda. En cuanto a las representaciones relativas a la Guerra de la Independencia en las que participa la Asociaci\u00f3n, la recreaci\u00f3n insignia, creada en 2007, es el \u201cRegimiento de Infanter\u00eda de M\u00e1laga\u201d, unidad titular de M\u00e1laga, que salvo un periodo de disoluci\u00f3n, tuvo vida castrense desde 1701 a 1893, siendo su historial heredado por el Regimiento Melilla en sus diferentes numeraciones, y que fue disuelto en M\u00e1laga, en 1985.<\/span><\/strong><br \/><strong><span style=\"color: #000000;\">Para entrar en su historial y actividades: regimientodeinfanteriademalaga.blogspot.com<\/span><\/strong><br \/><strong><span style=\"color: #000000;\">Correo de Contacto: asociaciontorrijos1831@gmail.com Tel\u00e9fono 952234039. P\u00e1gina web: www.torrijos1831.com<\/span><\/strong><\/p>\n\n\n<figure class=\"wp-block-image size-large\"><img loading=\"lazy\" width=\"1024\" height=\"759\" src=\"https:\/\/www.torrijos1831.com\/wp-content\/uploads\/2024\/09\/7-86-1024x759.jpg\" alt=\"\" class=\"wp-image-5769\" srcset=\"http:\/\/www.torrijos1831.com\/wp-content\/uploads\/2024\/09\/7-86-1024x759.jpg 1024w, http:\/\/www.torrijos1831.com\/wp-content\/uploads\/2024\/09\/7-86-300x222.jpg 300w, http:\/\/www.torrijos1831.com\/wp-content\/uploads\/2024\/09\/7-86-768x570.jpg 768w, http:\/\/www.torrijos1831.com\/wp-content\/uploads\/2024\/09\/7-86-1536x1139.jpg 1536w, http:\/\/www.torrijos1831.com\/wp-content\/uploads\/2024\/09\/7-86-2048x1519.jpg 2048w, http:\/\/www.torrijos1831.com\/wp-content\/uploads\/2024\/09\/7-86-480x357.jpg 480w\" sizes=\"(max-width: 1024px) 100vw, 1024px\" \/><\/figure>\n\n\n\n<figure class=\"wp-block-image size-large\"><img loading=\"lazy\" width=\"1024\" height=\"683\" src=\"https:\/\/www.torrijos1831.com\/wp-content\/uploads\/2024\/09\/7-87-1024x683.jpg\" alt=\"\" class=\"wp-image-5770\" srcset=\"http:\/\/www.torrijos1831.com\/wp-content\/uploads\/2024\/09\/7-87-1024x683.jpg 1024w, http:\/\/www.torrijos1831.com\/wp-content\/uploads\/2024\/09\/7-87-300x200.jpg 300w, http:\/\/www.torrijos1831.com\/wp-content\/uploads\/2024\/09\/7-87-768x512.jpg 768w, http:\/\/www.torrijos1831.com\/wp-content\/uploads\/2024\/09\/7-87-1536x1024.jpg 1536w, http:\/\/www.torrijos1831.com\/wp-content\/uploads\/2024\/09\/7-87-2048x1365.jpg 2048w\" sizes=\"(max-width: 1024px) 100vw, 1024px\" \/><\/figure>\n\n\n\n<figure class=\"wp-block-image size-large\"><img loading=\"lazy\" width=\"1024\" height=\"683\" src=\"https:\/\/www.torrijos1831.com\/wp-content\/uploads\/2024\/09\/7-88-1024x683.jpg\" alt=\"\" class=\"wp-image-5771\" srcset=\"http:\/\/www.torrijos1831.com\/wp-content\/uploads\/2024\/09\/7-88-1024x683.jpg 1024w, http:\/\/www.torrijos1831.com\/wp-content\/uploads\/2024\/09\/7-88-300x200.jpg 300w, http:\/\/www.torrijos1831.com\/wp-content\/uploads\/2024\/09\/7-88-768x512.jpg 768w, http:\/\/www.torrijos1831.com\/wp-content\/uploads\/2024\/09\/7-88-1536x1024.jpg 1536w, http:\/\/www.torrijos1831.com\/wp-content\/uploads\/2024\/09\/7-88-2048x1365.jpg 2048w\" sizes=\"(max-width: 1024px) 100vw, 1024px\" \/><\/figure>\n\n\n\n<figure class=\"wp-block-image size-large\"><img loading=\"lazy\" width=\"1024\" height=\"810\" src=\"https:\/\/www.torrijos1831.com\/wp-content\/uploads\/2024\/09\/7-89-1024x810.jpg\" alt=\"\" class=\"wp-image-5772\" srcset=\"http:\/\/www.torrijos1831.com\/wp-content\/uploads\/2024\/09\/7-89-1024x810.jpg 1024w, http:\/\/www.torrijos1831.com\/wp-content\/uploads\/2024\/09\/7-89-300x237.jpg 300w, http:\/\/www.torrijos1831.com\/wp-content\/uploads\/2024\/09\/7-89-768x608.jpg 768w, http:\/\/www.torrijos1831.com\/wp-content\/uploads\/2024\/09\/7-89-1536x1215.jpg 1536w, http:\/\/www.torrijos1831.com\/wp-content\/uploads\/2024\/09\/7-89.jpg 1877w\" sizes=\"(max-width: 1024px) 100vw, 1024px\" \/><\/figure>\n\n\n\n<figure class=\"wp-block-image size-large\"><img loading=\"lazy\" width=\"1024\" height=\"780\" src=\"https:\/\/www.torrijos1831.com\/wp-content\/uploads\/2024\/09\/7-90-1024x780.jpg\" alt=\"\" class=\"wp-image-5773\" srcset=\"http:\/\/www.torrijos1831.com\/wp-content\/uploads\/2024\/09\/7-90-1024x780.jpg 1024w, http:\/\/www.torrijos1831.com\/wp-content\/uploads\/2024\/09\/7-90-300x228.jpg 300w, http:\/\/www.torrijos1831.com\/wp-content\/uploads\/2024\/09\/7-90-768x585.jpg 768w, http:\/\/www.torrijos1831.com\/wp-content\/uploads\/2024\/09\/7-90-1536x1169.jpg 1536w, http:\/\/www.torrijos1831.com\/wp-content\/uploads\/2024\/09\/7-90.jpg 1919w\" sizes=\"(max-width: 1024px) 100vw, 1024px\" \/><\/figure>\n\n\n\n<figure class=\"wp-block-image size-large\"><img loading=\"lazy\" width=\"1024\" height=\"888\" src=\"https:\/\/www.torrijos1831.com\/wp-content\/uploads\/2024\/09\/7-92-1024x888.jpg\" alt=\"\" class=\"wp-image-5774\" srcset=\"http:\/\/www.torrijos1831.com\/wp-content\/uploads\/2024\/09\/7-92-1024x888.jpg 1024w, http:\/\/www.torrijos1831.com\/wp-content\/uploads\/2024\/09\/7-92-300x260.jpg 300w, http:\/\/www.torrijos1831.com\/wp-content\/uploads\/2024\/09\/7-92-768x666.jpg 768w, http:\/\/www.torrijos1831.com\/wp-content\/uploads\/2024\/09\/7-92-1536x1332.jpg 1536w, http:\/\/www.torrijos1831.com\/wp-content\/uploads\/2024\/09\/7-92-534x464.jpg 534w, http:\/\/www.torrijos1831.com\/wp-content\/uploads\/2024\/09\/7-92.jpg 1630w\" sizes=\"(max-width: 1024px) 100vw, 1024px\" \/><\/figure>\n","protected":false},"excerpt":{"rendered":"<p>Asociaci\u00f3n Torrijos 1831.\u00a0\u00a0\u00a0\u00a0\u00a0\u00a0\u00a0\u00a0\u00a0\u00a0\u00a0\u00a0\u00a0\u00a0\u00a0\u00a0\u00a0\u00a0\u00a0\u00a0\u00a0\u00a0\u00a0\u00a0\u00a0\u00a0\u00a0\u00a0\u00a0\u00a0\u00a0\u00a0\u00a0 13\/09\/2024 Tal como estaba previsto, en la tarde del pasado mi\u00e9rcoles, 11 de septiembre, la joven poeta Mar\u00eda de los \u00c1ngeles Castillo Romero present\u00f3 su \u00faltimo libro, titulado \u201cCon tinta verde\u201d, en el Centro de Interpretaci\u00f3n Hist\u00f3rico Jos\u00e9 Mar\u00eda Torrijos. Tras darle la bienvenida el presidente de la Asociaci\u00f3n Torrijos 1831, Castillo&#8230;<\/p>\n","protected":false},"author":1,"featured_media":5775,"comment_status":"closed","ping_status":"closed","sticky":false,"template":"","format":"standard","meta":[],"categories":[4,209],"tags":[],"_links":{"self":[{"href":"http:\/\/www.torrijos1831.com\/index.php?rest_route=\/wp\/v2\/posts\/5768"}],"collection":[{"href":"http:\/\/www.torrijos1831.com\/index.php?rest_route=\/wp\/v2\/posts"}],"about":[{"href":"http:\/\/www.torrijos1831.com\/index.php?rest_route=\/wp\/v2\/types\/post"}],"author":[{"embeddable":true,"href":"http:\/\/www.torrijos1831.com\/index.php?rest_route=\/wp\/v2\/users\/1"}],"replies":[{"embeddable":true,"href":"http:\/\/www.torrijos1831.com\/index.php?rest_route=%2Fwp%2Fv2%2Fcomments&post=5768"}],"version-history":[{"count":1,"href":"http:\/\/www.torrijos1831.com\/index.php?rest_route=\/wp\/v2\/posts\/5768\/revisions"}],"predecessor-version":[{"id":5776,"href":"http:\/\/www.torrijos1831.com\/index.php?rest_route=\/wp\/v2\/posts\/5768\/revisions\/5776"}],"wp:featuredmedia":[{"embeddable":true,"href":"http:\/\/www.torrijos1831.com\/index.php?rest_route=\/wp\/v2\/media\/5775"}],"wp:attachment":[{"href":"http:\/\/www.torrijos1831.com\/index.php?rest_route=%2Fwp%2Fv2%2Fmedia&parent=5768"}],"wp:term":[{"taxonomy":"category","embeddable":true,"href":"http:\/\/www.torrijos1831.com\/index.php?rest_route=%2Fwp%2Fv2%2Fcategories&post=5768"},{"taxonomy":"post_tag","embeddable":true,"href":"http:\/\/www.torrijos1831.com\/index.php?rest_route=%2Fwp%2Fv2%2Ftags&post=5768"}],"curies":[{"name":"wp","href":"https:\/\/api.w.org\/{rel}","templated":true}]}}