{"id":6088,"date":"2024-10-28T19:17:51","date_gmt":"2024-10-28T19:17:51","guid":{"rendered":"http:\/\/www.torrijos1831.com\/?p=6088"},"modified":"2024-10-28T19:17:53","modified_gmt":"2024-10-28T19:17:53","slug":"actos-en-tarifa-inauguracion-de-un-altorrelieve-junto-a-la-antigua-muralla-tarifena-en-memoria-de-los-heroes-liberales-que-la-defendieron-en-agosto-de-1824","status":"publish","type":"post","link":"http:\/\/www.torrijos1831.com\/?p=6088","title":{"rendered":"Actos en Tarifa. Inauguraci\u00f3n de un altorrelieve junto a la antigua muralla tarife\u00f1a, en memoria de los h\u00e9roes liberales que la defendieron en agosto de 1824."},"content":{"rendered":"<p style=\"text-align: justify;\"><strong><span style=\"color: #000000;\">Asociaci\u00f3n Torrijos 1831\u00a0\u00a0\u00a0\u00a0\u00a0\u00a0\u00a0\u00a0\u00a0\u00a0\u00a0\u00a0 28\/10\/2024<\/span><\/strong><\/p>\n<p style=\"text-align: justify;\"><strong><span style=\"color: #000000;\">Despu\u00e9s del homenaje realizado en la Puerta de Jerez, el pasado 26 de octubre, en memoria del coronel Vald\u00e9s y sus liberales; los integrantes de la Fundaci\u00f3n Wenceslao Segura y los diferentes colectivos invitados: Torrijos 1831, de M\u00e1laga, Manzanares, de Estepona, y Bicentenario de los Coloraos, de Almer\u00eda, y los clubes liberales, C\u00e1diz 1812, M\u00e1laga 1812 y Canarias 1812, marcharon al parque que limita con las antiguas murallas, para llevar a cabo la inauguraci\u00f3n de un altorrelieve que va a recordar, para siempre, el valor de los defensores de Tarifa, en el terrible asedio de agosto de 1824.<\/span><\/strong><br \/><strong><span style=\"color: #000000;\">Abri\u00f3 este acto la historiadora Maril\u00f3 Posac Jim\u00e9nez, recordando el asedio de los liberales frente a enemigos muy superiores en n\u00famero. Despu\u00e9s, entre la escultora autora del relieve, Mariluz Mu\u00f1oz Ruiz, y la presidenta de los coloraos de Almer\u00eda, Carmen Ravassa, corrieron la bandera de Tarifa para descubrir el altorrelieve entre el aplauso entusiasmado del p\u00fablico. Los clubes liberales presentes colocaron, a continuaci\u00f3n, una corona de laurel bajo la obra. Sigui\u00f3 la intervenci\u00f3n del historiador Leopoldo Moreno Barranco, que glos\u00f3 el pronunciamiento constitucional paralelo a los d\u00edas del asedio de Tarifa, que se llev\u00f3 cabo en Jimena de la Frontera. Finalmente, cerr\u00f3 el acto el alcalde de Tarifa, con un discurso en el que valor\u00f3 la vigencia actual de los valores pol\u00edticos que defendieron Vald\u00e9s y sus liberales, agradeciendo el trabajo y esfuerzo de todos los que lo hab\u00edan hecho posible. La secci\u00f3n abanderada de la Asociaci\u00f3n Torrijos 1831, luc\u00eda las guerreras verdes que, seg\u00fan documentos de la \u00e9poca, citan que llevaron el coronel Vald\u00e9s y sus liberales. En la foto superior, todos los presidentes de los colectivos presentes, la escultora, la historiadora Posac Jim\u00e9nez y el alcalde de Tarifa, junto al altorrelieve reci\u00e9n inaugurado. A continuaci\u00f3n, de este acto, todos los colectivos formaron en disposici\u00f3n de desfile para trasladarse a la antigua bater\u00eda de Santa Catalina, para all\u00ed realizar el tercer homenaje del d\u00eda, que relataremos en un siguiente art\u00edculo.<\/span><\/strong><\/p>\n<p style=\"text-align: justify;\"><strong><span style=\"color: #000000;\">Un altorrelieve que refleja la dram\u00e1tica defensa del d\u00eda 18 y 19 de agosto de 1824.<\/span><\/strong><\/p>\n<p style=\"text-align: justify;\"><strong><span style=\"color: #000000;\">Los d\u00edas 18 y 19 de agosto fueron los m\u00e1s terribles de la defensa de Tarifa. Se produjo un dur\u00edsimo bombardeo continuado de granadas lanzadas por los cuatro obuses franceses. Un testigo que la noche del 18 viajaba en un barco que pasaba por el estrecho, dej\u00f3 constancia del terrible fuego que ca\u00eda sobre el caser\u00edo de Tarifa. Aterrorizados, las mujeres, ni\u00f1os y ancianos, se refugiaron en los templos, especialmente en la iglesia de San Mateo, hasta all\u00ed se llevaron a los defensores y vecinos heridos. El incendio se propag\u00f3 y perecieron numerosas personas. Muchos de los que estaban en las murallas, aterrados, abandonaron sus puestos, quedando solo defendidos por los de la primera columna que desembarcaron el d\u00eda 3 de agosto. El desconcierto ya era tan grande que el propio Vald\u00e9s se dirigi\u00f3 a San Mateo, y viendo tanto dolor, asegur\u00f3 a los refugiados que pronto iban terminar\u00edan sus llantos y angustias.<\/span><\/strong><br \/><strong><span style=\"color: #000000;\">El d\u00eda 19 fue el \u00faltimo asedio. Los franceses, con balas rasas abrieron una importante brecha en la muralla pr\u00f3xima a la Puerta de Jerez, tan grande, que ya era viable el asalto por ella. Hacia all\u00ed se dirigieron las columnas francesas de infanter\u00eda que, parapetadas en las casas del barrio a extramuros de San Sebasti\u00e1n, bat\u00edan sin cesar a los defensores, ya muy mermados, de la muralla junto a la brecha, y a los de la propia brecha, para desalojarlos, aunque existen testimonios que durante un tiempo resistieron con mucho valor. En lo m\u00e1s fiero del ataque realista, salieron por la brecha el vicario Jos\u00e9 Santiago Nogueras y Louis Goublet, franc\u00e9s avecindado en Tarifa. Ambos pidieron clemencia a los jefes franceses, para evitar que los asaltantes entraran a deg\u00fcello.<\/span><\/strong><br \/><strong><span style=\"color: #000000;\">A las cinco de la tarde las primeras columnas francesas entraron por las brechas. Tocaba ahora para Vald\u00e9s, sus liberales y aquellos vecinos que se hab\u00edan sumado a la defensa, intentar escapar. Los franceses estaban disponi\u00e9ndolo todo para cortarles la retirada, tanto por tierra como mar. Bajo fuego cruzado, Vald\u00e9s y los suyos salieron por la Puerta del Mar, atacada por la izquierda y la derecha. Corriendo cuanto podieron, atravesaron bajo nutrido fuego la escollera que un\u00eda (y une), Tarifa con la isla de Las Palomas. All\u00ed la guarnici\u00f3n liberal que, hasta entonces hab\u00eda mantenido a raya a los buques enemigos, los protegi\u00f3 con fuegos de fusiler\u00eda y ca\u00f1\u00f3n, cerrando el gran port\u00f3n que encaraba la escollera.<\/span><\/strong><br \/><strong><span style=\"color: #000000;\">Sin embargo, la evacuaci\u00f3n no fue tan certera, pues un grupo de liberales qued\u00f3 cercado en la bater\u00eda de Santa Catalina. Ese episodio formar\u00e1 parte del relato de nuestro pr\u00f3ximo art\u00edculo.<\/span><\/strong><\/p>\n<p style=\"text-align: justify;\"><strong><span style=\"color: #000000;\">Datos de la Asociaci\u00f3n Hist\u00f3rico Cultural Torrijos 1831.<\/span><\/strong><\/p>\n<p style=\"text-align: justify;\"><strong><span style=\"color: #000000;\">Tipo de Asociaci\u00f3n: cultural, dedicada a la investigaci\u00f3n hist\u00f3rica, y recreadora en sus actuaciones en p\u00fablico para exponer los hechos que representa. \u00c1mbito de actuaci\u00f3n: regional, recogida en el Registro de asociaciones la Junta de Andaluc\u00eda. Inici\u00f3 su periodo constituyente en el a\u00f1o 2002, siendo legalizada en 2003. Fue un proyecto original desde el principio, pues en Espa\u00f1a no se hab\u00eda creado anteriormente una Asociaci\u00f3n sobre el personaje hist\u00f3rico de Jos\u00e9 Mar\u00eda Torrijos y Uriarte, h\u00e9roe de la Guerra de Independencia y defensor de las libertades y derechos constitucionales frente al poder absoluto del reinado de Fernando VII. Original en las formas, dedicaci\u00f3n y fines, que recogen sus estatutos, cimentando sus antecedentes en los precursores que trabajaron sobre el personaje de Torrijos en la provincia de M\u00e1laga, en las d\u00e9cadas de los a\u00f1os ochenta y noventa del siglo XX y primeros a\u00f1os del XXI.<\/span><\/strong><br \/><strong><span style=\"color: #000000;\">Como colectivo de recreaciones hist\u00f3ricas, es el m\u00e1s antiguo de las dedicadas al siglo XIX, en Andaluc\u00eda. En cuanto a las representaciones relativas a la Guerra de la Independencia en las que participa la Asociaci\u00f3n, la recreaci\u00f3n insignia, creada en 2007, es el \u201cRegimiento de Infanter\u00eda de M\u00e1laga\u201d, unidad titular de M\u00e1laga, que salvo un periodo de disoluci\u00f3n, tuvo vida castrense desde 1701 a 1893, siendo su historial heredado por el Regimiento Melilla en sus diferentes numeraciones, y que fue disuelto en M\u00e1laga, en 1985. Para entrar en su historial y actividades: regimientodeinfanteriademalaga.blogspot.com<\/span><\/strong><br \/><strong><span style=\"color: #000000;\">Correo de Contacto: asociaci\u00f3ntorrijos1831@gmail.com Tambi\u00e9n, a trav\u00e9s de este correo se pueden solicitar visitas concertadas al Centro de Interpretaci\u00f3n Hist\u00f3rico Jos\u00e9 Mar\u00eda Torrijos (Refectorio), en el barrio de El Perchel de M\u00e1laga. Tel\u00e9fono de contacto: 952234039. P\u00e1gina web: www.torrijos1831.com<\/span><\/strong><\/p>\n\n\n<figure class=\"wp-block-image size-large\"><img loading=\"lazy\" width=\"1024\" height=\"768\" src=\"https:\/\/www.torrijos1831.com\/wp-content\/uploads\/2024\/10\/8-11-1024x768.jpg\" alt=\"\" class=\"wp-image-6089\" srcset=\"http:\/\/www.torrijos1831.com\/wp-content\/uploads\/2024\/10\/8-11-1024x768.jpg 1024w, http:\/\/www.torrijos1831.com\/wp-content\/uploads\/2024\/10\/8-11-300x225.jpg 300w, http:\/\/www.torrijos1831.com\/wp-content\/uploads\/2024\/10\/8-11-768x576.jpg 768w, http:\/\/www.torrijos1831.com\/wp-content\/uploads\/2024\/10\/8-11-1536x1152.jpg 1536w, http:\/\/www.torrijos1831.com\/wp-content\/uploads\/2024\/10\/8-11.jpg 1600w\" sizes=\"(max-width: 1024px) 100vw, 1024px\" \/><\/figure>\n\n\n\n<figure class=\"wp-block-image size-large\"><img loading=\"lazy\" width=\"1024\" height=\"662\" src=\"https:\/\/www.torrijos1831.com\/wp-content\/uploads\/2024\/10\/8-12-1024x662.jpg\" alt=\"\" class=\"wp-image-6090\" srcset=\"http:\/\/www.torrijos1831.com\/wp-content\/uploads\/2024\/10\/8-12-1024x662.jpg 1024w, http:\/\/www.torrijos1831.com\/wp-content\/uploads\/2024\/10\/8-12-300x194.jpg 300w, http:\/\/www.torrijos1831.com\/wp-content\/uploads\/2024\/10\/8-12-768x496.jpg 768w, http:\/\/www.torrijos1831.com\/wp-content\/uploads\/2024\/10\/8-12.jpg 1400w\" sizes=\"(max-width: 1024px) 100vw, 1024px\" \/><\/figure>\n\n\n\n<figure class=\"wp-block-image size-large\"><img loading=\"lazy\" width=\"768\" height=\"1024\" src=\"https:\/\/www.torrijos1831.com\/wp-content\/uploads\/2024\/10\/8-13-768x1024.jpg\" alt=\"\" class=\"wp-image-6091\" srcset=\"http:\/\/www.torrijos1831.com\/wp-content\/uploads\/2024\/10\/8-13-768x1024.jpg 768w, http:\/\/www.torrijos1831.com\/wp-content\/uploads\/2024\/10\/8-13-225x300.jpg 225w, http:\/\/www.torrijos1831.com\/wp-content\/uploads\/2024\/10\/8-13-1152x1536.jpg 1152w, http:\/\/www.torrijos1831.com\/wp-content\/uploads\/2024\/10\/8-13.jpg 1200w\" sizes=\"(max-width: 768px) 100vw, 768px\" \/><\/figure>\n\n\n\n<figure class=\"wp-block-image size-large\"><img loading=\"lazy\" width=\"768\" height=\"1024\" src=\"https:\/\/www.torrijos1831.com\/wp-content\/uploads\/2024\/10\/8-14-768x1024.jpg\" alt=\"\" class=\"wp-image-6092\" srcset=\"http:\/\/www.torrijos1831.com\/wp-content\/uploads\/2024\/10\/8-14-768x1024.jpg 768w, http:\/\/www.torrijos1831.com\/wp-content\/uploads\/2024\/10\/8-14-225x300.jpg 225w, http:\/\/www.torrijos1831.com\/wp-content\/uploads\/2024\/10\/8-14-1152x1536.jpg 1152w, http:\/\/www.torrijos1831.com\/wp-content\/uploads\/2024\/10\/8-14.jpg 1200w\" sizes=\"(max-width: 768px) 100vw, 768px\" \/><\/figure>\n\n\n\n<figure class=\"wp-block-image size-large\"><img loading=\"lazy\" width=\"1024\" height=\"690\" src=\"https:\/\/www.torrijos1831.com\/wp-content\/uploads\/2024\/10\/8-15-1-1024x690.jpg\" alt=\"\" class=\"wp-image-6093\" srcset=\"http:\/\/www.torrijos1831.com\/wp-content\/uploads\/2024\/10\/8-15-1-1024x690.jpg 1024w, http:\/\/www.torrijos1831.com\/wp-content\/uploads\/2024\/10\/8-15-1-300x202.jpg 300w, http:\/\/www.torrijos1831.com\/wp-content\/uploads\/2024\/10\/8-15-1-768x518.jpg 768w, http:\/\/www.torrijos1831.com\/wp-content\/uploads\/2024\/10\/8-15-1.jpg 1424w\" sizes=\"(max-width: 1024px) 100vw, 1024px\" \/><\/figure>\n\n\n\n<figure class=\"wp-block-image size-large\"><img loading=\"lazy\" width=\"1024\" height=\"784\" src=\"https:\/\/www.torrijos1831.com\/wp-content\/uploads\/2024\/10\/8-16-1-1024x784.jpg\" alt=\"\" class=\"wp-image-6094\" srcset=\"http:\/\/www.torrijos1831.com\/wp-content\/uploads\/2024\/10\/8-16-1-1024x784.jpg 1024w, http:\/\/www.torrijos1831.com\/wp-content\/uploads\/2024\/10\/8-16-1-300x230.jpg 300w, http:\/\/www.torrijos1831.com\/wp-content\/uploads\/2024\/10\/8-16-1-768x588.jpg 768w, http:\/\/www.torrijos1831.com\/wp-content\/uploads\/2024\/10\/8-16-1.jpg 1166w\" sizes=\"(max-width: 1024px) 100vw, 1024px\" \/><\/figure>\n\n\n\n<figure class=\"wp-block-image size-large\"><img loading=\"lazy\" width=\"1024\" height=\"760\" src=\"https:\/\/www.torrijos1831.com\/wp-content\/uploads\/2024\/10\/8-17-1-1024x760.jpg\" alt=\"\" class=\"wp-image-6095\" srcset=\"http:\/\/www.torrijos1831.com\/wp-content\/uploads\/2024\/10\/8-17-1-1024x760.jpg 1024w, http:\/\/www.torrijos1831.com\/wp-content\/uploads\/2024\/10\/8-17-1-300x223.jpg 300w, http:\/\/www.torrijos1831.com\/wp-content\/uploads\/2024\/10\/8-17-1-768x570.jpg 768w, http:\/\/www.torrijos1831.com\/wp-content\/uploads\/2024\/10\/8-17-1-1536x1139.jpg 1536w, http:\/\/www.torrijos1831.com\/wp-content\/uploads\/2024\/10\/8-17-1-480x357.jpg 480w, http:\/\/www.torrijos1831.com\/wp-content\/uploads\/2024\/10\/8-17-1.jpg 1623w\" sizes=\"(max-width: 1024px) 100vw, 1024px\" \/><\/figure>\n\n\n\n<figure class=\"wp-block-image size-large\"><img loading=\"lazy\" width=\"1024\" height=\"795\" src=\"https:\/\/www.torrijos1831.com\/wp-content\/uploads\/2024\/10\/8-18-1-1024x795.jpg\" alt=\"\" class=\"wp-image-6096\" srcset=\"http:\/\/www.torrijos1831.com\/wp-content\/uploads\/2024\/10\/8-18-1-1024x795.jpg 1024w, http:\/\/www.torrijos1831.com\/wp-content\/uploads\/2024\/10\/8-18-1-300x233.jpg 300w, http:\/\/www.torrijos1831.com\/wp-content\/uploads\/2024\/10\/8-18-1-768x596.jpg 768w, http:\/\/www.torrijos1831.com\/wp-content\/uploads\/2024\/10\/8-18-1.jpg 1392w\" sizes=\"(max-width: 1024px) 100vw, 1024px\" \/><\/figure>\n\n\n\n<figure class=\"wp-block-image size-large\"><img loading=\"lazy\" width=\"1024\" height=\"806\" src=\"https:\/\/www.torrijos1831.com\/wp-content\/uploads\/2024\/10\/8-19-1-1024x806.jpg\" alt=\"\" class=\"wp-image-6097\" srcset=\"http:\/\/www.torrijos1831.com\/wp-content\/uploads\/2024\/10\/8-19-1-1024x806.jpg 1024w, http:\/\/www.torrijos1831.com\/wp-content\/uploads\/2024\/10\/8-19-1-300x236.jpg 300w, http:\/\/www.torrijos1831.com\/wp-content\/uploads\/2024\/10\/8-19-1-768x604.jpg 768w, http:\/\/www.torrijos1831.com\/wp-content\/uploads\/2024\/10\/8-19-1.jpg 1329w\" sizes=\"(max-width: 1024px) 100vw, 1024px\" \/><\/figure>\n","protected":false},"excerpt":{"rendered":"<p>Asociaci\u00f3n Torrijos 1831\u00a0\u00a0\u00a0\u00a0\u00a0\u00a0\u00a0\u00a0\u00a0\u00a0\u00a0\u00a0 28\/10\/2024 Despu\u00e9s del homenaje realizado en la Puerta de Jerez, el pasado 26 de octubre, en memoria del coronel Vald\u00e9s y sus liberales; los integrantes de la Fundaci\u00f3n Wenceslao Segura y los diferentes colectivos invitados: Torrijos 1831, de M\u00e1laga, Manzanares, de Estepona, y Bicentenario de los Coloraos, de Almer\u00eda, y los clubes&#8230;<\/p>\n","protected":false},"author":1,"featured_media":6098,"comment_status":"closed","ping_status":"closed","sticky":false,"template":"","format":"standard","meta":[],"categories":[209,212],"tags":[],"_links":{"self":[{"href":"http:\/\/www.torrijos1831.com\/index.php?rest_route=\/wp\/v2\/posts\/6088"}],"collection":[{"href":"http:\/\/www.torrijos1831.com\/index.php?rest_route=\/wp\/v2\/posts"}],"about":[{"href":"http:\/\/www.torrijos1831.com\/index.php?rest_route=\/wp\/v2\/types\/post"}],"author":[{"embeddable":true,"href":"http:\/\/www.torrijos1831.com\/index.php?rest_route=\/wp\/v2\/users\/1"}],"replies":[{"embeddable":true,"href":"http:\/\/www.torrijos1831.com\/index.php?rest_route=%2Fwp%2Fv2%2Fcomments&post=6088"}],"version-history":[{"count":1,"href":"http:\/\/www.torrijos1831.com\/index.php?rest_route=\/wp\/v2\/posts\/6088\/revisions"}],"predecessor-version":[{"id":6099,"href":"http:\/\/www.torrijos1831.com\/index.php?rest_route=\/wp\/v2\/posts\/6088\/revisions\/6099"}],"wp:featuredmedia":[{"embeddable":true,"href":"http:\/\/www.torrijos1831.com\/index.php?rest_route=\/wp\/v2\/media\/6098"}],"wp:attachment":[{"href":"http:\/\/www.torrijos1831.com\/index.php?rest_route=%2Fwp%2Fv2%2Fmedia&parent=6088"}],"wp:term":[{"taxonomy":"category","embeddable":true,"href":"http:\/\/www.torrijos1831.com\/index.php?rest_route=%2Fwp%2Fv2%2Fcategories&post=6088"},{"taxonomy":"post_tag","embeddable":true,"href":"http:\/\/www.torrijos1831.com\/index.php?rest_route=%2Fwp%2Fv2%2Ftags&post=6088"}],"curies":[{"name":"wp","href":"https:\/\/api.w.org\/{rel}","templated":true}]}}