{"id":6149,"date":"2024-11-06T14:33:07","date_gmt":"2024-11-06T14:33:07","guid":{"rendered":"http:\/\/www.torrijos1831.com\/?p=6149"},"modified":"2024-11-08T09:06:56","modified_gmt":"2024-11-08T09:06:56","slug":"1824-2024-bicentenario-del-inicio-del-exilio-a-inglaterra-del-general-jose-maria-torrijos-y-uriarte-y-su-mujer-luisa-saenz-de-viniegra","status":"publish","type":"post","link":"http:\/\/www.torrijos1831.com\/?p=6149","title":{"rendered":"1824-2024: Bicentenario del inicio del exilio a Inglaterra del general Jos\u00e9 Mar\u00eda Torrijos y Uriarte y su mujer Luisa S\u00e1enz de Viniegra."},"content":{"rendered":"<p style=\"text-align: justify;\"><strong><span style=\"color: #000000;\">Asociaci\u00f3n Torrijos 1831\u00a0\u00a0\u00a0\u00a0\u00a0\u00a0\u00a0\u00a0\u00a0\u00a0\u00a0\u00a0\u00a0\u00a0\u00a0\u00a0\u00a0\u00a0\u00a0 06\/11\/2024<\/span><\/strong><\/p>\n<p style=\"text-align: justify;\"><strong><span style=\"color: #000000;\">Por el calendario de las fechas del tiempo actual que atravesamos, se est\u00e1n dando las circunstancias que, de manera casi consecutiva, se van cumpliendo los doscientos a\u00f1os de circunstancias y hechos relacionados con el personaje hist\u00f3rico y titular de nuestra asociaci\u00f3n: el general Jos\u00e9 Mar\u00eda Torrijos y Uriarte. En uno de nuestros art\u00edculos dedicados a su persona, lo hab\u00edamos dejado a comienzo de su exilio en Francia, acompa\u00f1ado de su fiel esposa Luisa S\u00e1enz de Viniegra, residiendo temporalmente en la localidad francesa de Alez\u00f3n, en la Normand\u00eda. All\u00ed, sin auxilio alguno, al igual que los m\u00e1s de 20.000 espa\u00f1oles exiliados por sus ideales liberales y constitucionalistas, Torrijos vio denegadas varias reclamaciones al Ministerio de la Guerra franc\u00e9s, el 24 de marzo de 1824, en las que revindicaba lo acordado en las capitulaciones de Cartagena en noviembre de 1823. Adem\u00e1s, se vieron sometidos a una estrecha vigilancia de la polic\u00eda francesa, atenta a cualquier agitaci\u00f3n que produjeran los emigrados espa\u00f1oles. Aquellas desatenciones y la asfixiante presi\u00f3n policial del gobierno de Lu\u00eds XVIII, hicieron la situaci\u00f3n del matrimonio insoportable. Para entonces, y a trav\u00e9s de un intermediario, Torrijos ya hab\u00eda entablado contacto con el general La Fayette, opositor al sistema pol\u00edtico de Lu\u00eds XVIII, con el que mantendr\u00eda una activa correspondencia, que terminar\u00eda convirti\u00e9ndose en una gran amistad hasta la muerte del militar espa\u00f1ol. La Fayette recomend\u00f3 a Torrijos que viajara a Inglaterra, facilit\u00e1ndole algunas relaciones y cartas de recomendaci\u00f3n. Tambi\u00e9n le ayud\u00f3 en cuanto la obtenci\u00f3n de pasaportes.<\/span><\/strong><br \/><strong><span style=\"color: #000000;\">Cuando el matrimonio lleg\u00f3 al puerto de la ciudad de Calais, para pasar el Canal de la Mancha, la polic\u00eda francesa le hizo un exhaustivo registro en su equipaje, por su calidad de exiliados, registro que fue acompa\u00f1ado de vejaciones poco decorosas, de tal manera que Torrijos se enfrent\u00f3 con decisi\u00f3n a los agentes, afe\u00e1ndoles su conducta e impidi\u00e9ndoles que continuaran con sus bajezas.<\/span><\/strong><\/p>\n<p style=\"text-align: justify;\"><span style=\"color: #800000;\"><strong>Paso del Canal de la Mancha, primer alojamiento en Londres y las noticias del pronunciamiento liberal del coronel Vald\u00e9s en Tarifa.<\/strong><\/span><\/p>\n<p style=\"text-align: justify;\"><strong><span style=\"color: #000000;\">Al amanecer del 24 de abril de aquel 1824, los Torrijos embarcaron en un bergant\u00edn y comenzaron a atravesar el Canal. En la proa de la embarcaci\u00f3n, el matrimonio no quiso perderse el paisaje que se abr\u00eda ante sus ojos, hasta descubrir los blancos acantilados de Dover, puerto en el que, finalmente, desembarcaron. De all\u00ed se trasladaron a Londres, donde fueron auxiliados, en sus primeros d\u00edas, por un grupo de emigrados espa\u00f1oles que ya estaban en la capital del T\u00e1mesis. Tras realizar algunos tr\u00e1mites administrativos, por fin en junio de aquel mismo a\u00f1o, el matrimonio recibi\u00f3 la primera paga del subsidio otorgado por el gobierno ingl\u00e9s, para aquel espa\u00f1ol que hubiera servido conjuntamente con los ingleses durante la Guerra de la Independencia, requisito que Torrijos cumpl\u00eda sobradamente (ver libro \u201cTorrijos y la Guerra de la Independencia\u201d de Esteban Alc\u00e1ntara). Por su grado militar, a Torrijos le correspondieron cinco libras mensuales, y por estar casado, dos m\u00e1s.<\/span><\/strong><br \/><strong><span style=\"color: #000000;\">En esos momentos, el joven mariscal de campo era muy desconocido por los ingleses, en general, si por ejemplo lo comparamos con Mina, que gozaba de gran admiraci\u00f3n y ayuda econ\u00f3mica particular. S\u00ed se present\u00f3 ante algunas de las personas que le recomend\u00f3 La Fayette, abriendo poco a poco su c\u00edrculo de amistades.<\/span><\/strong><br \/><strong><span style=\"color: #000000;\">En ese verano en Londres, fue donde Torrijos y otros importantes exiliados espa\u00f1oles, tuvieron noticias del pronunciamiento liberal llevado a cabo por el coronel Francisco Vald\u00e9s, en Tarifa, lo que hizo que, durante unos d\u00edas, Torrijos se preparara para ir a ayudar a su amigo Vald\u00e9s, al que estimaba por ser subordinado suyo en la defensa de Cartagena. Aquellos preparativos acabaron, cuando recibieron noticias fidedignas, de que Vald\u00e9s y una parte de sus hombres tuvieron que reembarcarse hasta acabar en T\u00e1nger, con lo que lograron salvar sus vidas; mientras que sesenta de sus compa\u00f1eros, hechos prisioneros, terminaron por ser fusilados en Algeciras.<\/span><\/strong><\/p>\n<p style=\"text-align: justify;\"><span style=\"color: #800000;\"><strong>Torrijos atra\u00eddo por el sistema parlamentario brit\u00e1nico.<\/strong><\/span><\/p>\n<p style=\"text-align: justify;\"><strong><span style=\"color: #000000;\">Para comprender esa atracci\u00f3n del h\u00e9roe liberal por el sistema pol\u00edtico brit\u00e1nico, mejor seguir lo que relat\u00f3 su propia esposa en sus memorias: \u201cEl genio observador de Torrijos, estudiaba en Inglaterra las causas de la prosperidad de aquel pa\u00eds y de su influencia pol\u00edtica, y hall\u00e1ndola en su sistema, que aun con sus defectos, le hab\u00eda dado esa actividad de la que carec\u00edan todos los dem\u00e1s estados en su dormitaci\u00f3n y hundimiento en el despotismo, vio comprobadas as\u00ed, pr\u00e1cticamente, las ventajas de las teor\u00edas liberales, y este convencimiento fortific\u00f3 m\u00e1s su pasi\u00f3n por ellas. Rodeado de espa\u00f1oles emigrados como \u00e9l, interrogaba los sentimientos de todos sobre la idea de mejorar los destinos de su patria\u201d.<\/span><\/strong><br \/><strong><span style=\"color: #000000;\">Adem\u00e1s de estas observaciones, Torrijos pudo ver en aquel Londres de 1824, la desuni\u00f3n de iniciativas, ideas y capacidades, que ten\u00eda el grupo de emigrados espa\u00f1oles, quiz\u00e1s muy golpeado por la derrota e impotencia de lo que hab\u00eda significado el triste final del Trienio Liberal (1820-1823). Torrijos, incluso, lleg\u00f3 a ver mezquindades e ideas estrechas, donde antiguas enemistades y recelos, desun\u00edan y se opon\u00edan a la realizaci\u00f3n de fines esperanzadores para Espa\u00f1a.<\/span><\/strong><\/p>\n<p style=\"text-align: justify;\"><span style=\"color: #800000;\"><strong>Los Torrijos se trasladan a vivir en Blak-heath.<\/strong><\/span><\/p>\n<p style=\"text-align: justify;\"><strong><span style=\"color: #000000;\">Cansado de lo que observ\u00f3 en las reuniones pol\u00edticas de los emigrados, en 1824, Torrijos convenci\u00f3 a Lu\u00edsa de que era mejor alejarse de la urbe londinense, y ambos decidieron salir de ella para trasladarse y vivir a una modesta vivienda situada Blak-heath. All\u00ed, el joven general se dedic\u00f3 el estudio de la historia pol\u00edtica y militar, a los resultados de la econom\u00eda brit\u00e1nica y, particularmente, a profundizar en el dominio del idioma ingl\u00e9s. Fue una \u00e9poca de sosiego y tranquilidad para la pareja, despu\u00e9s de tantas incertidumbres y tensiones vividas en los \u00faltimos a\u00f1os.<\/span><\/strong><br \/><strong><span style=\"color: #000000;\">Sol\u00edan pasear para, desde la altura de Blak-heath, contemplar las bellas vistas de la campi\u00f1a inglesa, paisajes que aportaban el sosiego necesario para sus almas.<\/span><\/strong><br \/><strong><span style=\"color: #000000;\">Blak-heath estaba (y est\u00e1), en un \u00e1rea en el sureste de Londres, que se extiend\u00eda a lo largo de la frontera del distrito real de Greenwich y el londinense de Lewisham. Hist\u00f3ricamente pertenec\u00eda al condado de Kent, encontr\u00e1ndose a 1,6 km. al noreste de Lewisman, a 2,4 km. al sur de Greenwich y a 6,4 km. al sureste de Charing Cross, el centro tradicional de Londres. Su nombre proviene de \u201ccampo de brezal oscuro\u201d. Como ya se ha citado, su terreno elevado disfrutaba de muy buenas vistas. Reyes de las dinast\u00edas de los Plantagenet, Tudor y Estuardo, vivieron en los castillos y palacios situados en esta zona.<\/span><\/strong><\/p>\n<p style=\"text-align: justify;\"><span style=\"color: #800000;\"><strong>Datos de la Asociaci\u00f3n Hist\u00f3rico Cultural Torrijos 1831.<\/strong><\/span><\/p>\n<p style=\"text-align: justify;\"><strong><span style=\"color: #000000;\">Tipo de Asociaci\u00f3n: cultural, dedicada a la investigaci\u00f3n hist\u00f3rica, y recreadora en sus actuaciones en p\u00fablico para exponer los hechos que representa. \u00c1mbito de actuaci\u00f3n: regional, recogida en el Registro de asociaciones la Junta de Andaluc\u00eda. Inici\u00f3 su periodo constituyente en el a\u00f1o 2002, siendo legalizada en 2003. Fue un proyecto original desde el principio, pues en Espa\u00f1a no se hab\u00eda creado anteriormente una Asociaci\u00f3n sobre el personaje hist\u00f3rico de Jos\u00e9 Mar\u00eda Torrijos y Uriarte, h\u00e9roe de la Guerra de Independencia y defensor de las libertades y derechos constitucionales frente al poder absoluto del reinado de Fernando VII. Original en las formas, dedicaci\u00f3n y fines, que recogen sus estatutos, cimentando sus antecedentes en los precursores que trabajaron sobre el personaje de Torrijos en la provincia de M\u00e1laga, en las d\u00e9cadas de los a\u00f1os ochenta y noventa del siglo XX y primeros a\u00f1os del XXI.<\/span><\/strong><br \/><strong><span style=\"color: #000000;\">Como colectivo de recreaciones hist\u00f3ricas, es el m\u00e1s antiguo de las dedicadas al siglo XIX, en Andaluc\u00eda. En cuanto a las representaciones relativas a la Guerra de la Independencia en las que participa la Asociaci\u00f3n, la recreaci\u00f3n insignia, creada en 2007, es el \u201cRegimiento de Infanter\u00eda de M\u00e1laga\u201d, unidad titular de M\u00e1laga, que salvo un periodo de disoluci\u00f3n, tuvo vida castrense desde 1701 a 1893, siendo su historial heredado por el Regimiento Melilla en sus diferentes numeraciones, y que fue disuelto en M\u00e1laga, en 1985. Para entrar en su historial y actividades: regimientodeinfanteriademalaga.blogspot.com<\/span><\/strong><br \/><strong><span style=\"color: #000000;\">Correo de Contacto: asociaci\u00f3ntorrijos1831@gmail.com Tambi\u00e9n, a trav\u00e9s de este correo se pueden solicitar visitas concertadas al Centro de Interpretaci\u00f3n Hist\u00f3rico Jos\u00e9 Mar\u00eda Torrijos (Refectorio), en el barrio de El Perchel de M\u00e1laga. Tel\u00e9fono de contacto: 952234039. P\u00e1gina web: www.torrijos1831.com<\/span><\/strong><\/p>\n\n\n<figure class=\"wp-block-image size-large\"><img loading=\"lazy\" width=\"696\" height=\"523\" src=\"https:\/\/www.torrijos1831.com\/wp-content\/uploads\/2024\/11\/8-10.jpg\" alt=\"\" class=\"wp-image-6150\" srcset=\"http:\/\/www.torrijos1831.com\/wp-content\/uploads\/2024\/11\/8-10.jpg 696w, http:\/\/www.torrijos1831.com\/wp-content\/uploads\/2024\/11\/8-10-300x225.jpg 300w\" sizes=\"(max-width: 696px) 100vw, 696px\" \/><\/figure>\n\n\n\n<figure class=\"wp-block-image size-large\"><img loading=\"lazy\" width=\"1024\" height=\"442\" src=\"https:\/\/www.torrijos1831.com\/wp-content\/uploads\/2024\/11\/8-11-1024x442.jpg\" alt=\"\" class=\"wp-image-6151\" srcset=\"http:\/\/www.torrijos1831.com\/wp-content\/uploads\/2024\/11\/8-11-1024x442.jpg 1024w, http:\/\/www.torrijos1831.com\/wp-content\/uploads\/2024\/11\/8-11-300x129.jpg 300w, http:\/\/www.torrijos1831.com\/wp-content\/uploads\/2024\/11\/8-11-768x331.jpg 768w, http:\/\/www.torrijos1831.com\/wp-content\/uploads\/2024\/11\/8-11.jpg 1416w\" sizes=\"(max-width: 1024px) 100vw, 1024px\" \/><\/figure>\n\n\n\n<figure class=\"wp-block-image size-large\"><img loading=\"lazy\" width=\"893\" height=\"611\" src=\"https:\/\/www.torrijos1831.com\/wp-content\/uploads\/2024\/11\/8-12.jpg\" alt=\"\" class=\"wp-image-6152\" srcset=\"http:\/\/www.torrijos1831.com\/wp-content\/uploads\/2024\/11\/8-12.jpg 893w, http:\/\/www.torrijos1831.com\/wp-content\/uploads\/2024\/11\/8-12-300x205.jpg 300w, http:\/\/www.torrijos1831.com\/wp-content\/uploads\/2024\/11\/8-12-768x525.jpg 768w\" sizes=\"(max-width: 893px) 100vw, 893px\" \/><\/figure>\n","protected":false},"excerpt":{"rendered":"<p>Asociaci\u00f3n Torrijos 1831\u00a0\u00a0\u00a0\u00a0\u00a0\u00a0\u00a0\u00a0\u00a0\u00a0\u00a0\u00a0\u00a0\u00a0\u00a0\u00a0\u00a0\u00a0\u00a0 06\/11\/2024 Por el calendario de las fechas del tiempo actual que atravesamos, se est\u00e1n dando las circunstancias que, de manera casi consecutiva, se van cumpliendo los doscientos a\u00f1os de circunstancias y hechos relacionados con el personaje hist\u00f3rico y titular de nuestra asociaci\u00f3n: el general Jos\u00e9 Mar\u00eda Torrijos y Uriarte. En uno de&#8230;<\/p>\n","protected":false},"author":1,"featured_media":6153,"comment_status":"closed","ping_status":"closed","sticky":false,"template":"","format":"standard","meta":[],"categories":[176,209],"tags":[],"_links":{"self":[{"href":"http:\/\/www.torrijos1831.com\/index.php?rest_route=\/wp\/v2\/posts\/6149"}],"collection":[{"href":"http:\/\/www.torrijos1831.com\/index.php?rest_route=\/wp\/v2\/posts"}],"about":[{"href":"http:\/\/www.torrijos1831.com\/index.php?rest_route=\/wp\/v2\/types\/post"}],"author":[{"embeddable":true,"href":"http:\/\/www.torrijos1831.com\/index.php?rest_route=\/wp\/v2\/users\/1"}],"replies":[{"embeddable":true,"href":"http:\/\/www.torrijos1831.com\/index.php?rest_route=%2Fwp%2Fv2%2Fcomments&post=6149"}],"version-history":[{"count":5,"href":"http:\/\/www.torrijos1831.com\/index.php?rest_route=\/wp\/v2\/posts\/6149\/revisions"}],"predecessor-version":[{"id":6160,"href":"http:\/\/www.torrijos1831.com\/index.php?rest_route=\/wp\/v2\/posts\/6149\/revisions\/6160"}],"wp:featuredmedia":[{"embeddable":true,"href":"http:\/\/www.torrijos1831.com\/index.php?rest_route=\/wp\/v2\/media\/6153"}],"wp:attachment":[{"href":"http:\/\/www.torrijos1831.com\/index.php?rest_route=%2Fwp%2Fv2%2Fmedia&parent=6149"}],"wp:term":[{"taxonomy":"category","embeddable":true,"href":"http:\/\/www.torrijos1831.com\/index.php?rest_route=%2Fwp%2Fv2%2Fcategories&post=6149"},{"taxonomy":"post_tag","embeddable":true,"href":"http:\/\/www.torrijos1831.com\/index.php?rest_route=%2Fwp%2Fv2%2Ftags&post=6149"}],"curies":[{"name":"wp","href":"https:\/\/api.w.org\/{rel}","templated":true}]}}