{"id":6467,"date":"2025-01-19T11:39:33","date_gmt":"2025-01-19T11:39:33","guid":{"rendered":"http:\/\/www.torrijos1831.com\/?p=6467"},"modified":"2025-01-20T19:21:23","modified_gmt":"2025-01-20T19:21:23","slug":"exito-absoluto-en-el-reconocimiento-homenaje-realizado-a-la-serie-de-tve-proceso-a-mariana-de-pineda-organizado-por-la-asociacion-torrijos-1831-al-haberse-cumplido-los-cuarenta-ano","status":"publish","type":"post","link":"http:\/\/www.torrijos1831.com\/?p=6467","title":{"rendered":"\u00c9xito absoluto en el reconocimiento-homenaje realizado a la serie de TVE \u201cProceso a Mariana de Pineda\u201d, organizado por la Asociaci\u00f3n Torrijos 1831, al haberse cumplido los cuarenta a\u00f1os de su emisi\u00f3n, acto llevado a cabo en el Centro de Interpretaci\u00f3n Hist\u00f3rico Jos\u00e9 Mar\u00eda Torrijos, en El Perchel, con  relevantes participantes, como la historiadora Antonina Rodrigo, bi\u00f3grafa de Mariana, con varios libros escritos sobre ella, o el gran pintor Antonio Montiel, retratista de Pepa Flores como Mariana de Pineda, en varias ocasiones; as\u00ed como la de otros destacados actuantes."},"content":{"rendered":"<p style=\"text-align: justify;\"><strong><span style=\"color: #000000;\">Asociaci\u00f3n Torrijos 1831 19\/01\/2025<\/span><\/strong><\/p>\n<p style=\"text-align: justify;\"><strong><span style=\"color: #000000;\">Organizado por la Asociaci\u00f3n Torrijos 1831, y contando con la colaboraci\u00f3n de la Concejal\u00eda de Cultura de M\u00e1laga, comenz\u00f3 a las 19\u00b400 h. del pasado 16 de enero, en el Centro de Interpretaci\u00f3n Hist\u00f3rico Jos\u00e9 Mar\u00eda Torrijos, en El Perchel, el acto del reconocimiento-homenaje realizado a la serie de TVE \u201cProceso a Mariana de Pineda\u201d, al haberse cumplido los cuarenta a\u00f1os de su emisi\u00f3n. En el acto intervinieron destacados oradores, como la historiadora Antonina Rodrigo, bi\u00f3grafa de Mariana, con varios libros escritos sobre ella; el gran pintor Antonio Montiel, retratista de Pepa Flores como Mariana de Pineda, en varias ocasiones; Esteban Alc\u00e1ntara, presidente de la Asociaci\u00f3n Torrijos 1831 y bi\u00f3grafo de Jos\u00e9 Mar\u00eda Torrijos y Uriarte, y Manuel Rodr\u00edguez, Director del Centro Europeo de la Mujer, con sede en la Casa de Mariana de Pineda en Granada. Present\u00f3 el acto Flori Sastre, y actuaron, Alicia Gallego como Mariana de Pineda, acompa\u00f1ada en la escenograf\u00eda por la representaci\u00f3n de una escolta de soldados y una monja de Santa Mar\u00eda Egipciaca; Enrique Parapar, como ilustrado de principios del XIX, relator de los excesos cometidos durante la \u201cD\u00e9cada Ominosa\u201d (1823-1833); Carmen Cas\u00e1n con una impresionante aportaci\u00f3n flamenca, Carlos Corcoles, interpretando de forma convincente al cruel alcalde del Crimen, Ram\u00f3n Pedrosa, y Juan Gavil\u00e1n representando a un agente gubernativo. El control de sonido e im\u00e1genes, corri\u00f3 a cargo de Juanma Mart\u00edn. Hubo una importante representaci\u00f3n granadina, con Bienvenido L\u00f3pez, bibliotecario del Centro Europeo de la Mujer, de Granada, y Antonio P\u00e9rez, coordinador del Club de los Libros Perdidos de Granada, acompa\u00f1ados por un grupo de personas procedentes de la capital del Darro. Tambi\u00e9n estuve presente una representaci\u00f3n del Distrito Centro de M\u00e1laga, y estuvieron presentes, importantes colectivos de recreaciones hist\u00f3ricas de la provincia de M\u00e1laga, como la Orden de Granaderos y Damas de G\u00e1lvez de Macharaviaya, o Manzanares. Estepona 1831. Culturales, como AMADUMA, con su presidenta al frente; folcl\u00f3ricas, como Solera, representada por su presidente Ram\u00f3n, o vecinales como las de El Perchel y Trinidad, representados por sus respectivas presidencias, y tambi\u00e9n, de artistas notorios malague\u00f1os, como el cantaor Manolo Garrido. Hubo un impresionante llenazo que complet\u00f3 el aforo del Centro de Interpretaci\u00f3n Hist\u00f3rico Jos\u00e9 Mar\u00eda Torrijos. Todo un \u00e9xito.<\/span><\/strong><\/p>\n<p style=\"text-align: justify;\"><span style=\"color: #800000;\"><strong>Presentaci\u00f3n del acto a cargo de Flori Sastre, la secretaria de la Asociaci\u00f3n Torrijos 1831.<\/strong><\/span><\/p>\n<p style=\"text-align: justify;\"><strong><span style=\"color: #000000;\">\u201cA principios de la d\u00e9cada de los a\u00f1os ochenta del siglo XX, nuestra joven democracia acababa de asentarse en el pa\u00eds. Cambiaban las cosas y cambi\u00e1bamos nosotros, teniendo esta transformaci\u00f3n, c\u00f3mo no, un reflejo en los programas de Televisi\u00f3n Espa\u00f1ola. Sin duda, uno de los programas diferentes que nos abri\u00f3 el conocimiento hac\u00eda una p\u00e1gina dram\u00e1tica de nuestra historia, fue \u201cProceso a Mariana de Pineda\u201d, emitido por la Uno. Esta miniserie de cinco cap\u00edtulos, tuvo como personaje central la figura de Mariana de Pineda, hero\u00edna liberal por antonomasia, tras la que se vislumbra la influencia de la obra teatral de Federico Garc\u00eda Lorca. Estuvo ambientada en la Granada de 1831, en el octavo a\u00f1o de la llamada \u201cD\u00e9cada Ominosa\u201d del siniestro reinado absolutista de Fernando VII. El guion se bas\u00f3 en los documentos oficiales del proceso al que fue sometida Mariana Pineda, colaborando en la aportaci\u00f3n de la documentaci\u00f3n hist\u00f3rica, una insigne historiadora amiga de nuestra Asociaci\u00f3n Torrijos 1831, como as\u00ed fue recogido en los cr\u00e9ditos: la tambi\u00e9n granadina Antonina Rodrigo, nacida en el Albaic\u00edn. Documentos que narraban los \u00faltimos d\u00edas de la vida de una mujer valiente que se entreg\u00f3 a la causa de la Libertad, en un pa\u00eds donde \u00e9sta no exist\u00eda. Mariana fue condenada y ajusticiada el 26 de mayo de 1831, a garrote, tras rechazar el perd\u00f3n que se le ofrec\u00eda si delataba a sus compa\u00f1eros de causa. \u00a1Qu\u00e9 valor demostr\u00f3 hasta el final! Adem\u00e1s de los datos hist\u00f3ricos, la serie muestra una trama de ficci\u00f3n convertida en s\u00edntesis dram\u00e1tica, donde se reflejan las costumbres de la \u00e9poca, su folclore, las intrigas pol\u00edticas y religiosas, y los abusos continuos de un poder muy mal ejercido.<\/span><\/strong><br \/><strong><span style=\"color: #000000;\">La actriz malague\u00f1a Pepa Flores interpret\u00f3 a Mariana Pineda (fue uno de sus \u00faltimos papeles), acompa\u00f1ada de un elenco de actores como Germ\u00e1n Cobos (juez Pedrosa), Juanjo Puigcorb\u00e9 (teniente Alba), Carlos Larra\u00f1aga (capit\u00e1n \u00c1lvarez de Sotomayor), Rafael Alonso (funcionario), Toni Isbert (Ferrer), Manuel Galiana (ilustrado), Enrique San Francisco (Federico), Valent\u00edn Paredes (padre Saila), Jos\u00e9 Mar\u00eda Caffarel (Juez Ceruelo), Antonio Iranzo (Mat\u00edas), Conrado San Mart\u00edn (abogado defensor), Juan Viv\u00f3 (confesor), Rosario Flores (Juanita), y la malague\u00f1a Kiti M\u00e1nver como \u201cla Chispa\u201d. Todos ellos estuvieron bajo la direcci\u00f3n de Rafael Moreno Alba, que anteriormente hab\u00eda dirigido pel\u00edculas como \u201cGallos de pelea\u201d (1969), \u201cLas melanc\u00f3licas\u201d (1971), \u201cTri\u00e1ngulo\u201d (1971), con Nuria Espert, y \u201cPepita Jim\u00e9nez\u201d (1975). Pero donde alcanz\u00f3 gran notoriedad fue con la serie televisiva \u201cLos gozos y las sombras\u201d de 1982, novela hom\u00f3nima del escritor Gonzalo Torrente Ballester. La serie sobre Mariana de Pineda cont\u00f3 con una buena fotograf\u00eda, un vestuario fabuloso, as\u00ed como una notable ambientaci\u00f3n hist\u00f3rica, muy conseguida. Fue significativo o\u00edr de fondo, en momentos ocasionales, las notas del himno de Riego, en una televisi\u00f3n que era la \u00fanica en el pa\u00eds, entonces. Desde el punto de vista de hoy, se puede pensar que el gui\u00f3n quiz\u00e1s pudo ser mejorable, y que aspectos interpretativos pudieron hacerse de forma m\u00e1s convincente, pero las cosas deben de analizarse en el contexto en el que se llevaron a cabo y con los medios con que se contaron entonces. La serie fue rodada en Granada, Madrid, Bobadilla del Monte, Carmona. Sevilla y Huelva, contando con un presupuesto de 163 millones de pesetas\u00bb.<\/span><\/strong><\/p>\n<p style=\"text-align: justify;\"><span style=\"color: #800000;\"><strong>Intervenci\u00f3n del presidente de la Asociaci\u00f3n Torrijos 1831.<\/strong><\/span><\/p>\n<p style=\"text-align: justify;\"><strong><span style=\"color: #000000;\">\u201cEl a\u00f1o pasado se cumplieron los cuarenta a\u00f1os de la emisi\u00f3n de la serie \u201c\u201cProceso a Mariana Pineda\u201d\u201d. Entonces quisimos hacer este reconocimiento-homenaje, que hoy estamos llevando a cabo, pero nos fue totalmente imposible realizarlo en 2024, por tantos compromisos adquiridos por nuestra Asociaci\u00f3n, tanto dentro como fuera de M\u00e1laga. Hoy s\u00ed, hoy lo hacemos acompa\u00f1ados por tantas destacadas personas, como el pintor Antonio Montiel, la historiadora Antonina Rodrigo, o Manuel Rodr\u00edguez, Director del Centro Europeo de la Mujer, con sede en la Casa de Mariana de Pineda en Granada, as\u00ed como representantes de tantos colectivos importantes de M\u00e1laga y Granada, que comparecen esta tarde en este singular Centro de Interpretaci\u00f3n Hist\u00f3rico Jos\u00e9 Mar\u00eda Torrijos. El orden que precede a este reconocimiento-homenaje es poner en valor lo que fue, y es, la serie \u201c\u201cProceso a Mariana Pineda\u201d\u201d, lo que nos signific\u00f3 entonces y lo que nos traslada hoy; recordar en todo su significado la figura de Mariana de Pineda, tanto como mujer como personaje hist\u00f3rico y, finalmente, mostrar todo lo que conocemos respecto a la actriz malague\u00f1a Pepa Flores, en cuanto a su interpretaci\u00f3n como Mariana de Pineda en la serie\u201d.<\/span><\/strong><\/p>\n<p style=\"text-align: justify;\"><span style=\"color: #800000;\"><strong>Discurso de Enrique Parapar.<\/strong><\/span><\/p>\n<p style=\"text-align: justify;\"><strong><span style=\"color: #000000;\">\u201cQueridas amigas y amigos, al principio de la serie \u201cProceso a Mariana de Pineda\u201d, el personaje del ilustrado, interpretado por Manuel Galiana, cita: \u201cDescartes, Galileo, Voltaire, prohibidos en el pa\u00eds, Voltaire porque ha contribuido al desarrollo del esp\u00edritu revolucionario en Francia, las imprentas espa\u00f1olas solo pueden editar traducciones de novelas mediocres le\u00eddas y rele\u00eddas por miopes ojos sensores que proh\u00edben versos de Valbuena porque hablan de pechos\u2026 Estar\u00e1n de acuerdo conmigo se\u00f1ores en que Espa\u00f1a est\u00e1 en mala situaci\u00f3n, atrasada, pasiva en cuanto a lo que se hace en pa\u00edses m\u00e1s pr\u00f3ximos, con tendencia a la imitaci\u00f3n, m\u00e1s que a la creaci\u00f3n, con un tren de vida inferior, es necesario el cambio sin demora\u2026 Creo que una naci\u00f3n debe de ilustrarse y hacer grandes reformas sin sangre\u2026\u201d. El texto nos da la pista del mundo al que nos trasladar\u00e1 la serie: la tr\u00e1gica \u201cD\u00e9cada Ominosa\u201d del reinado de Fernando VII, monarca que fue el lastre, que impidi\u00f3 a nuestros antepasados llevar adelante el progreso pol\u00edtico, social y econ\u00f3mico, tan necesario para competir en Europa. Aboli\u00f3 en 1814 la Constituci\u00f3n de 1812, y con ello las libertades y derechos que hab\u00edan hecho a los espa\u00f1oles ciudadanos. Dej\u00f3 de existir la prensa libre y comenz\u00f3 a aplicarse la tortura, incomunicaci\u00f3n y la pena de muerte con aquellos identificados con los ideales constitucionales. Entre los que personajes de relieve hist\u00f3rico que fueron ejecutados antes de producirse la muerte de Mariana de Pineda, estuvieron, Porlier, Lacy, Ricart, Rafael del Riego, Pablo Iglesias y Juan Mart\u00edn \u201cEL Empecinado\u201d. El ilustre escritor ingl\u00e9s Richard Ford, que pasaba temporadas en la Alhambra de Granada, sinti\u00f3 la necesidad de explicar su impresi\u00f3n que produjo en \u00e9l la ejecuci\u00f3n de Mariana de Pineda, a trav\u00e9s de una carta a Mr. Addington: \u201cSe ha efectuado en estos d\u00edas una horrenda ejecuci\u00f3n, que habr\u00eda producido una revoluci\u00f3n en cualquier parte. Han dado muerte a una hermosa viuda, relacionada con las mejores familias, por el hecho tan s\u00f3lo de haberla encontrado en posesi\u00f3n de una bandera constitucional, con un lema medio bordado. Se neg\u00f3 a hablar de s\u00ed y de sus c\u00f3mplices. El asunto se envi\u00f3 a Madrid y volvi\u00f3 de nuevo, para horror y sorpresa de todos, con la orden de ejecuci\u00f3n. \u00a1Una mujer ejecutada por tal delito en el a\u00f1o 1831! Decididamente, estas cosas se llevan en Espa\u00f1a de modo diferente\u201d. Las graves tensiones y enfrentamientos, y la guerra para hacer desaparecer a tantas v\u00edctimas se\u00f1aladas durante el reinado de Fernando VII, fueron desgraciadamente la antesala, y el germen, de lo que ser\u00eda la violencia pol\u00edtica en Espa\u00f1a durante el siglo XIX, perdi\u00e9ndose por el camino personas de relieve, el logro de mejoras muy necesarias para nuestro pa\u00eds y la posibilidad de haber hecho una revoluci\u00f3n industrial amplia, fuerte y en condiciones, as\u00ed como modernas transformaciones pol\u00edticas, econ\u00f3micas y sociales. En el XIX tuvimos monarqu\u00edas absolutas, parlamentarias y, tambi\u00e9n, una rep\u00fablica. Junto a esto, m\u00e1s de cien gobiernos y ocho constituciones. Se derrocaron dos reyes, se elimin\u00f3 la I Rep\u00fablica con un golpe de estado y hubo tres guerras civiles fratricidas de envergadura, guerras para defender a una corona din\u00e1stica, la borb\u00f3nica, frente a rebeldes procedentes de esa misma dinast\u00eda (los carlistas), que arrasaron con grandes desastres humanos y econ\u00f3micos nuestro pa\u00eds, con cap\u00edtulos de violencia extrema en la aniquilaci\u00f3n de los enemigos. Sin darse apenas cuenta, aquellos protagonistas de ayer, de luchas fratricidas de extrema dureza, nos dejaron una complicada herencia a las generaciones que nacer\u00edan en el siglo XX: la cultura de la guerra civil y del enfrentamiento entre espa\u00f1oles, o cuanto menos, recelos, desprecios y antipat\u00edas eternas, con la ofuscaci\u00f3n de no dar tregua al rival de signo contrario, con un patr\u00f3n siniestro: empezar con la difamaci\u00f3n, alcanzar la radicalizaci\u00f3n propia, para a la larga, desear la eliminaci\u00f3n f\u00edsica de los otros. Contando con la actividad de los partidos pol\u00edticos y la existencia de los diferentes puntos ideol\u00f3gicos (necesarios en una sociedad contempor\u00e1nea si se entiende como tal), y con el fin de una mejora real de nuestro pa\u00eds, deb\u00edamos de haber puesto muy por encima, todos, pero especialmente los poderes, el bien de la cultura c\u00edvica (en su m\u00e1s amplio concepto y con la energ\u00eda necesaria para sostenerla), buscando el di\u00e1logo y consenso en las instituciones, as\u00ed como una constante protecci\u00f3n por las clases sociales m\u00e1s desfavorecidas, esforz\u00e1ndose los poderes p\u00fablicos de turno por recortar las desigualdades y potenciar el bienestar general, pues el destino, por entonces, nos alcanzaba ya, dado que las revoluciones obreras llamaban a la puerta en el \u00faltimo tercio del XIX. Tengamos memoria, por tanto, para una convivencia que nos haga mejores\u201d.<\/span><\/strong><\/p>\n<p style=\"text-align: justify;\"><span style=\"color: #800000;\"><strong>Magn\u00edfico el pintor Antonio Montiel por aportarnos tant\u00edsimos datos.<\/strong><\/span><\/p>\n<p style=\"text-align: justify;\"><strong><span style=\"color: #000000;\">Sin duda, fue extraordinaria su intervenci\u00f3n, por tantos detalles como\u00a0 nos aport\u00f3, as\u00ed como por la manera de expresarlos. Nos transport\u00f3 a c\u00f3mo inici\u00f3 su amistad con Pepa Flores, a trav\u00e9s de un viaje juvenil y solitario, tan incierto como rocambolesco, pero pleno de convencimiento y decisi\u00f3n, que lo llev\u00f3 a Altea, donde resid\u00eda la artista entonces. Luego Antonio dio much\u00edsimos datos en cuanto a c\u00f3mo se gest\u00f3 la participaci\u00f3n de Pepa Flores en el rodaje de \u201cProceso a Mariana Pineda\u201d, a la que no solamente trat\u00f3, pues hizo amistad, m\u00e1s adelante, con Tony Isbert y Valent\u00edn Paredes. Nos habl\u00f3 del director de la serie, Rafael Moreno Alba, de la direcci\u00f3n de \u00e9ste con Pepa Flores, de detalles de la interpretaci\u00f3n, mostr\u00e1ndose Montiel como un buen conocedor de los recursos interpretativos, tanto del cine como del teatro, y comentando que le hubiera gustado mucho ser director teatral. Valor\u00f3, en mucho, la presencia de la escritora Antonina Rodrigo y agradeci\u00f3 la labor cultural e hist\u00f3rica de la Asociaci\u00f3n Torrijos 1831.<\/span><\/strong><\/p>\n<p style=\"text-align: justify;\"><span style=\"color: #800000;\"><strong>Intervenci\u00f3n de Antonina Rodrigo.<\/strong><\/span><\/p>\n<p style=\"text-align: justify;\"><strong><span style=\"color: #000000;\">Estudiosa del personaje de Mariana de Pineda, desde su juventud, esta granadina nacida en el Albaic\u00edn, es un caudal important\u00edsimo de conocimientos en cuanto a la biograf\u00eda hist\u00f3rica de la hero\u00edna granadina. En su cuenta de autora, figuran varios libros editados sobre Mariana de Pineda, as\u00ed como un importante arsenal de documentos hist\u00f3ricos recuperados. Antonina nos explic\u00f3 que, siendo joven, se dirigi\u00f3 al antiguo convento de Santa Mar\u00eda Egipciaca, de Granada, donde en su d\u00eda estuvo detenida Mariana, para conocer m\u00e1s sobre la celda donde estuvo encerrada, que todav\u00eda, junto el convento, exist\u00eda entonces en la bella capital granadina. M\u00e1s adelante, las monjas confiaron en ella para entregarle la llave de la celda, que durante muchos a\u00f1os Antonina custodi\u00f3 para, finalmente, entregarla al Centro de Interpretaci\u00f3n Hist\u00f3rico que hoy alberga la antigua casa de Mariana de Pineda, en calle \u00c1guila. Antonina fue pregonera de las IV Jornadas de homenaje a Torrijos y la Constituci\u00f3n (2005), uni\u00e9ndose desde entonces en gran amistad con nuestro colectivo. La escritora explic\u00f3 la historia de Mariana frente al poder desp\u00f3tico y absolutista de Fernando VII, relato que fue todo un lujo poderlo o\u00edr.<\/span><\/strong><\/p>\n<p style=\"text-align: justify;\"><span style=\"color: #800000;\"><strong>Palabras de Manuel Rodr\u00edguez, Director del Centro Europeo de la Mujer, con sede en la Casa de Mariana de Pineda en Granada.<\/strong><\/span><\/p>\n<p style=\"text-align: justify;\"><strong><span style=\"color: #000000;\">B\u00e1sicamente, explic\u00f3 toda la labor que el Centro Europeo de la Mujer, con sede en la Casa de Mariana de Pineda, realiza tanto en Granada, como en el resto de Espa\u00f1a, as\u00ed como de sus conexiones con Europa. Rodr\u00edguez, signific\u00f3, que el centro no solo orbita en la figura de Mariana, sino a trav\u00e9s de otras muchas mujeres que por su valor en la defensa del mundo femenino y sus derechos, han destacado en diversas \u00e9pocas.<\/span><\/strong><\/p>\n<p style=\"text-align: justify;\"><span style=\"color: #800000;\"><strong>Interpretaci\u00f3n flamenca de Carmen Cas\u00e1n.<\/strong><\/span><\/p>\n<p style=\"text-align: justify;\"><strong><span style=\"color: #000000;\">Una vez m\u00e1s, nuestra querida compa\u00f1era Carmen Cas\u00e1n ha puesto de manifiesto sus grandes dotes para interpretar el flamenco, actuando en el Refectorio con un tema propio dedicado a Mariana de Pineda, titulado \u201cAlas de plata\u201d, que arranc\u00f3 el aplauso de todos los presentes en el acto.<\/span><\/strong><\/p>\n<p style=\"text-align: justify;\"><span style=\"color: #800000;\"><strong>Genial Carlos Corcoles dando vida al alcalde del Crimen, Ram\u00f3n Pedrosa.<\/strong><\/span><\/p>\n<p style=\"text-align: justify;\"><strong><span style=\"color: #000000;\">\u201cMi nombre es Ram\u00f3n Pedrosa y fui nombrado alcalde del Cr\u00edmen en Granada, por el mi querido ministro Tadeo Colomarde, para reprimir o acabar con la vida de cualquier liberal opuesto a su Majestad Cat\u00f3lica Fernando VII. Les aseguro que cumpl\u00ed sus deseos a rajatabla y no mostr\u00e9 compasi\u00f3n alguna por ellos. Mi m\u00e1s conocida v\u00edctima fue Mariana de Pineda, una bella joven descendiente de la burgues\u00eda granadina, con 26 a\u00f1os, viuda con dos hijos. Sab\u00edamos que proteg\u00eda a los liberales y que hab\u00eda ayudado a huir de la c\u00e1rcel a su primo \u00c1lvarez de Sotomayor. La espi\u00e9, la acos\u00e9, la coart\u00e9, e urd\u00ed un plan impune contra ella. Mariana hab\u00eda encargado a dos bordadoras una bandera liberal con la leyenda \u201cLibertad, Igualdad y Ley\u201d. Lo supe por una confidencia de un cura que manten\u00eda relaciones con una de las modistillas, al que mand\u00e9 torturar para que confesara. As\u00ed que orden\u00e9, que le escondieran la bandera en su casa y se efectuara a continuaci\u00f3n un registro. Al encontrarla, la acus\u00e9 de conspiraci\u00f3n. Me sorprendi\u00f3, pues se mostr\u00f3 firme, terca y no delat\u00f3 a sus correligionarios. Nunca conceb\u00ed tanto valor en una mujer. No hubo manera de convencerla ni con la amenaza de su ejecuci\u00f3n. Sent\u00ed cosas inconfesables por ella, cosas que no puedo expresar ni con el paso de los a\u00f1os\u2026, pero finalmente logr\u00e9 que fuera condenada a morir, a garrote vil, un 26 de mayo de 1831. Ejecutarla me supondr\u00eda la gran recompensa de ser nombrado miembro de la Sala de Alcaldes de Casa y Corte, el Tribunal Supremo del r\u00e9gimen de mi amado monarca Fernando VII. Pero al morir el rey, su mujer, la reina Mar\u00eda Cristina, increment\u00f3 la participaci\u00f3n de los liberales en el poder y apart\u00f3, persigui\u00f3 y detuvo, a cuantos nos hab\u00edamos dedicado en cuerpo y alma a la represi\u00f3n durante el gobierno de su esposo. Fui detenido en Adel\u00e1n y recluido en el castillo de San Ant\u00f3n (A Coru\u00f1a). Finalmente, me desterraron como a un perro a las islas Filipinas en 1835. A mi regreso en 1843, temeroso de lo que me pudieran hacer los liberales, me asent\u00e9 en Par\u00eds, y luego en Roma. All\u00ed dej\u00e9 12.000 reales para la Iglesia y para el altar mayor del templo de Adel\u00e1n, por lo que no pocos hablaron de m\u00ed como \u201cel santo don Ram\u00f3n\u201d, cuando la muerte me reclam\u00f3 en 1848.<\/span><\/strong><br \/><strong><span style=\"color: #000000;\">En mi condena eterna de la que ning\u00fan dinero eclesi\u00e1stico me ha podido librar, supe la odiada visi\u00f3n que de m\u00ed hizo un poeta granadino, ya en el siglo XX: un tal Federico Grac\u00eda Lorca. Me describi\u00f3 como \u201cviejo verde\u201d, \u201cperverso\u201d, \u201ccruel trepador\u201d, yo, que fui un cristiano ejemplar, que me quedaba embelesado, durante horas, mirando las im\u00e1genes en los templos mientras rezaba fervorosamente el rosario, y que siempre mostr\u00e9 una rectitud inflexible\u2026 Peor me puso Lence Santar, el cronista mindoniense, pues el historiador Andr\u00e9s Garc\u00eda Doural hall\u00f3 en el Archivo municipal de Mondo\u00f1edo un acta del 1 de enero de 1920, con una anotaci\u00f3n de pu\u00f1o y letra del propio Lence que dec\u00eda: \u201c\u00a1Aqu\u00ed est\u00e1 el tirano y miserable Pedrosa de La Escoura, en Adel\u00e1n, el asesino de Mariana Pineda\u2026 D\u00edcese que era soberbio, un vicioso y un hip\u00f3crita redomado!\u201d. Puede que conocieran mis bajos instintos hacia ella, que fuera m\u00e1s all\u00e1 de quererla amar, y de morir de celos por no saberla en brazos de un malvado liberal\u2026 \u00a1Mariana\u2026! \u00a1Mariana\u2026! \u00a1S\u00f3lo estoy para siempre en esta terrible penumbra, condenado en mi pena eterna ..!\u201d<\/span><\/strong><\/p>\n<p style=\"text-align: justify;\"><span style=\"color: #800000;\"><strong>Enorme interpretaci\u00f3n de Alicia Gallego como Mariana de Pineda.<\/strong><\/span><\/p>\n<p style=\"text-align: justify;\"><strong><span style=\"color: #000000;\">Ante sorpresa del p\u00fablico, se apagaron las luces del Refectorio (con excepci\u00f3n de una situada sobre la cabecera del acto). Bajo el sonido de la canci\u00f3n \u201cMariana de Pineda\u201d, de Solera, fue avanzando entre el p\u00fablico, el grupo de soldados que conduc\u00eda a Mariana de Pineda, al pat\u00edbulo, a los que segu\u00eda una monja de Santa Mar\u00eda Egipciaca. Mariana de Pineda, interpretada una vez m\u00e1s, de forma genial, por nuestra compa\u00f1era Alicia Gallego, sobrecogi\u00f3 al p\u00fablico presente. Es muy meritorio y un buen reconocimiento, que, elegida todos los a\u00f1os por el Ayuntamiento de Granada, Alicia da vida a Mariana de Pineda, cada hist\u00f3rico 26 de mayo, en la popular plaza de la Marianita, atestada de personas, tras un desfile c\u00edvico de \u00e9poca, en el que participa toda la Asociaci\u00f3n Torrijos 1831. Acompa\u00f1aron a Alicia en esta estupenda representaci\u00f3n, nuestros compa\u00f1eros, Jos\u00e9 Antonio Mill\u00e1n, Jos\u00e9 Lu\u00eds Llorente y Esperanza. Nuestra mayor enhorabuena a todos ellos.<\/span><\/strong><\/p>\n<p style=\"text-align: justify;\"><span style=\"color: #800000;\"><strong>Interpretaci\u00f3n de Juan Gavil\u00e1n, como agente gubernativo, del bando dado por el gobierno fernandino tras la ejecuci\u00f3n de Mariana de Pineda.<\/strong><\/span><\/p>\n<p style=\"text-align: justify;\"><span style=\"color: #800000;\"><strong>COMUNICADO OFICIAL DEL GOBIERNO DE SE MAJESTAD FERNANDO VII<\/strong><\/span><\/p>\n<p style=\"text-align: justify;\"><strong><span style=\"color: #000000;\">EL 26 DE MAYO \u00daLTIMO SUFRI\u00d3 EN GRANADA LA PENA DE MUERTE DO\u00d1A MARIANA DE PINEDA, VECINA DE AQUELLA CIUDAD.<\/span><\/strong><\/p>\n<p style=\"text-align: justify;\"><strong><span style=\"color: #000000;\">SORPRENDIDA SU CASA POR LA POLIC\u00cdA EL 13 DE MARZO PR\u00d3XIMO ANTERIOR SE ENCONTR\u00d3 EN ELLA UNA BANDERA REVOLUCIONARIA A MEDIO BORDAR, Y VARIOS OBJETOS AN\u00c1LOGOS.<\/span><\/strong><\/p>\n<p style=\"text-align: justify;\"><strong><span style=\"color: #000000;\">EMPEZADAS LAS DILIGENCIAS POR LA POLIC\u00cdA Y SEGUIDA LA CAUSA POR EL TRIBUNAL CON TODA ACTIVIDAD, EL DELITO DE DO\u00d1A MARIANA DE PINEDA HA SIDO PROBADO PLENAMENTE.<\/span><\/strong><\/p>\n<p style=\"text-align: justify;\"><strong><span style=\"color: #000000;\">SI A\u00daN SON M\u00c1S DOLOROSOS ESTOS CASTIGOS EN LAS MUJERES QUE EN LOS HOMBRES, NO POR ELLO DEJAN DE SER PRECISOS PARA ESCARMIENTO, ESPECIALMENTE DESPU\u00c9S QUE LOS REVOLUCIONARIOS HAN ADOPTADO LA T\u00c1CTICA VILLANA DE TENER POR INSTRUMENTO Y POR ESCUDO DE SUS LOCOS INTENTOS AL SEXO MENOS CAUTO Y M\u00c1S CAPAZ DE INTERESAR LA AJENA COMPASI\u00d3N.<\/span><\/strong><\/p>\n<p style=\"text-align: justify;\"><strong><span style=\"color: #000000;\">TODA LA PEN\u00cdNSULA GOZA DE PERFECTA PAZ.<\/span><\/strong><\/p>\n<p style=\"text-align: justify;\"><strong><span style=\"color: #000000;\">MADRID, A 7 DE JUNIO DE 1831.<\/span><\/strong><\/p>\n<p><strong>Fotograf\u00edas: Santiago Sastre.<\/strong><\/p>\n\n\n<figure class=\"wp-block-image size-large\"><img loading=\"lazy\" width=\"1024\" height=\"847\" src=\"https:\/\/www.torrijos1831.com\/wp-content\/uploads\/2025\/01\/15-9-1024x847.jpg\" alt=\"\" class=\"wp-image-6468\" srcset=\"http:\/\/www.torrijos1831.com\/wp-content\/uploads\/2025\/01\/15-9-1024x847.jpg 1024w, http:\/\/www.torrijos1831.com\/wp-content\/uploads\/2025\/01\/15-9-300x248.jpg 300w, http:\/\/www.torrijos1831.com\/wp-content\/uploads\/2025\/01\/15-9-768x635.jpg 768w, http:\/\/www.torrijos1831.com\/wp-content\/uploads\/2025\/01\/15-9-1536x1271.jpg 1536w, http:\/\/www.torrijos1831.com\/wp-content\/uploads\/2025\/01\/15-9.jpg 1626w\" sizes=\"(max-width: 1024px) 100vw, 1024px\" \/><\/figure>\n\n\n\n<figure class=\"wp-block-image size-large\"><img loading=\"lazy\" width=\"1024\" height=\"683\" src=\"https:\/\/www.torrijos1831.com\/wp-content\/uploads\/2025\/01\/15-13-1024x683.jpg\" alt=\"\" class=\"wp-image-6469\" srcset=\"http:\/\/www.torrijos1831.com\/wp-content\/uploads\/2025\/01\/15-13-1024x683.jpg 1024w, http:\/\/www.torrijos1831.com\/wp-content\/uploads\/2025\/01\/15-13-300x200.jpg 300w, http:\/\/www.torrijos1831.com\/wp-content\/uploads\/2025\/01\/15-13-768x512.jpg 768w, http:\/\/www.torrijos1831.com\/wp-content\/uploads\/2025\/01\/15-13-1536x1024.jpg 1536w, http:\/\/www.torrijos1831.com\/wp-content\/uploads\/2025\/01\/15-13.jpg 2048w\" sizes=\"(max-width: 1024px) 100vw, 1024px\" \/><\/figure>\n\n\n\n<figure class=\"wp-block-image size-large\"><img loading=\"lazy\" width=\"768\" height=\"1024\" src=\"https:\/\/www.torrijos1831.com\/wp-content\/uploads\/2025\/01\/15-15-768x1024.jpg\" alt=\"\" class=\"wp-image-6470\" srcset=\"http:\/\/www.torrijos1831.com\/wp-content\/uploads\/2025\/01\/15-15-768x1024.jpg 768w, http:\/\/www.torrijos1831.com\/wp-content\/uploads\/2025\/01\/15-15-225x300.jpg 225w, http:\/\/www.torrijos1831.com\/wp-content\/uploads\/2025\/01\/15-15-1152x1536.jpg 1152w, http:\/\/www.torrijos1831.com\/wp-content\/uploads\/2025\/01\/15-15.jpg 1365w\" sizes=\"(max-width: 768px) 100vw, 768px\" \/><\/figure>\n\n\n\n<figure class=\"wp-block-image size-large\"><img loading=\"lazy\" width=\"986\" height=\"1024\" src=\"https:\/\/www.torrijos1831.com\/wp-content\/uploads\/2025\/01\/15-17-986x1024.jpg\" alt=\"\" class=\"wp-image-6471\" srcset=\"http:\/\/www.torrijos1831.com\/wp-content\/uploads\/2025\/01\/15-17-986x1024.jpg 986w, http:\/\/www.torrijos1831.com\/wp-content\/uploads\/2025\/01\/15-17-289x300.jpg 289w, http:\/\/www.torrijos1831.com\/wp-content\/uploads\/2025\/01\/15-17-768x798.jpg 768w, http:\/\/www.torrijos1831.com\/wp-content\/uploads\/2025\/01\/15-17-1479x1536.jpg 1479w, http:\/\/www.torrijos1831.com\/wp-content\/uploads\/2025\/01\/15-17.jpg 1536w\" sizes=\"(max-width: 986px) 100vw, 986px\" \/><\/figure>\n\n\n\n<figure class=\"wp-block-image size-large\"><img loading=\"lazy\" width=\"1024\" height=\"683\" src=\"https:\/\/www.torrijos1831.com\/wp-content\/uploads\/2025\/01\/15-24-1024x683.jpg\" alt=\"\" class=\"wp-image-6472\" srcset=\"http:\/\/www.torrijos1831.com\/wp-content\/uploads\/2025\/01\/15-24-1024x683.jpg 1024w, http:\/\/www.torrijos1831.com\/wp-content\/uploads\/2025\/01\/15-24-300x200.jpg 300w, http:\/\/www.torrijos1831.com\/wp-content\/uploads\/2025\/01\/15-24-768x512.jpg 768w, http:\/\/www.torrijos1831.com\/wp-content\/uploads\/2025\/01\/15-24-1536x1024.jpg 1536w, http:\/\/www.torrijos1831.com\/wp-content\/uploads\/2025\/01\/15-24.jpg 2048w\" sizes=\"(max-width: 1024px) 100vw, 1024px\" \/><\/figure>\n\n\n\n<figure class=\"wp-block-image size-large\"><img loading=\"lazy\" width=\"1024\" height=\"727\" src=\"https:\/\/www.torrijos1831.com\/wp-content\/uploads\/2025\/01\/15-25-1024x727.jpg\" alt=\"\" class=\"wp-image-6473\" srcset=\"http:\/\/www.torrijos1831.com\/wp-content\/uploads\/2025\/01\/15-25-1024x727.jpg 1024w, http:\/\/www.torrijos1831.com\/wp-content\/uploads\/2025\/01\/15-25-300x213.jpg 300w, http:\/\/www.torrijos1831.com\/wp-content\/uploads\/2025\/01\/15-25-768x546.jpg 768w, http:\/\/www.torrijos1831.com\/wp-content\/uploads\/2025\/01\/15-25-1536x1091.jpg 1536w, http:\/\/www.torrijos1831.com\/wp-content\/uploads\/2025\/01\/15-25.jpg 1820w\" sizes=\"(max-width: 1024px) 100vw, 1024px\" \/><\/figure>\n\n\n\n<figure class=\"wp-block-image size-large\"><img loading=\"lazy\" width=\"1024\" height=\"825\" src=\"https:\/\/www.torrijos1831.com\/wp-content\/uploads\/2025\/01\/15-26-1024x825.jpg\" alt=\"\" class=\"wp-image-6475\" srcset=\"http:\/\/www.torrijos1831.com\/wp-content\/uploads\/2025\/01\/15-26-1024x825.jpg 1024w, http:\/\/www.torrijos1831.com\/wp-content\/uploads\/2025\/01\/15-26-300x242.jpg 300w, http:\/\/www.torrijos1831.com\/wp-content\/uploads\/2025\/01\/15-26-768x619.jpg 768w, http:\/\/www.torrijos1831.com\/wp-content\/uploads\/2025\/01\/15-26.jpg 1496w\" sizes=\"(max-width: 1024px) 100vw, 1024px\" \/><\/figure>\n\n\n\n<figure class=\"wp-block-image size-large\"><img loading=\"lazy\" width=\"1024\" height=\"581\" src=\"https:\/\/www.torrijos1831.com\/wp-content\/uploads\/2025\/01\/15-27-1024x581.jpg\" alt=\"\" class=\"wp-image-6476\" srcset=\"http:\/\/www.torrijos1831.com\/wp-content\/uploads\/2025\/01\/15-27-1024x581.jpg 1024w, http:\/\/www.torrijos1831.com\/wp-content\/uploads\/2025\/01\/15-27-300x170.jpg 300w, http:\/\/www.torrijos1831.com\/wp-content\/uploads\/2025\/01\/15-27-768x436.jpg 768w, http:\/\/www.torrijos1831.com\/wp-content\/uploads\/2025\/01\/15-27-1536x872.jpg 1536w, http:\/\/www.torrijos1831.com\/wp-content\/uploads\/2025\/01\/15-27.jpg 1753w\" sizes=\"(max-width: 1024px) 100vw, 1024px\" \/><\/figure>\n\n\n\n<figure class=\"wp-block-image size-large\"><img loading=\"lazy\" width=\"1024\" height=\"683\" src=\"https:\/\/www.torrijos1831.com\/wp-content\/uploads\/2025\/01\/15-28-1024x683.jpg\" alt=\"\" class=\"wp-image-6477\" srcset=\"http:\/\/www.torrijos1831.com\/wp-content\/uploads\/2025\/01\/15-28-1024x683.jpg 1024w, http:\/\/www.torrijos1831.com\/wp-content\/uploads\/2025\/01\/15-28-300x200.jpg 300w, http:\/\/www.torrijos1831.com\/wp-content\/uploads\/2025\/01\/15-28-768x512.jpg 768w, http:\/\/www.torrijos1831.com\/wp-content\/uploads\/2025\/01\/15-28-1536x1024.jpg 1536w, http:\/\/www.torrijos1831.com\/wp-content\/uploads\/2025\/01\/15-28.jpg 2048w\" sizes=\"(max-width: 1024px) 100vw, 1024px\" \/><\/figure>\n\n\n\n<figure class=\"wp-block-image size-large\"><img loading=\"lazy\" width=\"1024\" height=\"901\" src=\"https:\/\/www.torrijos1831.com\/wp-content\/uploads\/2025\/01\/15-29-1024x901.jpg\" alt=\"\" class=\"wp-image-6478\" srcset=\"http:\/\/www.torrijos1831.com\/wp-content\/uploads\/2025\/01\/15-29-1024x901.jpg 1024w, http:\/\/www.torrijos1831.com\/wp-content\/uploads\/2025\/01\/15-29-300x264.jpg 300w, http:\/\/www.torrijos1831.com\/wp-content\/uploads\/2025\/01\/15-29-768x676.jpg 768w, http:\/\/www.torrijos1831.com\/wp-content\/uploads\/2025\/01\/15-29.jpg 1536w\" sizes=\"(max-width: 1024px) 100vw, 1024px\" \/><\/figure>\n\n\n\n<figure class=\"wp-block-image size-large\"><img loading=\"lazy\" width=\"1024\" height=\"773\" src=\"https:\/\/www.torrijos1831.com\/wp-content\/uploads\/2025\/01\/15-30-1024x773.jpg\" alt=\"\" class=\"wp-image-6479\" srcset=\"http:\/\/www.torrijos1831.com\/wp-content\/uploads\/2025\/01\/15-30-1024x773.jpg 1024w, http:\/\/www.torrijos1831.com\/wp-content\/uploads\/2025\/01\/15-30-300x227.jpg 300w, http:\/\/www.torrijos1831.com\/wp-content\/uploads\/2025\/01\/15-30-768x580.jpg 768w, http:\/\/www.torrijos1831.com\/wp-content\/uploads\/2025\/01\/15-30-1536x1160.jpg 1536w, http:\/\/www.torrijos1831.com\/wp-content\/uploads\/2025\/01\/15-30.jpg 1744w\" sizes=\"(max-width: 1024px) 100vw, 1024px\" \/><\/figure>\n\n\n\n<figure class=\"wp-block-image size-large\"><img loading=\"lazy\" width=\"1024\" height=\"768\" src=\"https:\/\/www.torrijos1831.com\/wp-content\/uploads\/2025\/01\/15-31-1024x768.jpg\" alt=\"\" class=\"wp-image-6480\" srcset=\"http:\/\/www.torrijos1831.com\/wp-content\/uploads\/2025\/01\/15-31-1024x768.jpg 1024w, http:\/\/www.torrijos1831.com\/wp-content\/uploads\/2025\/01\/15-31-300x225.jpg 300w, http:\/\/www.torrijos1831.com\/wp-content\/uploads\/2025\/01\/15-31-768x576.jpg 768w, http:\/\/www.torrijos1831.com\/wp-content\/uploads\/2025\/01\/15-31-1536x1153.jpg 1536w, http:\/\/www.torrijos1831.com\/wp-content\/uploads\/2025\/01\/15-31.jpg 1547w\" sizes=\"(max-width: 1024px) 100vw, 1024px\" \/><\/figure>\n\n\n\n<figure class=\"wp-block-image size-large\"><img loading=\"lazy\" width=\"1024\" height=\"683\" src=\"https:\/\/www.torrijos1831.com\/wp-content\/uploads\/2025\/01\/15-32-1024x683.jpg\" alt=\"\" class=\"wp-image-6481\" srcset=\"http:\/\/www.torrijos1831.com\/wp-content\/uploads\/2025\/01\/15-32-1024x683.jpg 1024w, http:\/\/www.torrijos1831.com\/wp-content\/uploads\/2025\/01\/15-32-300x200.jpg 300w, http:\/\/www.torrijos1831.com\/wp-content\/uploads\/2025\/01\/15-32-768x512.jpg 768w, http:\/\/www.torrijos1831.com\/wp-content\/uploads\/2025\/01\/15-32-1536x1024.jpg 1536w, http:\/\/www.torrijos1831.com\/wp-content\/uploads\/2025\/01\/15-32.jpg 2048w\" sizes=\"(max-width: 1024px) 100vw, 1024px\" \/><\/figure>\n\n\n\n<figure class=\"wp-block-image size-large\"><img loading=\"lazy\" width=\"683\" height=\"1024\" src=\"https:\/\/www.torrijos1831.com\/wp-content\/uploads\/2025\/01\/15-33-683x1024.jpg\" alt=\"\" class=\"wp-image-6482\" srcset=\"http:\/\/www.torrijos1831.com\/wp-content\/uploads\/2025\/01\/15-33-683x1024.jpg 683w, http:\/\/www.torrijos1831.com\/wp-content\/uploads\/2025\/01\/15-33-200x300.jpg 200w, http:\/\/www.torrijos1831.com\/wp-content\/uploads\/2025\/01\/15-33-768x1152.jpg 768w, http:\/\/www.torrijos1831.com\/wp-content\/uploads\/2025\/01\/15-33-1024x1536.jpg 1024w, http:\/\/www.torrijos1831.com\/wp-content\/uploads\/2025\/01\/15-33.jpg 1365w\" sizes=\"(max-width: 683px) 100vw, 683px\" \/><\/figure>\n\n\n\n<figure class=\"wp-block-image size-large\"><img loading=\"lazy\" width=\"1024\" height=\"683\" src=\"https:\/\/www.torrijos1831.com\/wp-content\/uploads\/2025\/01\/15-34-1024x683.jpg\" alt=\"\" class=\"wp-image-6483\" srcset=\"http:\/\/www.torrijos1831.com\/wp-content\/uploads\/2025\/01\/15-34-1024x683.jpg 1024w, http:\/\/www.torrijos1831.com\/wp-content\/uploads\/2025\/01\/15-34-300x200.jpg 300w, http:\/\/www.torrijos1831.com\/wp-content\/uploads\/2025\/01\/15-34-768x512.jpg 768w, http:\/\/www.torrijos1831.com\/wp-content\/uploads\/2025\/01\/15-34-1536x1024.jpg 1536w, http:\/\/www.torrijos1831.com\/wp-content\/uploads\/2025\/01\/15-34.jpg 2048w\" sizes=\"(max-width: 1024px) 100vw, 1024px\" \/><\/figure>\n\n\n\n<figure class=\"wp-block-image size-large\"><img loading=\"lazy\" width=\"1024\" height=\"907\" src=\"https:\/\/www.torrijos1831.com\/wp-content\/uploads\/2025\/01\/15-35-1024x907.jpg\" alt=\"\" class=\"wp-image-6484\" srcset=\"http:\/\/www.torrijos1831.com\/wp-content\/uploads\/2025\/01\/15-35-1024x907.jpg 1024w, http:\/\/www.torrijos1831.com\/wp-content\/uploads\/2025\/01\/15-35-300x266.jpg 300w, http:\/\/www.torrijos1831.com\/wp-content\/uploads\/2025\/01\/15-35-768x680.jpg 768w, http:\/\/www.torrijos1831.com\/wp-content\/uploads\/2025\/01\/15-35.jpg 1412w\" sizes=\"(max-width: 1024px) 100vw, 1024px\" \/><\/figure>\n\n\n\n<figure class=\"wp-block-image size-large\"><img loading=\"lazy\" width=\"1006\" height=\"1024\" src=\"https:\/\/www.torrijos1831.com\/wp-content\/uploads\/2025\/01\/15-36-1006x1024.jpg\" alt=\"\" class=\"wp-image-6485\" srcset=\"http:\/\/www.torrijos1831.com\/wp-content\/uploads\/2025\/01\/15-36-1006x1024.jpg 1006w, http:\/\/www.torrijos1831.com\/wp-content\/uploads\/2025\/01\/15-36-295x300.jpg 295w, http:\/\/www.torrijos1831.com\/wp-content\/uploads\/2025\/01\/15-36-768x782.jpg 768w, http:\/\/www.torrijos1831.com\/wp-content\/uploads\/2025\/01\/15-36.jpg 1365w\" sizes=\"(max-width: 1006px) 100vw, 1006px\" \/><\/figure>\n\n\n\n<figure class=\"wp-block-image size-large\"><img loading=\"lazy\" width=\"1024\" height=\"1004\" src=\"https:\/\/www.torrijos1831.com\/wp-content\/uploads\/2025\/01\/15-37-1024x1004.jpg\" alt=\"\" class=\"wp-image-6486\" srcset=\"http:\/\/www.torrijos1831.com\/wp-content\/uploads\/2025\/01\/15-37-1024x1004.jpg 1024w, http:\/\/www.torrijos1831.com\/wp-content\/uploads\/2025\/01\/15-37-300x294.jpg 300w, http:\/\/www.torrijos1831.com\/wp-content\/uploads\/2025\/01\/15-37-768x753.jpg 768w, http:\/\/www.torrijos1831.com\/wp-content\/uploads\/2025\/01\/15-37.jpg 1241w\" sizes=\"(max-width: 1024px) 100vw, 1024px\" \/><\/figure>\n\n\n\n<figure class=\"wp-block-image size-large\"><img loading=\"lazy\" width=\"1024\" height=\"683\" src=\"https:\/\/www.torrijos1831.com\/wp-content\/uploads\/2025\/01\/15-38-1024x683.jpg\" alt=\"\" class=\"wp-image-6487\" srcset=\"http:\/\/www.torrijos1831.com\/wp-content\/uploads\/2025\/01\/15-38-1024x683.jpg 1024w, http:\/\/www.torrijos1831.com\/wp-content\/uploads\/2025\/01\/15-38-300x200.jpg 300w, http:\/\/www.torrijos1831.com\/wp-content\/uploads\/2025\/01\/15-38-768x512.jpg 768w, http:\/\/www.torrijos1831.com\/wp-content\/uploads\/2025\/01\/15-38-1536x1024.jpg 1536w, http:\/\/www.torrijos1831.com\/wp-content\/uploads\/2025\/01\/15-38.jpg 2048w\" sizes=\"(max-width: 1024px) 100vw, 1024px\" \/><\/figure>\n\n\n\n<figure class=\"wp-block-image size-large\"><img loading=\"lazy\" width=\"1024\" height=\"682\" src=\"https:\/\/www.torrijos1831.com\/wp-content\/uploads\/2025\/01\/15-39-1024x682.jpg\" alt=\"\" class=\"wp-image-6488\" srcset=\"http:\/\/www.torrijos1831.com\/wp-content\/uploads\/2025\/01\/15-39-1024x682.jpg 1024w, http:\/\/www.torrijos1831.com\/wp-content\/uploads\/2025\/01\/15-39-300x200.jpg 300w, http:\/\/www.torrijos1831.com\/wp-content\/uploads\/2025\/01\/15-39-768x512.jpg 768w, http:\/\/www.torrijos1831.com\/wp-content\/uploads\/2025\/01\/15-39-1536x1023.jpg 1536w, http:\/\/www.torrijos1831.com\/wp-content\/uploads\/2025\/01\/15-39.jpg 1929w\" sizes=\"(max-width: 1024px) 100vw, 1024px\" \/><\/figure>\n\n\n\n<figure class=\"wp-block-image size-large\"><img loading=\"lazy\" width=\"849\" height=\"1024\" src=\"https:\/\/www.torrijos1831.com\/wp-content\/uploads\/2025\/01\/15-40-849x1024.jpg\" alt=\"\" class=\"wp-image-6489\" srcset=\"http:\/\/www.torrijos1831.com\/wp-content\/uploads\/2025\/01\/15-40-849x1024.jpg 849w, http:\/\/www.torrijos1831.com\/wp-content\/uploads\/2025\/01\/15-40-249x300.jpg 249w, http:\/\/www.torrijos1831.com\/wp-content\/uploads\/2025\/01\/15-40-768x927.jpg 768w, http:\/\/www.torrijos1831.com\/wp-content\/uploads\/2025\/01\/15-40-1273x1536.jpg 1273w, http:\/\/www.torrijos1831.com\/wp-content\/uploads\/2025\/01\/15-40.jpg 1342w\" sizes=\"(max-width: 849px) 100vw, 849px\" \/><\/figure>\n\n\n\n<figure class=\"wp-block-image size-large\"><img loading=\"lazy\" width=\"1024\" height=\"772\" src=\"https:\/\/www.torrijos1831.com\/wp-content\/uploads\/2025\/01\/15-41-1024x772.jpg\" alt=\"\" class=\"wp-image-6490\" srcset=\"http:\/\/www.torrijos1831.com\/wp-content\/uploads\/2025\/01\/15-41-1024x772.jpg 1024w, http:\/\/www.torrijos1831.com\/wp-content\/uploads\/2025\/01\/15-41-300x226.jpg 300w, http:\/\/www.torrijos1831.com\/wp-content\/uploads\/2025\/01\/15-41-768x579.jpg 768w, http:\/\/www.torrijos1831.com\/wp-content\/uploads\/2025\/01\/15-41-1536x1157.jpg 1536w, http:\/\/www.torrijos1831.com\/wp-content\/uploads\/2025\/01\/15-41.jpg 1724w\" sizes=\"(max-width: 1024px) 100vw, 1024px\" \/><\/figure>\n\n\n\n<figure class=\"wp-block-image size-large\"><img loading=\"lazy\" width=\"1024\" height=\"656\" src=\"https:\/\/www.torrijos1831.com\/wp-content\/uploads\/2025\/01\/15-42-1024x656.jpg\" alt=\"\" class=\"wp-image-6491\" srcset=\"http:\/\/www.torrijos1831.com\/wp-content\/uploads\/2025\/01\/15-42-1024x656.jpg 1024w, http:\/\/www.torrijos1831.com\/wp-content\/uploads\/2025\/01\/15-42-300x192.jpg 300w, http:\/\/www.torrijos1831.com\/wp-content\/uploads\/2025\/01\/15-42-768x492.jpg 768w, http:\/\/www.torrijos1831.com\/wp-content\/uploads\/2025\/01\/15-42.jpg 1070w\" sizes=\"(max-width: 1024px) 100vw, 1024px\" \/><\/figure>\n\n\n\n<figure class=\"wp-block-image size-large\"><img loading=\"lazy\" width=\"1024\" height=\"683\" src=\"https:\/\/www.torrijos1831.com\/wp-content\/uploads\/2025\/01\/15-43-1024x683.jpg\" alt=\"\" class=\"wp-image-6492\" srcset=\"http:\/\/www.torrijos1831.com\/wp-content\/uploads\/2025\/01\/15-43-1024x683.jpg 1024w, http:\/\/www.torrijos1831.com\/wp-content\/uploads\/2025\/01\/15-43-300x200.jpg 300w, http:\/\/www.torrijos1831.com\/wp-content\/uploads\/2025\/01\/15-43-768x512.jpg 768w, http:\/\/www.torrijos1831.com\/wp-content\/uploads\/2025\/01\/15-43-1536x1024.jpg 1536w, http:\/\/www.torrijos1831.com\/wp-content\/uploads\/2025\/01\/15-43.jpg 1909w\" sizes=\"(max-width: 1024px) 100vw, 1024px\" \/><\/figure>\n\n\n\n<figure class=\"wp-block-image size-large\"><img loading=\"lazy\" width=\"1024\" height=\"723\" src=\"https:\/\/www.torrijos1831.com\/wp-content\/uploads\/2025\/01\/15-44-1024x723.jpg\" alt=\"\" class=\"wp-image-6493\" srcset=\"http:\/\/www.torrijos1831.com\/wp-content\/uploads\/2025\/01\/15-44-1024x723.jpg 1024w, http:\/\/www.torrijos1831.com\/wp-content\/uploads\/2025\/01\/15-44-300x212.jpg 300w, http:\/\/www.torrijos1831.com\/wp-content\/uploads\/2025\/01\/15-44-768x542.jpg 768w, http:\/\/www.torrijos1831.com\/wp-content\/uploads\/2025\/01\/15-44-1536x1085.jpg 1536w, http:\/\/www.torrijos1831.com\/wp-content\/uploads\/2025\/01\/15-44.jpg 1701w\" sizes=\"(max-width: 1024px) 100vw, 1024px\" \/><\/figure>\n\n\n\n<figure class=\"wp-block-image size-large\"><img loading=\"lazy\" width=\"1024\" height=\"683\" src=\"https:\/\/www.torrijos1831.com\/wp-content\/uploads\/2025\/01\/15-45-1024x683.jpg\" alt=\"\" class=\"wp-image-6494\" srcset=\"http:\/\/www.torrijos1831.com\/wp-content\/uploads\/2025\/01\/15-45-1024x683.jpg 1024w, http:\/\/www.torrijos1831.com\/wp-content\/uploads\/2025\/01\/15-45-300x200.jpg 300w, http:\/\/www.torrijos1831.com\/wp-content\/uploads\/2025\/01\/15-45-768x512.jpg 768w, http:\/\/www.torrijos1831.com\/wp-content\/uploads\/2025\/01\/15-45-1536x1024.jpg 1536w, http:\/\/www.torrijos1831.com\/wp-content\/uploads\/2025\/01\/15-45.jpg 2048w\" sizes=\"(max-width: 1024px) 100vw, 1024px\" \/><\/figure>\n\n\n\n<figure class=\"wp-block-image size-large\"><img loading=\"lazy\" width=\"1024\" height=\"825\" src=\"https:\/\/www.torrijos1831.com\/wp-content\/uploads\/2025\/01\/15-46-1024x825.jpg\" alt=\"\" class=\"wp-image-6495\" srcset=\"http:\/\/www.torrijos1831.com\/wp-content\/uploads\/2025\/01\/15-46-1024x825.jpg 1024w, http:\/\/www.torrijos1831.com\/wp-content\/uploads\/2025\/01\/15-46-300x242.jpg 300w, http:\/\/www.torrijos1831.com\/wp-content\/uploads\/2025\/01\/15-46-768x619.jpg 768w, http:\/\/www.torrijos1831.com\/wp-content\/uploads\/2025\/01\/15-46-1536x1238.jpg 1536w, http:\/\/www.torrijos1831.com\/wp-content\/uploads\/2025\/01\/15-46.jpg 1673w\" sizes=\"(max-width: 1024px) 100vw, 1024px\" \/><\/figure>\n","protected":false},"excerpt":{"rendered":"<p>Asociaci\u00f3n Torrijos 1831 19\/01\/2025 Organizado por la Asociaci\u00f3n Torrijos 1831, y contando con la colaboraci\u00f3n de la Concejal\u00eda de Cultura de M\u00e1laga, comenz\u00f3 a las 19\u00b400 h. del pasado 16 de enero, en el Centro de Interpretaci\u00f3n Hist\u00f3rico Jos\u00e9 Mar\u00eda Torrijos, en El Perchel, el acto del reconocimiento-homenaje realizado a la serie de TVE \u201cProceso&#8230;<\/p>\n","protected":false},"author":1,"featured_media":6496,"comment_status":"closed","ping_status":"closed","sticky":false,"template":"","format":"standard","meta":[],"categories":[22,213],"tags":[],"_links":{"self":[{"href":"http:\/\/www.torrijos1831.com\/index.php?rest_route=\/wp\/v2\/posts\/6467"}],"collection":[{"href":"http:\/\/www.torrijos1831.com\/index.php?rest_route=\/wp\/v2\/posts"}],"about":[{"href":"http:\/\/www.torrijos1831.com\/index.php?rest_route=\/wp\/v2\/types\/post"}],"author":[{"embeddable":true,"href":"http:\/\/www.torrijos1831.com\/index.php?rest_route=\/wp\/v2\/users\/1"}],"replies":[{"embeddable":true,"href":"http:\/\/www.torrijos1831.com\/index.php?rest_route=%2Fwp%2Fv2%2Fcomments&post=6467"}],"version-history":[{"count":3,"href":"http:\/\/www.torrijos1831.com\/index.php?rest_route=\/wp\/v2\/posts\/6467\/revisions"}],"predecessor-version":[{"id":6500,"href":"http:\/\/www.torrijos1831.com\/index.php?rest_route=\/wp\/v2\/posts\/6467\/revisions\/6500"}],"wp:featuredmedia":[{"embeddable":true,"href":"http:\/\/www.torrijos1831.com\/index.php?rest_route=\/wp\/v2\/media\/6496"}],"wp:attachment":[{"href":"http:\/\/www.torrijos1831.com\/index.php?rest_route=%2Fwp%2Fv2%2Fmedia&parent=6467"}],"wp:term":[{"taxonomy":"category","embeddable":true,"href":"http:\/\/www.torrijos1831.com\/index.php?rest_route=%2Fwp%2Fv2%2Fcategories&post=6467"},{"taxonomy":"post_tag","embeddable":true,"href":"http:\/\/www.torrijos1831.com\/index.php?rest_route=%2Fwp%2Fv2%2Ftags&post=6467"}],"curies":[{"name":"wp","href":"https:\/\/api.w.org\/{rel}","templated":true}]}}