{"id":6659,"date":"2025-02-28T11:58:54","date_gmt":"2025-02-28T11:58:54","guid":{"rendered":"http:\/\/www.torrijos1831.com\/?p=6659"},"modified":"2025-02-28T16:47:18","modified_gmt":"2025-02-28T16:47:18","slug":"tal-dia-como-hoy-festividad-de-la-comunidad-autonoma-de-andalucia-hace-veinticinco-anos-se-presentaba-en-la-casa-de-la-cultura-de-alhaurin-de-la-torre-el-libro-del-charcon-a-la-alqueria-u","status":"publish","type":"post","link":"http:\/\/www.torrijos1831.com\/?p=6659","title":{"rendered":"Tal d\u00eda como hoy, festividad de la Comunidad Aut\u00f3noma de Andaluc\u00eda, hace veinticinco a\u00f1os se presentaba en la Casa de la Cultura de Alhaur\u00edn de la Torre, el libro \u201cDel Charc\u00f3n a la Alquer\u00eda: un camino para Torrijos\u201d, obra de Esteban Alc\u00e1ntara Alcaide y Juan Pacheco Fern\u00e1ndez."},"content":{"rendered":"<p style=\"text-align: justify;\"><strong><span style=\"color: #000000;\">Asociaci\u00f3n Torrijos 1831&nbsp;&nbsp;&nbsp;&nbsp;&nbsp;&nbsp;&nbsp;&nbsp;&nbsp;&nbsp;&nbsp;&nbsp;&nbsp;&nbsp;&nbsp;&nbsp;&nbsp;&nbsp;&nbsp;&nbsp;&nbsp;&nbsp; 28\/02\/2005<\/span><\/strong><\/p>\n<p style=\"text-align: justify;\"><strong><span style=\"color: #000000;\">En un D\u00eda de Andaluc\u00eda, como hoy, el libro \u201cDel Charc\u00f3n a la Alquer\u00eda: un camino para Torrijos\u201d, autor\u00eda de Esteban Alc\u00e1ntara Alcaide y Juan Pacheco Fern\u00e1ndez, fue presentado en la Casa de la Cultura de Alhaur\u00edn de la Torre. Ocurri\u00f3 en la tarde del 28 de febrero del a\u00f1o 2000.<\/span><\/strong><br><strong><span style=\"color: #000000;\">Promovido por la Concejal\u00eda de Cultura del Ayuntamiento de Alhaur\u00edn de la Torre y editado por el Centro de Ediciones de la Diputaci\u00f3n de M\u00e1laga, el libro recog\u00eda los trabajos de investigaci\u00f3n llevados a cabo por Esteban Alc\u00e1ntara y Juan Pacheco (con los que colaboraron Francis P\u00e9rez Do\u00f1a y Juan Rielves), entre los meses de septiembre y diciembre de 1993; sobre el posible itinerario por el que transitaron Torrijos y sus liberales desde la playa de El Charc\u00f3n, en el litoral mije\u00f1o, y la Alquer\u00eda de Mollina, en el t\u00e9rmino municipal de Alhaur\u00edn de la Torre, entre los d\u00edas 2 y 3 de diciembre de 1831. Contaba adem\u00e1s el libro con una historia detallada de la Alquer\u00eda de Mollina, y de las circunstancias del cerco que padecieron Torrijos y sus compa\u00f1eros, entre el 4 y 5 del mismo a\u00f1o, por parte de las tropas absolutistas del rey Fernando VII. Adem\u00e1s, la obra tuvo en su haber el ser el primer libro que revindic\u00f3, por su valor hist\u00f3rico, la reconstrucci\u00f3n de la Alquer\u00eda de Mollina, convertida en ruinas en 1971.<\/span><\/strong><\/p>\n<p style=\"text-align: justify;\"><span style=\"color: #800000;\"><strong>En aquella tarde de la presentaci\u00f3n del libro \u201cDel Charc\u00f3n a la Alquer\u00eda: un camino para Torrijos\u201d, de 28 de febrero de 2000, el alcalde de Alhaur\u00edn de la Torre, Joaqu\u00edn Villanova, se comprometi\u00f3 a la restauraci\u00f3n de la Alquer\u00eda de Mollina.<\/strong><\/span><\/p>\n<p style=\"text-align: justify;\"><strong><span style=\"color: #000000;\">En el d\u00eda de aquella presentaci\u00f3n, hubo hechos importantes: actu\u00f3 el Musical Torrijos en la Casa de la Cultura, y tambi\u00e9n lo hizo la Asociaci\u00f3n Folcl\u00f3rica Solera. Pero quiz\u00e1s, lo m\u00e1s llamativo para los autores fue el compromiso expresado por parte el alcalde de Alhaur\u00edn de la Torre, Joaqu\u00edn Villanova, de iniciar la restauraci\u00f3n de la Alquer\u00eda de Mollina, por significar un bien patrimonial para el pueblo. Con el fin de que fueran subsanados los da\u00f1os ya hechos en la antigua Alquer\u00eda de Mollina, se elabor\u00f3 un proyecto de alcance por parte del Consistorio, en 2006, que trat\u00f3 la reconstrucci\u00f3n completa de la Alquer\u00eda de Mollina, un logro que permitiera llevar a cabo una oferta de turismo hist\u00f3rico-cultural, singular, respecto a otras opciones del resto del Valle del Guadalhorce. Este proyecto, que fue aprobado en Pleno hace m\u00e1s de diecinueve a\u00f1os, no se ha realizado, ni al d\u00eda de hoy tiene visos de comenzar.<\/span><\/strong><\/p>\n<p style=\"text-align: justify;\"><span style=\"color: #800000;\"><strong>Un libro que forj\u00f3 nuevos acontecimientos a favor de la figura de Torrijos.<\/strong><\/span><\/p>\n<p style=\"text-align: justify;\"><strong><span style=\"color: #000000;\">El libro \u201cDel Charc\u00f3n a la Alquer\u00eda: un camino para Torrijos\u201d, junto con las sucesivas actuaciones del Musical Torrijos y el logro del v\u00eddeo \u201cTorrijos\u201d, donde actuaron m\u00e1s de ciento cincuenta participantes; propici\u00f3 que pudieran conocerse diversas personas atra\u00eddas por el personaje de Torrijos, y que, con ellas, germinara la idea de levantar una asociaci\u00f3n que tratara de defender los lugares vinculados con Torrijos en la provincia de M\u00e1laga; tambi\u00e9n, llevar a cabo trabajos de investigaci\u00f3n de car\u00e1cter hist\u00f3ricos, as\u00ed como realizar recreaciones hist\u00f3ricas relacionadas con Torrijos y sus compa\u00f1eros en calles y plazas, y especialmente, en los lugares donde ocurrieron los sucesos de diciembre de 1831. En definitiva, mantener la memoria viva de Torrijos y sus liberales. Gracias a ello, se inici\u00f3 en 2002 el periodo constituyente de la actual Asociaci\u00f3n Hist\u00f3rico Cultural Torrijos 1831, quedando legalizada en 2003.<\/span><\/strong><\/p>\n<p style=\"text-align: justify;\"><span style=\"color: #800000;\"><strong>Datos de la Asociaci\u00f3n Hist\u00f3rico Cultural Torrijos 1831.<\/strong><\/span><\/p>\n<p style=\"text-align: justify;\"><strong><span style=\"color: #000000;\">Tipo de Asociaci\u00f3n: cultural, dedicada a la investigaci\u00f3n hist\u00f3rica, y recreadora en sus actuaciones en p\u00fablico para exponer los hechos que representa. \u00c1mbito de actuaci\u00f3n: regional, recogida en el Registro de asociaciones de la Junta de Andaluc\u00eda. Inici\u00f3 su periodo constituyente en el a\u00f1o 2002, siendo legalizada en 2003. Fue un proyecto original desde el principio, pues en Espa\u00f1a no se hab\u00eda creado anteriormente una Asociaci\u00f3n sobre el personaje hist\u00f3rico de Jos\u00e9 Mar\u00eda Torrijos y Uriarte, h\u00e9roe de la Guerra de Independencia y defensor de las libertades y derechos constitucionales frente al poder absoluto del reinado de Fernando VII. Original en las formas, dedicaci\u00f3n y fines, que recogen sus estatutos, cimentando sus antecedentes en los precursores que trabajaron sobre el personaje de Torrijos en la provincia de M\u00e1laga, en las d\u00e9cadas de los a\u00f1os ochenta y noventa del siglo XX y primeros a\u00f1os del XXI.<\/span><\/strong><br><strong><span style=\"color: #000000;\">Como colectivo de recreaciones hist\u00f3ricas, es el m\u00e1s antiguo de las dedicadas al siglo XIX, en Andaluc\u00eda. En cuanto a las representaciones relativas a la Guerra de la Independencia en las que participa la Asociaci\u00f3n, la recreaci\u00f3n insignia, creada en 2007, es el \u201cRegimiento de Infanter\u00eda de M\u00e1laga\u201d, unidad titular de M\u00e1laga que, salvo un periodo de disoluci\u00f3n, tuvo vida castrense desde 1701 a 1893, siendo su historial heredado por el Regimiento Melilla en sus diferentes numeraciones, y que fue disuelto en M\u00e1laga, en 1985. Para entrar en su historial y actividades: regimientodeinfanteriademalaga.blogspot.com<\/span><\/strong><br><strong><span style=\"color: #000000;\">Correo de Contacto: asociaci\u00f3ntorrijos1831@gmail.com Tambi\u00e9n. A trav\u00e9s del mismo se solicitan las visitas concertadas al Centro de Interpretaci\u00f3n Hist\u00f3rico Jos\u00e9 Mar\u00eda Torrijos (Refectorio), en el barrio de El Perchel de M\u00e1laga. Tel\u00e9fono de contacto: 952234039. P\u00e1gina web: www.torrijos1831.com<\/span><\/strong><\/p>\n\n\n<figure class=\"wp-block-image size-large\"><img loading=\"lazy\" width=\"1024\" height=\"918\" src=\"https:\/\/www.torrijos1831.com\/wp-content\/uploads\/2025\/02\/8-20-1024x918.jpg\" alt=\"\" class=\"wp-image-6662\" srcset=\"http:\/\/www.torrijos1831.com\/wp-content\/uploads\/2025\/02\/8-20-1024x918.jpg 1024w, http:\/\/www.torrijos1831.com\/wp-content\/uploads\/2025\/02\/8-20-300x269.jpg 300w, http:\/\/www.torrijos1831.com\/wp-content\/uploads\/2025\/02\/8-20-768x689.jpg 768w, http:\/\/www.torrijos1831.com\/wp-content\/uploads\/2025\/02\/8-20-1536x1378.jpg 1536w, http:\/\/www.torrijos1831.com\/wp-content\/uploads\/2025\/02\/8-20-2048x1837.jpg 2048w\" sizes=\"(max-width: 1024px) 100vw, 1024px\" \/><\/figure>\n\n\n\n<figure class=\"wp-block-image size-large\"><img loading=\"lazy\" width=\"870\" height=\"1024\" src=\"https:\/\/www.torrijos1831.com\/wp-content\/uploads\/2025\/02\/8-21-870x1024.jpg\" alt=\"\" class=\"wp-image-6663\" srcset=\"http:\/\/www.torrijos1831.com\/wp-content\/uploads\/2025\/02\/8-21-870x1024.jpg 870w, http:\/\/www.torrijos1831.com\/wp-content\/uploads\/2025\/02\/8-21-255x300.jpg 255w, http:\/\/www.torrijos1831.com\/wp-content\/uploads\/2025\/02\/8-21-768x904.jpg 768w, http:\/\/www.torrijos1831.com\/wp-content\/uploads\/2025\/02\/8-21-1305x1536.jpg 1305w, http:\/\/www.torrijos1831.com\/wp-content\/uploads\/2025\/02\/8-21-1740x2048.jpg 1740w\" sizes=\"(max-width: 870px) 100vw, 870px\" \/><\/figure>\n\n\n\n<figure class=\"wp-block-image size-large\"><img loading=\"lazy\" width=\"805\" height=\"1024\" src=\"https:\/\/www.torrijos1831.com\/wp-content\/uploads\/2025\/02\/8-22-805x1024.png\" alt=\"\" class=\"wp-image-6665\" srcset=\"http:\/\/www.torrijos1831.com\/wp-content\/uploads\/2025\/02\/8-22-805x1024.png 805w, http:\/\/www.torrijos1831.com\/wp-content\/uploads\/2025\/02\/8-22-236x300.png 236w, http:\/\/www.torrijos1831.com\/wp-content\/uploads\/2025\/02\/8-22-768x977.png 768w, http:\/\/www.torrijos1831.com\/wp-content\/uploads\/2025\/02\/8-22-1207x1536.png 1207w, http:\/\/www.torrijos1831.com\/wp-content\/uploads\/2025\/02\/8-22-1609x2048.png 1609w, http:\/\/www.torrijos1831.com\/wp-content\/uploads\/2025\/02\/8-22.png 1745w\" sizes=\"(max-width: 805px) 100vw, 805px\" \/><\/figure>\n\n\n\n<figure class=\"wp-block-image size-large\"><img loading=\"lazy\" width=\"498\" height=\"282\" src=\"https:\/\/www.torrijos1831.com\/wp-content\/uploads\/2025\/02\/8-22-1.jpg\" alt=\"\" class=\"wp-image-6666\" srcset=\"http:\/\/www.torrijos1831.com\/wp-content\/uploads\/2025\/02\/8-22-1.jpg 498w, http:\/\/www.torrijos1831.com\/wp-content\/uploads\/2025\/02\/8-22-1-300x170.jpg 300w\" sizes=\"(max-width: 498px) 100vw, 498px\" \/><\/figure>\n\n\n\n<figure class=\"wp-block-image size-large\"><img loading=\"lazy\" width=\"1024\" height=\"669\" src=\"https:\/\/www.torrijos1831.com\/wp-content\/uploads\/2025\/02\/8-23-1024x669.png\" alt=\"\" class=\"wp-image-6667\" srcset=\"http:\/\/www.torrijos1831.com\/wp-content\/uploads\/2025\/02\/8-23-1024x669.png 1024w, http:\/\/www.torrijos1831.com\/wp-content\/uploads\/2025\/02\/8-23-300x196.png 300w, http:\/\/www.torrijos1831.com\/wp-content\/uploads\/2025\/02\/8-23-768x502.png 768w, http:\/\/www.torrijos1831.com\/wp-content\/uploads\/2025\/02\/8-23.png 1188w\" sizes=\"(max-width: 1024px) 100vw, 1024px\" \/><\/figure>\n\n\n\n<figure class=\"wp-block-image size-large\"><img loading=\"lazy\" width=\"1024\" height=\"648\" src=\"https:\/\/www.torrijos1831.com\/wp-content\/uploads\/2025\/02\/8-24-1024x648.png\" alt=\"\" class=\"wp-image-6668\" srcset=\"http:\/\/www.torrijos1831.com\/wp-content\/uploads\/2025\/02\/8-24-1024x648.png 1024w, http:\/\/www.torrijos1831.com\/wp-content\/uploads\/2025\/02\/8-24-300x190.png 300w, http:\/\/www.torrijos1831.com\/wp-content\/uploads\/2025\/02\/8-24-768x486.png 768w, http:\/\/www.torrijos1831.com\/wp-content\/uploads\/2025\/02\/8-24.png 1417w\" sizes=\"(max-width: 1024px) 100vw, 1024px\" \/><\/figure>\n\n\n\n<figure class=\"wp-block-image size-large\"><img loading=\"lazy\" width=\"1024\" height=\"658\" src=\"https:\/\/www.torrijos1831.com\/wp-content\/uploads\/2025\/02\/8-25-1024x658.png\" alt=\"\" class=\"wp-image-6669\" srcset=\"http:\/\/www.torrijos1831.com\/wp-content\/uploads\/2025\/02\/8-25-1024x658.png 1024w, http:\/\/www.torrijos1831.com\/wp-content\/uploads\/2025\/02\/8-25-300x193.png 300w, http:\/\/www.torrijos1831.com\/wp-content\/uploads\/2025\/02\/8-25-768x494.png 768w, http:\/\/www.torrijos1831.com\/wp-content\/uploads\/2025\/02\/8-25-1536x987.png 1536w, http:\/\/www.torrijos1831.com\/wp-content\/uploads\/2025\/02\/8-25.png 1741w\" sizes=\"(max-width: 1024px) 100vw, 1024px\" \/><\/figure>\n\n\n\n<figure class=\"wp-block-image size-large\"><img loading=\"lazy\" width=\"768\" height=\"576\" src=\"https:\/\/www.torrijos1831.com\/wp-content\/uploads\/2025\/02\/8-26.jpg\" alt=\"\" class=\"wp-image-6670\" srcset=\"http:\/\/www.torrijos1831.com\/wp-content\/uploads\/2025\/02\/8-26.jpg 768w, http:\/\/www.torrijos1831.com\/wp-content\/uploads\/2025\/02\/8-26-300x225.jpg 300w\" sizes=\"(max-width: 768px) 100vw, 768px\" \/><\/figure>\n\n\n\n<figure class=\"wp-block-image size-large\"><img loading=\"lazy\" width=\"969\" height=\"701\" src=\"https:\/\/www.torrijos1831.com\/wp-content\/uploads\/2025\/02\/8-26-1.png\" alt=\"\" class=\"wp-image-6671\" srcset=\"http:\/\/www.torrijos1831.com\/wp-content\/uploads\/2025\/02\/8-26-1.png 969w, http:\/\/www.torrijos1831.com\/wp-content\/uploads\/2025\/02\/8-26-1-300x217.png 300w, http:\/\/www.torrijos1831.com\/wp-content\/uploads\/2025\/02\/8-26-1-768x556.png 768w, http:\/\/www.torrijos1831.com\/wp-content\/uploads\/2025\/02\/8-26-1-510x369.png 510w\" sizes=\"(max-width: 969px) 100vw, 969px\" \/><\/figure>\n","protected":false},"excerpt":{"rendered":"<p>Asociaci\u00f3n Torrijos 1831&nbsp;&nbsp;&nbsp;&nbsp;&nbsp;&nbsp;&nbsp;&nbsp;&nbsp;&nbsp;&nbsp;&nbsp;&nbsp;&nbsp;&nbsp;&nbsp;&nbsp;&nbsp;&nbsp;&nbsp;&nbsp;&nbsp; 28\/02\/2005 En un D\u00eda de Andaluc\u00eda, como hoy, el libro \u201cDel Charc\u00f3n a la Alquer\u00eda: un camino para Torrijos\u201d, autor\u00eda de Esteban Alc\u00e1ntara Alcaide y Juan Pacheco Fern\u00e1ndez, fue presentado en la Casa de la Cultura de Alhaur\u00edn de la Torre. Ocurri\u00f3 en la tarde del 28 de febrero del a\u00f1o 2000.Promovido&#8230;<\/p>\n","protected":false},"author":1,"featured_media":6660,"comment_status":"closed","ping_status":"closed","sticky":false,"template":"","format":"standard","meta":[],"categories":[22,213],"tags":[],"_links":{"self":[{"href":"http:\/\/www.torrijos1831.com\/index.php?rest_route=\/wp\/v2\/posts\/6659"}],"collection":[{"href":"http:\/\/www.torrijos1831.com\/index.php?rest_route=\/wp\/v2\/posts"}],"about":[{"href":"http:\/\/www.torrijos1831.com\/index.php?rest_route=\/wp\/v2\/types\/post"}],"author":[{"embeddable":true,"href":"http:\/\/www.torrijos1831.com\/index.php?rest_route=\/wp\/v2\/users\/1"}],"replies":[{"embeddable":true,"href":"http:\/\/www.torrijos1831.com\/index.php?rest_route=%2Fwp%2Fv2%2Fcomments&post=6659"}],"version-history":[{"count":9,"href":"http:\/\/www.torrijos1831.com\/index.php?rest_route=\/wp\/v2\/posts\/6659\/revisions"}],"predecessor-version":[{"id":6684,"href":"http:\/\/www.torrijos1831.com\/index.php?rest_route=\/wp\/v2\/posts\/6659\/revisions\/6684"}],"wp:featuredmedia":[{"embeddable":true,"href":"http:\/\/www.torrijos1831.com\/index.php?rest_route=\/wp\/v2\/media\/6660"}],"wp:attachment":[{"href":"http:\/\/www.torrijos1831.com\/index.php?rest_route=%2Fwp%2Fv2%2Fmedia&parent=6659"}],"wp:term":[{"taxonomy":"category","embeddable":true,"href":"http:\/\/www.torrijos1831.com\/index.php?rest_route=%2Fwp%2Fv2%2Fcategories&post=6659"},{"taxonomy":"post_tag","embeddable":true,"href":"http:\/\/www.torrijos1831.com\/index.php?rest_route=%2Fwp%2Fv2%2Ftags&post=6659"}],"curies":[{"name":"wp","href":"https:\/\/api.w.org\/{rel}","templated":true}]}}