{"id":8150,"date":"2025-12-08T12:08:24","date_gmt":"2025-12-08T12:08:24","guid":{"rendered":"http:\/\/www.torrijos1831.com\/?p=8150"},"modified":"2025-12-08T12:20:45","modified_gmt":"2025-12-08T12:20:45","slug":"ofrenda-de-corona-de-laurel-en-el-hito-que-en-la-playa-de-el-charcon-litoral-de-mijas-recuerda-el-desembarco-de-torrijos-y-sus-liberales-acaecido-el-2-de-diciembre-de-1831-2","status":"publish","type":"post","link":"http:\/\/www.torrijos1831.com\/?p=8150","title":{"rendered":"Ofrenda de corona de laurel en el hito que, en la playa de El Charc\u00f3n (litoral de Mijas), recuerda el desembarco de Torrijos y sus liberales, acaecido el 2 de diciembre de 1831."},"content":{"rendered":"<p style=\"text-align: justify;\"><strong><span style=\"color: #000000;\">Asociaci\u00f3n Torrijos 1831&nbsp; &nbsp; &nbsp; &nbsp; &nbsp; &nbsp; &nbsp; &nbsp; &nbsp; &nbsp; &nbsp; &nbsp;08\/12\/2025<\/span><\/strong><\/p>\n<p style=\"text-align: justify;\"><strong><span style=\"color: #000000;\">Tras la recreaci\u00f3n hist\u00f3rica realizada por los integrantes de las asociaciones Torrijos 1831 y Manzanares. Estepona 1831, en la playa de El Charc\u00f3n, el pasado 6 de diciembre, evocando el desembarco hist\u00f3rico realizado por el general Torrijos y sus compa\u00f1eros; los presidentes de ambos colectivos, Esteban Alc\u00e1ntara y Juan Baz\u00e1n. Acompa\u00f1ados de el concejala de Cultura del Ayuntamiento de Mijas, Juan Carlos Maldonado Est\u00e9vez, procedieron a realizar la colocaci\u00f3n de una corona en el monolito que, en la playa, lindando con la conocida e hist\u00f3rica charca, conmemora la gesta. Siguieron unas palabras del presidente de la Asociaci\u00f3n Torrijos 1831, que fueron respondidas por entusiastas \u00a1Vivas\u2026! de los componentes de ambos colectivos. Varios fot\u00f3grafos y la c\u00e1mara de televisi\u00f3n de la 3-40, grabaron y entrevistaron a los protagonistas del desembarco.<\/span><\/strong><\/p>\n<p style=\"text-align: justify;\"><span style=\"color: #800000;\"><strong>El hito que se\u00f1ala el desembarco.<\/strong><\/span><\/p>\n<p style=\"text-align: justify;\"><strong><span style=\"color: #000000;\">En 2011, a petici\u00f3n de la Asociaci\u00f3n Torrijos 1831, el Ayuntamiento de Mijas coloc\u00f3 un hito que se\u00f1ala el suceso acaecido en la playa de \u201cEl Charc\u00f3n\u201d d\u00eda 2 de diciembre de 1831, con el desembarco de Torrijos y sus liberales. Un logro m\u00e1s, en los fines recogidos en nuestros estatutos, en 2002, siempre en un caminar altruista, de dedicaci\u00f3n y labor cultural en pro de la historia de nuestro pa\u00eds.<\/span><\/strong><\/p>\n<p style=\"text-align: justify;\"><span style=\"color: #800000;\"><strong>Datos de la Asociaci\u00f3n Hist\u00f3rico Cultural Torrijos 1831.<\/strong><\/span><\/p>\n<p style=\"text-align: justify;\"><strong><span style=\"color: #000000;\">Tipo de Asociaci\u00f3n: cultural, dedicada a la investigaci\u00f3n hist\u00f3rica, y recreadora en sus actuaciones en p\u00fablico para exponer los hechos que representa. \u00c1mbito de actuaci\u00f3n: regional, recogida en el Registro de asociaciones la Junta de Andaluc\u00eda. Inici\u00f3 su periodo constituyente en el a\u00f1o 2002, siendo legalizada en 2003. Fue un proyecto original desde el principio, pues en Espa\u00f1a no se hab\u00eda creado anteriormente una Asociaci\u00f3n sobre el personaje hist\u00f3rico de Jos\u00e9 Mar\u00eda Torrijos y Uriarte, h\u00e9roe de la Guerra de Independencia y defensor de las libertades y derechos constitucionales frente al poder absoluto del reinado de Fernando VII. Original en las formas, dedicaci\u00f3n y fines, que recogen sus estatutos, cimentando sus antecedentes en los precursores que trabajaron sobre el personaje de Torrijos en la provincia de M\u00e1laga, en las d\u00e9cadas de los a\u00f1os ochenta y noventa del siglo XX y primeros a\u00f1os del XXI.<\/span><\/strong><br><strong><span style=\"color: #000000;\">Como colectivo de recreaciones hist\u00f3ricas, es el m\u00e1s antiguo de las dedicadas al siglo XIX, en Andaluc\u00eda. En cuanto a las representaciones relativas a la Guerra de la Independencia en las que participa la Asociaci\u00f3n, la recreaci\u00f3n insignia, creada en 2007, es el \u201cRegimiento de Infanter\u00eda de M\u00e1laga\u201d, unidad titular de M\u00e1laga, que salvo un periodo de disoluci\u00f3n, tuvo vida castrense desde 1701 a 1893, siendo su historial heredado por el Regimiento Melilla en sus diferentes numeraciones, y que fue disuelto en M\u00e1laga, en 1985. Para entrar en su historial y actividades: regimientodeinfanteriademalaga.blogspot.com<\/span><\/strong><br><strong><span style=\"color: #000000;\">Correo de Contacto: asociaci\u00f3ntorrijos1831@gmail.com Tambi\u00e9n, a trav\u00e9s de este correo se pueden solicitar visitas concertadas al Centro de Interpretaci\u00f3n Hist\u00f3rico Jos\u00e9 Mar\u00eda Torrijos (Refectorio), en el barrio de El Perchel de M\u00e1laga. Tel\u00e9fono de contacto: 952234039. P\u00e1gina web: www.torrijos1831.com <\/span><\/strong><\/p>\n<p style=\"text-align: justify;\"><strong><span style=\"color: #000000;\">Fotograf\u00edas: Paco Selva.<\/span><\/strong><\/p>\n\n\n<figure class=\"wp-block-image size-large\"><img loading=\"lazy\" width=\"1024\" height=\"683\" src=\"https:\/\/www.torrijos1831.com\/wp-content\/uploads\/2025\/12\/80-91-1024x683.jpg\" alt=\"\" class=\"wp-image-8151\" srcset=\"http:\/\/www.torrijos1831.com\/wp-content\/uploads\/2025\/12\/80-91-1024x683.jpg 1024w, http:\/\/www.torrijos1831.com\/wp-content\/uploads\/2025\/12\/80-91-300x200.jpg 300w, http:\/\/www.torrijos1831.com\/wp-content\/uploads\/2025\/12\/80-91-768x512.jpg 768w, http:\/\/www.torrijos1831.com\/wp-content\/uploads\/2025\/12\/80-91-1536x1024.jpg 1536w, http:\/\/www.torrijos1831.com\/wp-content\/uploads\/2025\/12\/80-91-2048x1365.jpg 2048w\" sizes=\"(max-width: 1024px) 100vw, 1024px\" \/><\/figure>\n\n\n\n<figure class=\"wp-block-image size-large\"><img loading=\"lazy\" width=\"1024\" height=\"683\" src=\"https:\/\/www.torrijos1831.com\/wp-content\/uploads\/2025\/12\/80-92-1024x683.jpg\" alt=\"\" class=\"wp-image-8152\" srcset=\"http:\/\/www.torrijos1831.com\/wp-content\/uploads\/2025\/12\/80-92-1024x683.jpg 1024w, http:\/\/www.torrijos1831.com\/wp-content\/uploads\/2025\/12\/80-92-300x200.jpg 300w, http:\/\/www.torrijos1831.com\/wp-content\/uploads\/2025\/12\/80-92-768x512.jpg 768w, http:\/\/www.torrijos1831.com\/wp-content\/uploads\/2025\/12\/80-92-1536x1024.jpg 1536w, http:\/\/www.torrijos1831.com\/wp-content\/uploads\/2025\/12\/80-92-2048x1365.jpg 2048w\" sizes=\"(max-width: 1024px) 100vw, 1024px\" \/><\/figure>\n\n\n\n<figure class=\"wp-block-image size-large\"><img loading=\"lazy\" width=\"1024\" height=\"667\" src=\"https:\/\/www.torrijos1831.com\/wp-content\/uploads\/2025\/12\/80-93-1-1024x667.jpg\" alt=\"\" class=\"wp-image-8156\" srcset=\"http:\/\/www.torrijos1831.com\/wp-content\/uploads\/2025\/12\/80-93-1-1024x667.jpg 1024w, http:\/\/www.torrijos1831.com\/wp-content\/uploads\/2025\/12\/80-93-1-300x195.jpg 300w, http:\/\/www.torrijos1831.com\/wp-content\/uploads\/2025\/12\/80-93-1-768x500.jpg 768w, http:\/\/www.torrijos1831.com\/wp-content\/uploads\/2025\/12\/80-93-1-1536x1000.jpg 1536w, http:\/\/www.torrijos1831.com\/wp-content\/uploads\/2025\/12\/80-93-1-2048x1333.jpg 2048w\" sizes=\"(max-width: 1024px) 100vw, 1024px\" \/><\/figure>\n\n\n\n<figure class=\"wp-block-image size-large\"><img loading=\"lazy\" width=\"1024\" height=\"685\" src=\"https:\/\/www.torrijos1831.com\/wp-content\/uploads\/2025\/12\/80-95-1-1024x685.jpg\" alt=\"\" class=\"wp-image-8157\" srcset=\"http:\/\/www.torrijos1831.com\/wp-content\/uploads\/2025\/12\/80-95-1-1024x685.jpg 1024w, http:\/\/www.torrijos1831.com\/wp-content\/uploads\/2025\/12\/80-95-1-300x201.jpg 300w, http:\/\/www.torrijos1831.com\/wp-content\/uploads\/2025\/12\/80-95-1-768x514.jpg 768w, http:\/\/www.torrijos1831.com\/wp-content\/uploads\/2025\/12\/80-95-1-1536x1028.jpg 1536w, http:\/\/www.torrijos1831.com\/wp-content\/uploads\/2025\/12\/80-95-1-2048x1370.jpg 2048w\" sizes=\"(max-width: 1024px) 100vw, 1024px\" \/><\/figure>\n","protected":false},"excerpt":{"rendered":"<p>Asociaci\u00f3n Torrijos 1831&nbsp; &nbsp; &nbsp; &nbsp; &nbsp; &nbsp; &nbsp; &nbsp; &nbsp; &nbsp; &nbsp; &nbsp;08\/12\/2025 Tras la recreaci\u00f3n hist\u00f3rica realizada por los integrantes de las asociaciones Torrijos 1831 y Manzanares. Estepona 1831, en la playa de El Charc\u00f3n, el pasado 6 de diciembre, evocando el desembarco hist\u00f3rico realizado por el general Torrijos y sus compa\u00f1eros; los&#8230;<\/p>\n","protected":false},"author":1,"featured_media":8158,"comment_status":"closed","ping_status":"closed","sticky":false,"template":"","format":"standard","meta":[],"categories":[147,213],"tags":[],"_links":{"self":[{"href":"http:\/\/www.torrijos1831.com\/index.php?rest_route=\/wp\/v2\/posts\/8150"}],"collection":[{"href":"http:\/\/www.torrijos1831.com\/index.php?rest_route=\/wp\/v2\/posts"}],"about":[{"href":"http:\/\/www.torrijos1831.com\/index.php?rest_route=\/wp\/v2\/types\/post"}],"author":[{"embeddable":true,"href":"http:\/\/www.torrijos1831.com\/index.php?rest_route=\/wp\/v2\/users\/1"}],"replies":[{"embeddable":true,"href":"http:\/\/www.torrijos1831.com\/index.php?rest_route=%2Fwp%2Fv2%2Fcomments&post=8150"}],"version-history":[{"count":2,"href":"http:\/\/www.torrijos1831.com\/index.php?rest_route=\/wp\/v2\/posts\/8150\/revisions"}],"predecessor-version":[{"id":8166,"href":"http:\/\/www.torrijos1831.com\/index.php?rest_route=\/wp\/v2\/posts\/8150\/revisions\/8166"}],"wp:featuredmedia":[{"embeddable":true,"href":"http:\/\/www.torrijos1831.com\/index.php?rest_route=\/wp\/v2\/media\/8158"}],"wp:attachment":[{"href":"http:\/\/www.torrijos1831.com\/index.php?rest_route=%2Fwp%2Fv2%2Fmedia&parent=8150"}],"wp:term":[{"taxonomy":"category","embeddable":true,"href":"http:\/\/www.torrijos1831.com\/index.php?rest_route=%2Fwp%2Fv2%2Fcategories&post=8150"},{"taxonomy":"post_tag","embeddable":true,"href":"http:\/\/www.torrijos1831.com\/index.php?rest_route=%2Fwp%2Fv2%2Ftags&post=8150"}],"curies":[{"name":"wp","href":"https:\/\/api.w.org\/{rel}","templated":true}]}}