{"id":8181,"date":"2025-12-08T18:00:30","date_gmt":"2025-12-08T18:00:30","guid":{"rendered":"http:\/\/www.torrijos1831.com\/?p=8181"},"modified":"2025-12-08T18:02:51","modified_gmt":"2025-12-08T18:02:51","slug":"ofrenda-de-corona-y-recitacion-de-poemas-a-la-memoria-del-general-torrijos-y-sus-companeros-en-las-ruinas-de-la-antigua-alqueria-de-mollina-barriada-de-torrealqueria-alhaurin-de-la-torre","status":"publish","type":"post","link":"http:\/\/www.torrijos1831.com\/?p=8181","title":{"rendered":"Ofrenda de corona y recitaci\u00f3n de poemas a la memoria del general Torrijos y sus compa\u00f1eros, en las ruinas de la antigua Alquer\u00eda de Mollina (barriada de Torrealquer\u00eda, Alhaur\u00edn de la Torre)."},"content":{"rendered":"<p style=\"text-align: justify;\"><strong><span style=\"color: #000000;\">Asociaci\u00f3n Torrijos 1831&nbsp; &nbsp; &nbsp; &nbsp; &nbsp; &nbsp; &nbsp; &nbsp; &nbsp; &nbsp;08\/10\/2025<\/span><\/strong><\/p>\n<p style=\"text-align: justify;\"><strong><span style=\"color: #000000;\">El teniente de alcalde de Alhaur\u00edn de la Torre, Manuel L\u00f3pez Mestanza, los presidentes de las asociaciones, Torrijos 1831, \u201cManzanares. Estepona 1831\u201d y \u201cAmor y sangre en la sierra\u201d, de Grazalema, as\u00ed como la presidenta de la Asociaci\u00f3n de Vecinos de Torrealquer\u00eda, y una ni\u00f1a presente en el acto; colocaron una corona de laurel en el muro principal que queda de la antigua Alquer\u00eda de Mollina, en ofrenda a la memoria del general Torrijos y sus compa\u00f1eros, que cayeron por defender para nuestro pa\u00eds un sistema de derechos y libertades basado en las garant\u00edas que otorgaba la Constituci\u00f3n de 1812, un orden legal m\u00e1s igualitario, m\u00e1s justo, y sin el estado de los privilegiados que durante siglos hab\u00eda dominado el pa\u00eds, con el a\u00f1adido de un fin novedoso para la \u00e9poca que relatamos: hacer llegar la democracia al pueblo.<\/span><\/strong><br><strong><span style=\"color: #000000;\">Para glosar el momento, recitaron bellos poemas, Juan Gavil\u00e1n y Mari \u00c1ngeles Mostazo.<\/span><\/strong><\/p>\n<p style=\"text-align: justify;\"><span style=\"color: #800000;\"><strong>La reconstrucci\u00f3n de la antigua Alquer\u00eda de Mollina, la gran asignatura pendiente de Alhaur\u00edn de la Torre.<\/strong><\/span><\/p>\n<p style=\"text-align: justify;\"><strong><span style=\"color: #000000;\">Desde 1971, la historia del edificio que conform\u00f3 la antigua Alquer\u00eda de Mollina es un relato intermitente de da\u00f1os, ensa\u00f1amientos y abandonos eternos, y tambi\u00e9n, desde 2002, una defensa constante de la Asociaci\u00f3n Torrijos 1831, por una recuperaci\u00f3n necesaria de lo que es el \u00faltimo objetivo que queda por recuperar en la provincia de de M\u00e1laga, en cuanto a la memoria hist\u00f3rica del general Torrijos y sus compa\u00f1eros de infortunio. Una perseverancia valiente de David frente a varios Goliat, un objetivo irrenunciable recogido en los estatutos del colectivo, con un \u00fanico fin: que Alhaur\u00edn de la Torre recupere el edificio donde sucedi\u00f3 el \u00fanico hecho hist\u00f3rico ocurrido en su t\u00e9rmino municipal.<\/span><\/strong><\/p>\n<p style=\"text-align: justify;\"><span style=\"color: #800000;\"><strong>Dif\u00edcilmente se podr\u00e1 encontrar en la provincia de M\u00e1laga un edificio hist\u00f3rico con tantos da\u00f1os padecidos en los \u00faltimos cincuenta y cuatro a\u00f1os.<\/strong><\/span><\/p>\n<p style=\"text-align: justify;\"><strong><span style=\"color: #000000;\">Los da\u00f1os han sido de todo tipo, incomprensibles para aquellos que valoran la historia. En 1971, la Alquer\u00eda fue echada abajo por personas que ignoraron su valor hist\u00f3rico. Lamentablemente, nadie la defendi\u00f3, qued\u00e1ndose Alhaur\u00edn de la Torre sin su edificio hist\u00f3rico m\u00e1s emblem\u00e1tico, que adem\u00e1s tiene trascendencia en nuestra historia nacional, al ser referente en la defensa de las libertades y derechos en nuestro pa\u00eds. As\u00ed, la Alquer\u00eda fue esquilmada de sus grandes vigas de madera, del sal\u00f3n de la gran chimenea donde pasaron la \u00faltima noche en vela los jefes liberales mientras decid\u00edan qu\u00e9 opci\u00f3n tomar al d\u00eda siguiente, de sus m\u00e1rmoles, rejas y balcones, de su hist\u00f3rica puerta de madera, de su tejer\u00eda. A principio de los a\u00f1os ochenta, una m\u00e1quina de demolici\u00f3n se emple\u00f3 a fondo con golpes contra la torre musulmana, esquilm\u00e1ndola de los sillares de su esquina norte. De haber seguido operando, toda la torre hubiera sido echada abajo en ese mismo d\u00eda, pero un grupo de vecinos de Torrealquer\u00eda reclam\u00f3 la intervenci\u00f3n directa del profesor cordob\u00e9s de Historia Contempor\u00e1nea, de la Universidad de M\u00e1laga, Fernando Arcas Cubero. En ese d\u00eda, Arcas y los vecinos, lograron impedir la desaparici\u00f3n de la torre. Por ese tiempo, destaca tambi\u00e9n en la defensa de las ruinas, el maestro Carlos Mayorga, que proced\u00eda de la zona del levante espa\u00f1ol. \u00c9l recuper\u00f3 en C\u00e1rtama la emblem\u00e1tica la placa de m\u00e1rmol (estaba troceada), que en su d\u00eda puso la Sociedad Excursionista de M\u00e1laga (1913), reparada por el duque de Aveyro (1919). Gracias a esa decidida intervenci\u00f3n particular, hoy la placa se encuentra en la plaza principal de Torrealquer\u00eda. Sin embargo, al pertenecer en los a\u00f1os ochenta a una entidad privada, en la colina de la Alquer\u00eda de Mollina no cesaron de hacerse modificaciones en su solar, como el centenar de altos postes de madera instalados en 1988, enlazados en la parte superior con cables, que se instalaron rodeando las ruinas, todo un pasmo para las persona que sent\u00edan la Historia, como fue el caso del catedr\u00e1tico granadino de la Universidad de M\u00e1laga, Antonio Nadal, que se dirigi\u00f3 por carta al Ayuntamiento de Alhaur\u00edn de la Torre, en estos t\u00e9rminos: \u201c\u2026, la posible alteraci\u00f3n espacial de la Alquer\u00eda del conde de Mollina supone un grave perjuicio para el ya esquilmado patrimonio hist\u00f3rico de M\u00e1laga\u2026, todo lo que rodea al general Torrijos representa una de las se\u00f1as de identidad m\u00e1s preciosas de nuestra historia\u201d. Esta carta hizo que el Ayuntamiento de Alhaur\u00edn de la Torre emitiera un decreto de car\u00e1cter urgente que paraliz\u00f3 lo movimientos de tierra y las estructuras de cemento. Sin embargo, a finales de 2003, de nuevo las m\u00e1quinas operaron sobre la Alquer\u00eda, arrojando sobre ella toneladas de tierras que taparon sus demolidos muros, e hicieron invisibles ya, para el visitante las dimensiones antiguas del cortijo. De todo esto, la Asociaci\u00f3n Torrijos 1831, que s\u00f3lo llevaba entonces un a\u00f1o de vida, dio parte a Patrimonio, pero los resto han continuado sepultados hasta el d\u00eda de hoy. Para que fueran subsanados estos da\u00f1os en la antigua Alquer\u00eda de Mollina, la Asociaci\u00f3n Torrijos 1831 colabor\u00f3 con sus planteamientos y exposiciones hist\u00f3ricas, en un proyecto de alcance elaborado por el Consistorio en 2006, para la reconstrucci\u00f3n completa de la Alquer\u00eda de Mollina, un logro que permitiera una oferta de turismo hist\u00f3rico-cultural, singular respecto a otras opciones del resto del Valle del Guadalhorce. Este proyecto, que fue aprobado en Pleno hace diecinueve a\u00f1os, no se ha realizado, ni al d\u00eda de hoy tiene visos de comenzar. Y mientras, cada a\u00f1o que pasa, se puede comprobar, c\u00f3mo van desapareciendo restos de este muro emblem\u00e1tico de la defensa de las libertades, piedras de aquella esquina\u2026, derrumbes de marcos de antiguas puertas que se antojan ya m\u00e1s como figuras fantasmag\u00f3ricas\u2026<\/span><\/strong><\/p>\n<p style=\"text-align: justify;\"><span style=\"color: #800000;\"><strong>Datos de la Asociaci\u00f3n Hist\u00f3rico Cultural Torrijos 1831.<\/strong><\/span><\/p>\n<p style=\"text-align: justify;\"><strong><span style=\"color: #000000;\">Tipo de Asociaci\u00f3n: cultural, dedicada a la investigaci\u00f3n hist\u00f3rica, y recreadora en sus actuaciones en p\u00fablico para exponer los hechos que representa. \u00c1mbito de actuaci\u00f3n: regional, recogida en el Registro de asociaciones la Junta de Andaluc\u00eda. Inici\u00f3 su periodo constituyente en el a\u00f1o 2002, siendo legalizada en 2003. Fue un proyecto original desde el principio, pues en Espa\u00f1a no se hab\u00eda creado anteriormente una Asociaci\u00f3n sobre el personaje hist\u00f3rico de Jos\u00e9 Mar\u00eda Torrijos y Uriarte, h\u00e9roe de la Guerra de Independencia y defensor de las libertades y derechos constitucionales frente al poder absoluto del reinado de Fernando VII. Original en las formas, dedicaci\u00f3n y fines, que recogen sus estatutos, cimentando sus antecedentes en los precursores que trabajaron sobre el personaje de Torrijos en la provincia de M\u00e1laga, en las d\u00e9cadas de los a\u00f1os ochenta y noventa del siglo XX y primeros a\u00f1os del XXI.<\/span><\/strong><br><strong><span style=\"color: #000000;\">Como colectivo de recreaciones hist\u00f3ricas, es el m\u00e1s antiguo de las dedicadas al siglo XIX, en Andaluc\u00eda. En cuanto a las representaciones relativas a la Guerra de la Independencia en las que participa la Asociaci\u00f3n, la recreaci\u00f3n insignia, creada en 2007, es el \u201cRegimiento de Infanter\u00eda de M\u00e1laga\u201d, unidad titular de M\u00e1laga, que salvo un periodo de disoluci\u00f3n, tuvo vida castrense desde 1701 a 1893, siendo su historial heredado por el Regimiento Melilla en sus diferentes numeraciones, y que fue disuelto en M\u00e1laga, en 1985. Para entrar en su historial y actividades: regimientodeinfanteriademalaga.blogspot.com<\/span><\/strong><br><strong><span style=\"color: #000000;\">Correo de Contacto: asociaci\u00f3ntorrijos1831@gmail.com Tambi\u00e9n, a trav\u00e9s de este correo se pueden solicitar visitas concertadas al Centro de Interpretaci\u00f3n Hist\u00f3rico Jos\u00e9 Mar\u00eda Torrijos (Refectorio), en el barrio de El Perchel de M\u00e1laga. Tel\u00e9fono de contacto: 952234039. P\u00e1gina web: www.torrijos1831.com<\/span><\/strong><\/p>\n<p style=\"text-align: justify;\"><strong><span style=\"color: #000000;\">Fotograf\u00edas: Paco Selva.<\/span><\/strong><\/p>\n\n\n<figure class=\"wp-block-image size-large\"><img loading=\"lazy\" width=\"1024\" height=\"656\" src=\"https:\/\/www.torrijos1831.com\/wp-content\/uploads\/2025\/12\/81-53-2-1024x656.jpeg\" alt=\"\" class=\"wp-image-8182\" srcset=\"http:\/\/www.torrijos1831.com\/wp-content\/uploads\/2025\/12\/81-53-2-1024x656.jpeg 1024w, http:\/\/www.torrijos1831.com\/wp-content\/uploads\/2025\/12\/81-53-2-300x192.jpeg 300w, http:\/\/www.torrijos1831.com\/wp-content\/uploads\/2025\/12\/81-53-2-768x492.jpeg 768w, http:\/\/www.torrijos1831.com\/wp-content\/uploads\/2025\/12\/81-53-2.jpeg 1252w\" sizes=\"(max-width: 1024px) 100vw, 1024px\" \/><\/figure>\n\n\n\n<figure class=\"wp-block-image size-large\"><img loading=\"lazy\" width=\"1024\" height=\"682\" src=\"https:\/\/www.torrijos1831.com\/wp-content\/uploads\/2025\/12\/81-54-1024x682.jpeg\" alt=\"\" class=\"wp-image-8183\" srcset=\"http:\/\/www.torrijos1831.com\/wp-content\/uploads\/2025\/12\/81-54-1024x682.jpeg 1024w, http:\/\/www.torrijos1831.com\/wp-content\/uploads\/2025\/12\/81-54-300x200.jpeg 300w, http:\/\/www.torrijos1831.com\/wp-content\/uploads\/2025\/12\/81-54-768x512.jpeg 768w, http:\/\/www.torrijos1831.com\/wp-content\/uploads\/2025\/12\/81-54-1536x1023.jpeg 1536w, http:\/\/www.torrijos1831.com\/wp-content\/uploads\/2025\/12\/81-54.jpeg 1600w\" sizes=\"(max-width: 1024px) 100vw, 1024px\" \/><\/figure>\n\n\n\n<figure class=\"wp-block-image size-large\"><img loading=\"lazy\" width=\"1024\" height=\"682\" src=\"https:\/\/www.torrijos1831.com\/wp-content\/uploads\/2025\/12\/81-55-1024x682.jpeg\" alt=\"\" class=\"wp-image-8184\" srcset=\"http:\/\/www.torrijos1831.com\/wp-content\/uploads\/2025\/12\/81-55-1024x682.jpeg 1024w, http:\/\/www.torrijos1831.com\/wp-content\/uploads\/2025\/12\/81-55-300x200.jpeg 300w, http:\/\/www.torrijos1831.com\/wp-content\/uploads\/2025\/12\/81-55-768x512.jpeg 768w, http:\/\/www.torrijos1831.com\/wp-content\/uploads\/2025\/12\/81-55-1536x1023.jpeg 1536w, http:\/\/www.torrijos1831.com\/wp-content\/uploads\/2025\/12\/81-55.jpeg 1600w\" sizes=\"(max-width: 1024px) 100vw, 1024px\" \/><\/figure>\n\n\n\n<figure class=\"wp-block-image size-large\"><img loading=\"lazy\" width=\"1024\" height=\"768\" src=\"https:\/\/www.torrijos1831.com\/wp-content\/uploads\/2025\/12\/81-56-1024x768.jpg\" alt=\"\" class=\"wp-image-8185\" srcset=\"http:\/\/www.torrijos1831.com\/wp-content\/uploads\/2025\/12\/81-56-1024x768.jpg 1024w, http:\/\/www.torrijos1831.com\/wp-content\/uploads\/2025\/12\/81-56-300x225.jpg 300w, http:\/\/www.torrijos1831.com\/wp-content\/uploads\/2025\/12\/81-56-768x576.jpg 768w, http:\/\/www.torrijos1831.com\/wp-content\/uploads\/2025\/12\/81-56-1536x1152.jpg 1536w, http:\/\/www.torrijos1831.com\/wp-content\/uploads\/2025\/12\/81-56-2048x1536.jpg 2048w\" sizes=\"(max-width: 1024px) 100vw, 1024px\" \/><\/figure>\n","protected":false},"excerpt":{"rendered":"<p>Asociaci\u00f3n Torrijos 1831&nbsp; &nbsp; &nbsp; &nbsp; &nbsp; &nbsp; &nbsp; &nbsp; &nbsp; &nbsp;08\/10\/2025 El teniente de alcalde de Alhaur\u00edn de la Torre, Manuel L\u00f3pez Mestanza, los presidentes de las asociaciones, Torrijos 1831, \u201cManzanares. Estepona 1831\u201d y \u201cAmor y sangre en la sierra\u201d, de Grazalema, as\u00ed como la presidenta de la Asociaci\u00f3n de Vecinos de Torrealquer\u00eda, y&#8230;<\/p>\n","protected":false},"author":1,"featured_media":8186,"comment_status":"closed","ping_status":"closed","sticky":false,"template":"","format":"standard","meta":[],"categories":[147,213],"tags":[],"_links":{"self":[{"href":"http:\/\/www.torrijos1831.com\/index.php?rest_route=\/wp\/v2\/posts\/8181"}],"collection":[{"href":"http:\/\/www.torrijos1831.com\/index.php?rest_route=\/wp\/v2\/posts"}],"about":[{"href":"http:\/\/www.torrijos1831.com\/index.php?rest_route=\/wp\/v2\/types\/post"}],"author":[{"embeddable":true,"href":"http:\/\/www.torrijos1831.com\/index.php?rest_route=\/wp\/v2\/users\/1"}],"replies":[{"embeddable":true,"href":"http:\/\/www.torrijos1831.com\/index.php?rest_route=%2Fwp%2Fv2%2Fcomments&post=8181"}],"version-history":[{"count":3,"href":"http:\/\/www.torrijos1831.com\/index.php?rest_route=\/wp\/v2\/posts\/8181\/revisions"}],"predecessor-version":[{"id":8189,"href":"http:\/\/www.torrijos1831.com\/index.php?rest_route=\/wp\/v2\/posts\/8181\/revisions\/8189"}],"wp:featuredmedia":[{"embeddable":true,"href":"http:\/\/www.torrijos1831.com\/index.php?rest_route=\/wp\/v2\/media\/8186"}],"wp:attachment":[{"href":"http:\/\/www.torrijos1831.com\/index.php?rest_route=%2Fwp%2Fv2%2Fmedia&parent=8181"}],"wp:term":[{"taxonomy":"category","embeddable":true,"href":"http:\/\/www.torrijos1831.com\/index.php?rest_route=%2Fwp%2Fv2%2Fcategories&post=8181"},{"taxonomy":"post_tag","embeddable":true,"href":"http:\/\/www.torrijos1831.com\/index.php?rest_route=%2Fwp%2Fv2%2Ftags&post=8181"}],"curies":[{"name":"wp","href":"https:\/\/api.w.org\/{rel}","templated":true}]}}