{"id":8190,"date":"2025-12-08T18:23:09","date_gmt":"2025-12-08T18:23:09","guid":{"rendered":"http:\/\/www.torrijos1831.com\/?p=8190"},"modified":"2025-12-09T16:36:59","modified_gmt":"2025-12-09T16:36:59","slug":"xxiv-recreacion-de-la-cuerda-de-presos-en-las-ruinas-de-la-antigua-alqueria-de-mollina-torrealqueria-decana-de-las-recreaciones-historicas-en-andalucia-cuya-denominacion-y-puesta","status":"publish","type":"post","link":"http:\/\/www.torrijos1831.com\/?p=8190","title":{"rendered":"XXIV Recreaci\u00f3n de la \u201cCuerda de presos\u201d en las ruinas de la antigua Alquer\u00eda de Mollina (Torrealquer\u00eda), decana de las recreaciones hist\u00f3ricas en Andaluc\u00eda, cuya denominaci\u00f3n y puesta en escena forma parte del acervo cultural y capacidad creativa de la Asociaci\u00f3n Torrijos 1831, desde 2002."},"content":{"rendered":"<p style=\"text-align: justify;\"><strong><span style=\"color: #000000;\">Asociaci\u00f3n Torrijos 1831.\u00a0 \u00a0 \u00a0 \u00a0 \u00a0 \u00a0 \u00a0 \u00a0 \u00a0 \u00a0 \u00a0 08\/12\/2025<\/span><\/strong><\/p>\n<p style=\"text-align: justify;\"><strong><span style=\"color: #000000;\">\u201cAqu\u00ed, en Alhaur\u00edn de la Torre, somos cuarenta y nueve los detenidos\u2026<\/span><\/strong><br \/><strong><span style=\"color: #000000;\">Puede que en Ronda y su serran\u00eda sean m\u00e1s de sesenta, y en Granada, quiz\u00e1s pasen el centenar&#8230;<\/span><\/strong><br \/><strong><span style=\"color: #000000;\">La represi\u00f3n absolutista est\u00e1 siendo implacable para aquel que sue\u00f1e con el ideal de un r\u00e9gimen constitucional para nuestro pa\u00eds, en este adverso y desgraciado 1831.<\/span><\/strong><br \/><strong><span style=\"color: #000000;\">Es posible que en Espa\u00f1a muchos pierdan su libertad\u2026, y no pocos la propia vida.<\/span><\/strong><br \/><strong><span style=\"color: #000000;\">Medio pa\u00eds atado por la ferocidad y el atraso de la otra mitad, s\u00f3lo por creer en las libertades y derechos constitucionales nacidos en 1812.<\/span><\/strong><br \/><strong><span style=\"color: #000000;\">Los que ven natural vivir sin derechos, vociferan por cualquier lugar, el envilecido \u201c\u00a1Vivan las caenas!\u201d. Son los mismos que hace ocho a\u00f1os rompieron las l\u00e1pidas de las plazas principales de ciudades y pueblos de Espa\u00f1a, dedicadas a nuestra Constituci\u00f3n gaditana. De esa forma ejercieron su bravura, su valor\u2026 Valent\u00eda que sostuvieron gracias a un poderoso ej\u00e9rcito franc\u00e9s al que los mismos absolutistas llamaron para intervenir a su favor\u2026 \u00a1Qu\u00e9 c\u00ednicos patriotas!, que tuvieron que recurrir a tropas extranjeras, venidas de fuera de nuestras fronteras para doblegarnos en nuestros derechos, y encima, nuestro pueblo cargado de penalidades, tuvo que pagar con sus medios a 25.000 de ellos, como fuerza de ocupaci\u00f3n de nuestro solar patrio, durante cinco interminables a\u00f1os. Recuerdo como, a finales de 1823, los absolutistas arrastraron con escarnio los trozos de las placas constitucionales, y los dispersaron como si fueran basura. Cuanto odio hacia unas letras grabadas sobre piedra, que s\u00f3lo representaban libertades y garant\u00edas para seres humanos, para los espa\u00f1oles&#8230;<\/span><\/strong><br \/><strong><span style=\"color: #000000;\">Esos s\u00fabditos absolutistas engre\u00eddos en su condici\u00f3n de vasallos, son los que ahora maniatan por doquier a los que anhelamos ser ciudadanos\u2026<\/span><\/strong><br \/><strong><span style=\"color: #000000;\">\u00a1Qu\u00e9 desprop\u00f3sito, y qu\u00e9 atraso!, \u00a1Tardaremos d\u00e9cadas, o m\u00e1s, en recuperar un tiempo precioso en este turbulento siglo XIX, para mejorar nuestro pa\u00eds en todo, en la econom\u00eda, en las mentalidades, en las relaciones entre espa\u00f1oles, en la pol\u00edtica, en los recursos\u2026 Y lo peor, no se podr\u00e1 olvidar el martirio y da\u00f1o hecho a tantos hermanos, ni los cadalsos cubiertos de negras parafernalias, levantados para acabar con tantos inocentes! Una fractura que llamar\u00e1 a otras, y a otras mayores a\u00fan\u2026 Adivino enfrentamientos intermitentes y dominados por la ira, sin fin en nuestra historia, adobados por una mentalidad guerracivilista nacida, precisamente, en esta terrible \u201cD\u00e9cada Ominosa\u201d, que perdurar\u00e1 durante siglos, como una fat\u00eddica herencia que da\u00f1ar\u00e1 a nuestra convivencia c\u00edvica\u2026, con los desfavorecidos enfrentados a los aferrados a los privilegios del pasado.<\/span><\/strong><br \/><strong><span style=\"color: #000000;\">\u00bfD\u00f3nde qued\u00f3 la sabidur\u00eda, el uso de la raz\u00f3n, la l\u00f3gica que nos ense\u00f1aron los fil\u00f3sofos griegos y los humanistas, o la conciencia emanada del siglo de las luces, la Ilustraci\u00f3n y el saber de la Enciclopedia\u2026?<\/span><\/strong><br \/><strong><span style=\"color: #000000;\">En aquella tr\u00e1gica ma\u00f1ana del 5 de diciembre de 1831, las esperanzas para la recuperaci\u00f3n de las libertades individuales y colectivas, las luces esperanzadoras de los derechos\u2026; se apagaron para Espa\u00f1a en una alquer\u00eda perdida en los campos de Alhaur\u00edn de la Torre, situada en la falda oeste de la sierra de la Llana, extendi\u00e9ndose la oscuridad por nuestro pa\u00eds\u201d.<\/span><\/strong><\/p>\n<p style=\"text-align: justify;\"><span style=\"color: #800000;\"><strong>XXIV recreaci\u00f3n hist\u00f3rica de la \u201cCuerda de presos\u201d.<\/strong><\/span><\/p>\n<p style=\"text-align: justify;\"><strong><span style=\"color: #000000;\">En 2002, en pleno proceso constituyente, los futuros integrantes de la Asociaci\u00f3n Torrijos 1831 concibieron esta recreaci\u00f3n de la \u201cCuerda de presos\u201d (nombre in\u00e9dito para una recreaci\u00f3n hist\u00f3rica, pues no exist\u00eda anteriormente alguna que lo utilizara), en las ruinas cercanas a la barriada de Torrealquer\u00eda (Alhaur\u00edn de la Torre), para lo que entonces iban a ser las I Jornadas de homenaje a Torrijos y la Constituci\u00f3n. En esta recreaci\u00f3n se representa la captura del general Jos\u00e9 Mar\u00eda Torrijos y sus compa\u00f1eros liberales, a manos de las tropas absolutistas del gobernador de M\u00e1laga Vicente Gonz\u00e1lez Moreno, y su traslado desde la Alquer\u00eda de Mollina hasta los vados de Churriana, y de all\u00ed, a M\u00e1laga. La recreaci\u00f3n \u201cCuerda de presos\u201d, es la decana de todas las recreaciones hist\u00f3ricas en Andaluc\u00eda, de los siglos XVIII y XIX. Este a\u00f1o la han hecho posible, una vez m\u00e1s, las asociaciones, \u201cTorrijos 1831\u201d, \u201cSangre y amor en la sierra\u201d de Grazalema, y \u201cManzanares. Estepona 1831\u201d.<\/span><\/strong><\/p>\n<p style=\"text-align: justify;\"><span style=\"color: #800000;\"><strong>Palabras para el recuerdo.<\/strong><\/span><\/p>\n<p style=\"text-align: justify;\"><strong><span style=\"color: #000000;\">Antes de la recreaci\u00f3n, participantes de la misma, autoridades y espectadores se concentraron en el espacio de lo que en su d\u00eda se conoci\u00f3 como \u201cla plaza\u201d de la Alquer\u00eda. All\u00ed escucharon el cante flamenco titulado \u201cuerda de presos\u201d interpretado por Carmen Cas\u00e1n. Fue el momento para describir los sucesos ocurridos en la Alquer\u00eda de Mollina, en la triste ma\u00f1ana del 5 de diciembre de 1831, sin duda, el principal hecho hist\u00f3rico sucedido en Alhaur\u00edn de la Torre: primero, porque el fracaso de aquel pronunciamiento liberal, el \u00faltimo contra el poder desp\u00f3tico de Fernando VII, supuso dos a\u00f1os m\u00e1s de gobierno absoluto, ya en descomposici\u00f3n interior, que agrand\u00f3 el proceso hacia la I Guerra Carlista; segundo, porque los rostros de los hombres que figuran en uno de los mejores cuadros del Museo de Prado, estuvieron aqu\u00ed, en esta alquer\u00eda, y es precisamente la inmensidad art\u00edstica del cuadro, la que aumenta en mucho el valor de los acontecimientos ocurridos en esta cortijada; y tercero, porque el nombre de Alhaur\u00edn de la Torre, o Alhaurinejo, se vio por primera vez catapultado a la prensa internacional, apareciendo estos nombres en la de Par\u00eds, Londres o Bruselas. Adem\u00e1s de todo esto, no hay en Alhaur\u00edn de la Torre un espacio como esta plaza de la Alquer\u00eda, donde se hayan concentrado tantos personajes hist\u00f3ricos. Esa importancia debe llevar a la restauraci\u00f3n del citado edificio, ya excesivamente maltratado por las agresiones que ha sufrido por las m\u00e1quinas de demolici\u00f3n, por los que se aprovecharon de sus piedras y maderas, y por implacable da\u00f1o de los agentes meteorol\u00f3gicos.<\/span><\/strong><\/p>\n<p style=\"text-align: justify;\"><span style=\"color: #800000;\"><strong>Datos de la Asociaci\u00f3n Hist\u00f3rico Cultural Torrijos 1831.<\/strong><\/span><\/p>\n<p style=\"text-align: justify;\"><strong><span style=\"color: #000000;\">Tipo de Asociaci\u00f3n: cultural, dedicada a la investigaci\u00f3n hist\u00f3rica, y recreadora en sus actuaciones en p\u00fablico para exponer los hechos que representa. \u00c1mbito de actuaci\u00f3n: regional, recogida en el Registro de asociaciones la Junta de Andaluc\u00eda. Inici\u00f3 su periodo constituyente en el a\u00f1o 2002, siendo legalizada en 2003. Fue un proyecto original desde el principio, pues en Espa\u00f1a no se hab\u00eda creado anteriormente una Asociaci\u00f3n sobre el personaje hist\u00f3rico de Jos\u00e9 Mar\u00eda Torrijos y Uriarte, h\u00e9roe de la Guerra de Independencia y defensor de las libertades y derechos constitucionales frente al poder absoluto del reinado de Fernando VII. Original en las formas, dedicaci\u00f3n y fines, que recogen sus estatutos, cimentando sus antecedentes en los precursores que trabajaron sobre el personaje de Torrijos en la provincia de M\u00e1laga, en las d\u00e9cadas de los a\u00f1os ochenta y noventa del siglo XX y primeros a\u00f1os del XXI.<\/span><\/strong><br \/><strong><span style=\"color: #000000;\">Como colectivo de recreaciones hist\u00f3ricas, es el m\u00e1s antiguo de las dedicadas al siglo XIX, en Andaluc\u00eda. En cuanto a las representaciones relativas a la Guerra de la Independencia en las que participa la Asociaci\u00f3n, la recreaci\u00f3n insignia, creada en 2007, es el \u201cRegimiento de Infanter\u00eda de M\u00e1laga\u201d, unidad titular de M\u00e1laga, que salvo un periodo de disoluci\u00f3n, tuvo vida castrense desde 1701 a 1893, siendo su historial heredado por el Regimiento Melilla en sus diferentes numeraciones, y que fue disuelto en M\u00e1laga, en 1985. Para entrar en su historial y actividades: regimientodeinfanteriademalaga.blogspot.com<\/span><\/strong><br \/><strong><span style=\"color: #000000;\">Correo de Contacto: asociaci\u00f3ntorrijos1831@gmail.com Tambi\u00e9n, a trav\u00e9s de este correo se pueden solicitar visitas concertadas al Centro de Interpretaci\u00f3n Hist\u00f3rico Jos\u00e9 Mar\u00eda Torrijos (Refectorio), en el barrio de El Perchel de M\u00e1laga. Tel\u00e9fono de contacto: 952234039. P\u00e1gina web: www.torrijos1831.com <\/span><\/strong><\/p>\n<p style=\"text-align: justify;\"><strong><span style=\"color: #000000;\">Fotograf\u00edas: Paco Selva<\/span><\/strong><\/p>\n\n\n<figure class=\"wp-block-image size-large\"><img loading=\"lazy\" width=\"1024\" height=\"699\" src=\"https:\/\/www.torrijos1831.com\/wp-content\/uploads\/2025\/12\/50-2-1024x699.jpg\" alt=\"\" class=\"wp-image-8191\" srcset=\"http:\/\/www.torrijos1831.com\/wp-content\/uploads\/2025\/12\/50-2-1024x699.jpg 1024w, http:\/\/www.torrijos1831.com\/wp-content\/uploads\/2025\/12\/50-2-300x205.jpg 300w, http:\/\/www.torrijos1831.com\/wp-content\/uploads\/2025\/12\/50-2-768x524.jpg 768w, http:\/\/www.torrijos1831.com\/wp-content\/uploads\/2025\/12\/50-2-1536x1049.jpg 1536w, http:\/\/www.torrijos1831.com\/wp-content\/uploads\/2025\/12\/50-2-2048x1398.jpg 2048w\" sizes=\"(max-width: 1024px) 100vw, 1024px\" \/><\/figure>\n\n\n\n<figure class=\"wp-block-image size-large\"><img loading=\"lazy\" width=\"1024\" height=\"667\" src=\"https:\/\/www.torrijos1831.com\/wp-content\/uploads\/2025\/12\/50-3-1024x667.jpg\" alt=\"\" class=\"wp-image-8192\" srcset=\"http:\/\/www.torrijos1831.com\/wp-content\/uploads\/2025\/12\/50-3-1024x667.jpg 1024w, http:\/\/www.torrijos1831.com\/wp-content\/uploads\/2025\/12\/50-3-300x195.jpg 300w, http:\/\/www.torrijos1831.com\/wp-content\/uploads\/2025\/12\/50-3-768x500.jpg 768w, http:\/\/www.torrijos1831.com\/wp-content\/uploads\/2025\/12\/50-3-1536x1001.jpg 1536w, http:\/\/www.torrijos1831.com\/wp-content\/uploads\/2025\/12\/50-3-2048x1335.jpg 2048w\" sizes=\"(max-width: 1024px) 100vw, 1024px\" \/><\/figure>\n\n\n\n<figure class=\"wp-block-image size-large\"><img loading=\"lazy\" width=\"1003\" height=\"1024\" src=\"https:\/\/www.torrijos1831.com\/wp-content\/uploads\/2025\/12\/50-4-1003x1024.jpg\" alt=\"\" class=\"wp-image-8193\" srcset=\"http:\/\/www.torrijos1831.com\/wp-content\/uploads\/2025\/12\/50-4-1003x1024.jpg 1003w, http:\/\/www.torrijos1831.com\/wp-content\/uploads\/2025\/12\/50-4-294x300.jpg 294w, http:\/\/www.torrijos1831.com\/wp-content\/uploads\/2025\/12\/50-4-768x784.jpg 768w, http:\/\/www.torrijos1831.com\/wp-content\/uploads\/2025\/12\/50-4-1504x1536.jpg 1504w, http:\/\/www.torrijos1831.com\/wp-content\/uploads\/2025\/12\/50-4-2005x2048.jpg 2005w\" sizes=\"(max-width: 1003px) 100vw, 1003px\" \/><\/figure>\n\n\n\n<figure class=\"wp-block-image size-large\"><img loading=\"lazy\" width=\"1024\" height=\"593\" src=\"https:\/\/www.torrijos1831.com\/wp-content\/uploads\/2025\/12\/50-5-1024x593.jpg\" alt=\"\" class=\"wp-image-8194\" srcset=\"http:\/\/www.torrijos1831.com\/wp-content\/uploads\/2025\/12\/50-5-1024x593.jpg 1024w, http:\/\/www.torrijos1831.com\/wp-content\/uploads\/2025\/12\/50-5-300x174.jpg 300w, http:\/\/www.torrijos1831.com\/wp-content\/uploads\/2025\/12\/50-5-768x445.jpg 768w, http:\/\/www.torrijos1831.com\/wp-content\/uploads\/2025\/12\/50-5.jpg 1471w\" sizes=\"(max-width: 1024px) 100vw, 1024px\" \/><\/figure>\n\n\n\n<figure class=\"wp-block-image size-large\"><img loading=\"lazy\" width=\"1024\" height=\"683\" src=\"https:\/\/www.torrijos1831.com\/wp-content\/uploads\/2025\/12\/50-6-1024x683.jpg\" alt=\"\" class=\"wp-image-8195\" srcset=\"http:\/\/www.torrijos1831.com\/wp-content\/uploads\/2025\/12\/50-6-1024x683.jpg 1024w, http:\/\/www.torrijos1831.com\/wp-content\/uploads\/2025\/12\/50-6-300x200.jpg 300w, http:\/\/www.torrijos1831.com\/wp-content\/uploads\/2025\/12\/50-6-768x512.jpg 768w, http:\/\/www.torrijos1831.com\/wp-content\/uploads\/2025\/12\/50-6-1536x1024.jpg 1536w, http:\/\/www.torrijos1831.com\/wp-content\/uploads\/2025\/12\/50-6-2048x1365.jpg 2048w\" sizes=\"(max-width: 1024px) 100vw, 1024px\" \/><\/figure>\n","protected":false},"excerpt":{"rendered":"<p>Asociaci\u00f3n Torrijos 1831.\u00a0 \u00a0 \u00a0 \u00a0 \u00a0 \u00a0 \u00a0 \u00a0 \u00a0 \u00a0 \u00a0 08\/12\/2025 \u201cAqu\u00ed, en Alhaur\u00edn de la Torre, somos cuarenta y nueve los detenidos\u2026Puede que en Ronda y su serran\u00eda sean m\u00e1s de sesenta, y en Granada, quiz\u00e1s pasen el centenar&#8230;La represi\u00f3n absolutista est\u00e1 siendo implacable para aquel que sue\u00f1e con el ideal&#8230;<\/p>\n","protected":false},"author":1,"featured_media":8196,"comment_status":"closed","ping_status":"closed","sticky":false,"template":"","format":"standard","meta":[],"categories":[147,213],"tags":[],"_links":{"self":[{"href":"http:\/\/www.torrijos1831.com\/index.php?rest_route=\/wp\/v2\/posts\/8190"}],"collection":[{"href":"http:\/\/www.torrijos1831.com\/index.php?rest_route=\/wp\/v2\/posts"}],"about":[{"href":"http:\/\/www.torrijos1831.com\/index.php?rest_route=\/wp\/v2\/types\/post"}],"author":[{"embeddable":true,"href":"http:\/\/www.torrijos1831.com\/index.php?rest_route=\/wp\/v2\/users\/1"}],"replies":[{"embeddable":true,"href":"http:\/\/www.torrijos1831.com\/index.php?rest_route=%2Fwp%2Fv2%2Fcomments&post=8190"}],"version-history":[{"count":7,"href":"http:\/\/www.torrijos1831.com\/index.php?rest_route=\/wp\/v2\/posts\/8190\/revisions"}],"predecessor-version":[{"id":8205,"href":"http:\/\/www.torrijos1831.com\/index.php?rest_route=\/wp\/v2\/posts\/8190\/revisions\/8205"}],"wp:featuredmedia":[{"embeddable":true,"href":"http:\/\/www.torrijos1831.com\/index.php?rest_route=\/wp\/v2\/media\/8196"}],"wp:attachment":[{"href":"http:\/\/www.torrijos1831.com\/index.php?rest_route=%2Fwp%2Fv2%2Fmedia&parent=8190"}],"wp:term":[{"taxonomy":"category","embeddable":true,"href":"http:\/\/www.torrijos1831.com\/index.php?rest_route=%2Fwp%2Fv2%2Fcategories&post=8190"},{"taxonomy":"post_tag","embeddable":true,"href":"http:\/\/www.torrijos1831.com\/index.php?rest_route=%2Fwp%2Fv2%2Ftags&post=8190"}],"curies":[{"name":"wp","href":"https:\/\/api.w.org\/{rel}","templated":true}]}}