{"id":8207,"date":"2025-12-13T11:06:44","date_gmt":"2025-12-13T11:06:44","guid":{"rendered":"http:\/\/www.torrijos1831.com\/?p=8207"},"modified":"2025-12-13T18:07:02","modified_gmt":"2025-12-13T18:07:02","slug":"ofrenda-de-corona-a-torrijos-y-sus-liberales-en-la-conocida-cruz-de-el-bulto-el-11-de-diciembre-de-2025-xxiv-jornadas-de-homenaje-a-torrijos-y-la-constitucion","status":"publish","type":"post","link":"http:\/\/www.torrijos1831.com\/?p=8207","title":{"rendered":"Ofrenda de corona a Torrijos y sus liberales en la conocida Cruz de El Bulto, el 11 de diciembre de 2025. XXIV Jornadas de homenaje a Torrijos y la Constituci\u00f3n."},"content":{"rendered":"<p style=\"text-align: justify;\"><strong><span style=\"color: #000000;\">Asociaci\u00f3n Torrijos 1831.&nbsp; &nbsp; &nbsp; &nbsp; &nbsp;13\/12\/2025<\/span><\/strong><\/p>\n<p style=\"text-align: justify;\"><strong><span style=\"color: #000000;\">Una a\u00f1o m\u00e1s, y van con este veinticuatro homenajes anuales consecutivos en la Cruz de El Bulto; a las 10\u00b400 h. de la ma\u00f1ana del jueves 11 de diciembre, los integrantes de la Asociaci\u00f3n Torrijos 1831 han colocado su corona de laurel en memoria de Torrijos y sus liberales, en este hito que se levant\u00f3 en M\u00e1laga en la \u00e9poca de \u201cLa Gloriosa\u201d (1869). Ha sido un acto m\u00e1s dentro de los programados en las XXIV Jornadas de homenaje a Torrijos y la Constituci\u00f3n. En la ofrenda de la corona nos acompa\u00f1aron, Jos\u00e9 Antonio Arag\u00f3n presidente de la Asociaci\u00f3n de Vecinos de El Perchel, la Asociaci\u00f3n \u201cManzanares. Estepona 1831\u201d, con su presidente Juan Baz\u00e1n; una representaci\u00f3n de la Asociaci\u00f3n de Vecinos Torrijos de Huelin, una representaci\u00f3n de la Facultad de Derecho de M\u00e1laga, y un grupo de alumnos del IES Miguel Romero Esteo. Precisamente, dos alumnos de este centro colocaron la corona en el basamento de la Cruz. Por su parte, el presidente de la Asociaci\u00f3n Torrijos 1831, Esteban Alc\u00e1ntara, glos\u00f3 los a\u00f1os que lleva el colectivo organizando este acto en memoria de Torrijos y sus liberales, en la cruz de Torrijos, en El Bulto, as\u00ed como las vicisitudes del propio monumento a lo largo de su historia, se\u00f1alando que el verdadero lugar de los fusilamientos tuvo lugar en el espacio posterior al actual edificio de Urbanismo.<\/span><\/strong><\/p>\n<p style=\"text-align: justify;\"><span style=\"color: #800000;\"><strong>Datos de la Asociaci\u00f3n Hist\u00f3rico Cultural Torrijos 1831.<\/strong><\/span><\/p>\n<p style=\"text-align: justify;\"><strong><span style=\"color: #000000;\">Tipo de Asociaci\u00f3n: cultural, dedicada a la investigaci\u00f3n hist\u00f3rica, y recreadora en sus actuaciones en p\u00fablico para exponer los hechos que representa. \u00c1mbito de actuaci\u00f3n: regional, recogida en el Registro de asociaciones la Junta de Andaluc\u00eda. Inici\u00f3 su periodo constituyente en el a\u00f1o 2002, siendo legalizada en 2003. Fue un proyecto original desde el principio, pues en Espa\u00f1a no se hab\u00eda creado anteriormente una Asociaci\u00f3n sobre el personaje hist\u00f3rico de Jos\u00e9 Mar\u00eda Torrijos y Uriarte, h\u00e9roe de la Guerra de Independencia y defensor de las libertades y derechos constitucionales frente al poder absoluto del reinado de Fernando VII. Original en las formas, dedicaci\u00f3n y fines, que recogen sus estatutos, cimentando sus antecedentes en los precursores que trabajaron sobre el personaje de Torrijos en la provincia de M\u00e1laga, en las d\u00e9cadas de los a\u00f1os ochenta y noventa del siglo XX y primeros a\u00f1os del XXI.<\/span><\/strong><br><strong><span style=\"color: #000000;\">Como colectivo de recreaciones hist\u00f3ricas, es el m\u00e1s antiguo de las dedicadas al siglo XIX, en Andaluc\u00eda. En cuanto a las representaciones relativas a la Guerra de la Independencia en las que participa la Asociaci\u00f3n, la recreaci\u00f3n insignia, creada en 2007, es el \u201cRegimiento de Infanter\u00eda de M\u00e1laga\u201d, unidad titular de M\u00e1laga, que salvo un periodo de disoluci\u00f3n, tuvo vida castrense desde 1701 a 1893, siendo su historial heredado por el Regimiento Melilla en sus diferentes numeraciones, y que fue disuelto en M\u00e1laga, en 1985. Para entrar en su historial y actividades: regimientodeinfanteriademalaga.blogspot.com<\/span><\/strong><br><strong><span style=\"color: #000000;\">Correo de Contacto: asociaci\u00f3ntorrijos1831@gmail.com Tambi\u00e9n, a trav\u00e9s de este correo se pueden solicitar visitas concertadas al Centro de Interpretaci\u00f3n Hist\u00f3rico Jos\u00e9 Mar\u00eda Torrijos (Refectorio), en el barrio de El Perchel de M\u00e1laga. Tel\u00e9fono de contacto: 952234039. P\u00e1gina web: www.torrijos1831.com<\/span><\/strong><\/p>\n\n\n<figure class=\"wp-block-image size-large\"><img loading=\"lazy\" width=\"1024\" height=\"384\" src=\"https:\/\/www.torrijos1831.com\/wp-content\/uploads\/2025\/12\/11-2-1024x384.jpg\" alt=\"\" class=\"wp-image-8208\" srcset=\"http:\/\/www.torrijos1831.com\/wp-content\/uploads\/2025\/12\/11-2-1024x384.jpg 1024w, http:\/\/www.torrijos1831.com\/wp-content\/uploads\/2025\/12\/11-2-300x113.jpg 300w, http:\/\/www.torrijos1831.com\/wp-content\/uploads\/2025\/12\/11-2-768x288.jpg 768w, http:\/\/www.torrijos1831.com\/wp-content\/uploads\/2025\/12\/11-2-1536x577.jpg 1536w, http:\/\/www.torrijos1831.com\/wp-content\/uploads\/2025\/12\/11-2.jpg 1934w\" sizes=\"(max-width: 1024px) 100vw, 1024px\" \/><\/figure>\n\n\n\n<figure class=\"wp-block-image size-large\"><img loading=\"lazy\" width=\"817\" height=\"848\" src=\"https:\/\/www.torrijos1831.com\/wp-content\/uploads\/2025\/12\/11-3.jpg\" alt=\"\" class=\"wp-image-8209\" srcset=\"http:\/\/www.torrijos1831.com\/wp-content\/uploads\/2025\/12\/11-3.jpg 817w, http:\/\/www.torrijos1831.com\/wp-content\/uploads\/2025\/12\/11-3-289x300.jpg 289w, http:\/\/www.torrijos1831.com\/wp-content\/uploads\/2025\/12\/11-3-768x797.jpg 768w\" sizes=\"(max-width: 817px) 100vw, 817px\" \/><\/figure>\n\n\n\n<figure class=\"wp-block-image size-large\"><img loading=\"lazy\" width=\"872\" height=\"922\" src=\"https:\/\/www.torrijos1831.com\/wp-content\/uploads\/2025\/12\/11-4.jpg\" alt=\"\" class=\"wp-image-8210\" srcset=\"http:\/\/www.torrijos1831.com\/wp-content\/uploads\/2025\/12\/11-4.jpg 872w, http:\/\/www.torrijos1831.com\/wp-content\/uploads\/2025\/12\/11-4-284x300.jpg 284w, http:\/\/www.torrijos1831.com\/wp-content\/uploads\/2025\/12\/11-4-768x812.jpg 768w\" sizes=\"(max-width: 872px) 100vw, 872px\" \/><\/figure>\n\n\n\n<figure class=\"wp-block-image size-large\"><img loading=\"lazy\" width=\"900\" height=\"807\" src=\"https:\/\/www.torrijos1831.com\/wp-content\/uploads\/2025\/12\/11-5.jpg\" alt=\"\" class=\"wp-image-8211\" srcset=\"http:\/\/www.torrijos1831.com\/wp-content\/uploads\/2025\/12\/11-5.jpg 900w, http:\/\/www.torrijos1831.com\/wp-content\/uploads\/2025\/12\/11-5-300x269.jpg 300w, http:\/\/www.torrijos1831.com\/wp-content\/uploads\/2025\/12\/11-5-768x689.jpg 768w\" sizes=\"(max-width: 900px) 100vw, 900px\" \/><\/figure>\n\n\n\n<figure class=\"wp-block-image size-large\"><img loading=\"lazy\" width=\"942\" height=\"1024\" src=\"https:\/\/www.torrijos1831.com\/wp-content\/uploads\/2025\/12\/17-35-942x1024.jpg\" alt=\"\" class=\"wp-image-8239\" srcset=\"http:\/\/www.torrijos1831.com\/wp-content\/uploads\/2025\/12\/17-35-942x1024.jpg 942w, http:\/\/www.torrijos1831.com\/wp-content\/uploads\/2025\/12\/17-35-276x300.jpg 276w, http:\/\/www.torrijos1831.com\/wp-content\/uploads\/2025\/12\/17-35-768x834.jpg 768w, http:\/\/www.torrijos1831.com\/wp-content\/uploads\/2025\/12\/17-35-1414x1536.jpg 1414w, http:\/\/www.torrijos1831.com\/wp-content\/uploads\/2025\/12\/17-35.jpg 1872w\" sizes=\"(max-width: 942px) 100vw, 942px\" \/><\/figure>\n","protected":false},"excerpt":{"rendered":"<p>Asociaci\u00f3n Torrijos 1831.&nbsp; &nbsp; &nbsp; &nbsp; &nbsp;13\/12\/2025 Una a\u00f1o m\u00e1s, y van con este veinticuatro homenajes anuales consecutivos en la Cruz de El Bulto; a las 10\u00b400 h. de la ma\u00f1ana del jueves 11 de diciembre, los integrantes de la Asociaci\u00f3n Torrijos 1831 han colocado su corona de laurel en memoria de Torrijos y sus&#8230;<\/p>\n","protected":false},"author":1,"featured_media":8212,"comment_status":"closed","ping_status":"closed","sticky":false,"template":"","format":"standard","meta":[],"categories":[147,213],"tags":[],"_links":{"self":[{"href":"http:\/\/www.torrijos1831.com\/index.php?rest_route=\/wp\/v2\/posts\/8207"}],"collection":[{"href":"http:\/\/www.torrijos1831.com\/index.php?rest_route=\/wp\/v2\/posts"}],"about":[{"href":"http:\/\/www.torrijos1831.com\/index.php?rest_route=\/wp\/v2\/types\/post"}],"author":[{"embeddable":true,"href":"http:\/\/www.torrijos1831.com\/index.php?rest_route=\/wp\/v2\/users\/1"}],"replies":[{"embeddable":true,"href":"http:\/\/www.torrijos1831.com\/index.php?rest_route=%2Fwp%2Fv2%2Fcomments&post=8207"}],"version-history":[{"count":3,"href":"http:\/\/www.torrijos1831.com\/index.php?rest_route=\/wp\/v2\/posts\/8207\/revisions"}],"predecessor-version":[{"id":8241,"href":"http:\/\/www.torrijos1831.com\/index.php?rest_route=\/wp\/v2\/posts\/8207\/revisions\/8241"}],"wp:featuredmedia":[{"embeddable":true,"href":"http:\/\/www.torrijos1831.com\/index.php?rest_route=\/wp\/v2\/media\/8212"}],"wp:attachment":[{"href":"http:\/\/www.torrijos1831.com\/index.php?rest_route=%2Fwp%2Fv2%2Fmedia&parent=8207"}],"wp:term":[{"taxonomy":"category","embeddable":true,"href":"http:\/\/www.torrijos1831.com\/index.php?rest_route=%2Fwp%2Fv2%2Fcategories&post=8207"},{"taxonomy":"post_tag","embeddable":true,"href":"http:\/\/www.torrijos1831.com\/index.php?rest_route=%2Fwp%2Fv2%2Ftags&post=8207"}],"curies":[{"name":"wp","href":"https:\/\/api.w.org\/{rel}","templated":true}]}}