{"id":8215,"date":"2025-12-13T11:26:10","date_gmt":"2025-12-13T11:26:10","guid":{"rendered":"http:\/\/www.torrijos1831.com\/?p=8215"},"modified":"2025-12-13T11:26:12","modified_gmt":"2025-12-13T11:26:12","slug":"un-ano-mas-en-la-fecha-del-11-de-diciembre-integrantes-de-las-asociaciones-torrijos-1831-y-manzanares-de-estepona-escenifican-el-fusilamiento-del-general-torrijos-y-sus-48-companeros-de-infortunio","status":"publish","type":"post","link":"http:\/\/www.torrijos1831.com\/?p=8215","title":{"rendered":"Un a\u00f1o m\u00e1s, en la fecha del 11 de diciembre, integrantes de las asociaciones Torrijos 1831 y Manzanares, de Estepona, escenifican el fusilamiento del general Torrijos y sus 48 compa\u00f1eros de infortunio, en la zona de El Bulto."},"content":{"rendered":"<p style=\"text-align: justify;\"><strong><span style=\"color: #000000;\">Asociaci\u00f3n Torrijos 1831.\u00a0 \u00a0 \u00a0 \u00a0 \u00a0 \u00a013\/12\/2025<\/span><\/strong><\/p>\n<p style=\"text-align: justify;\"><strong><span style=\"color: #000000;\">Es una de las escena, que m\u00e1s llama la atenci\u00f3n en las Jornadas de homenaje a Torrijos y la Constituci\u00f3n: la del fusilamiento del general Torrijos y sus compa\u00f1eros de infortunio, en la zona de El Bulto (junto a la llamada Cruz de Torrijos). Los liberales con sus manos agarradas entre s\u00ed, y los soldados pr\u00f3ximos a realizar la descarga. Sin juicio previo alguno, aquellos constitucionalistas decimon\u00f3nicos hicieron con dignidad frente a la muerte. Sin saberlo, dieron nombrad\u00eda a la ciudad de M\u00e1laga. En aquel tr\u00e1gico d\u00eda, del 11 de diciembre de 1831, cuarenta y nueve hombres condenados por defender las libertades y derechos en nuestro pa\u00eds, frente a un rey absolutista que nunca estuvo a la altura de su misi\u00f3n y cargo, mostr\u00e1ndose despiadado siempre con los que \u00e9l, ya en la cercan\u00eda de la mitad del siglo XIX continuaba considerando s\u00fabditos; fueron llevados a las malague\u00f1as playas de San Andr\u00e9s en una larga cuerda de presos, encabezada por Francisco Fern\u00e1ndez Golf\u00edn, al que segu\u00edan, Torrijos, Flores Calder\u00f3n y los dem\u00e1s\u2026 Junto a ellos, la tropa del Provincial de Soria, que los escoltaba y llevar\u00eda a cabo las ejecuciones. Estos soldados eran en su mayor\u00eda campesinos castellanos, erradicados las riberas del Duero, casi todos analfabetos, personas con muy escasas posibilidades de mejorar sus vidas que, parad\u00f3jicamente, siendo v\u00edctimas del sistema al que serv\u00edan, el destino les convert\u00eda en los ejecutores de aquellos que luchaban por conseguir para ellos las mejoras pol\u00edticas y sociales que merec\u00edan. Dolorosa esta p\u00e1gina por todo lo que de iron\u00eda y contradicciones la conforman.<\/span><\/strong><\/p>\n<p style=\"text-align: justify;\"><span style=\"color: #800000;\"><strong>Datos de la Asociaci\u00f3n Hist\u00f3rico Cultural Torrijos 1831.<\/strong><\/span><\/p>\n<p style=\"text-align: justify;\"><strong><span style=\"color: #000000;\">Tipo de Asociaci\u00f3n: cultural, dedicada a la investigaci\u00f3n hist\u00f3rica, y recreadora en sus actuaciones en p\u00fablico para exponer los hechos que representa. \u00c1mbito de actuaci\u00f3n: regional, recogida en el Registro de asociaciones la Junta de Andaluc\u00eda. Inici\u00f3 su periodo constituyente en el a\u00f1o 2002, siendo legalizada en 2003. Fue un proyecto original desde el principio, pues en Espa\u00f1a no se hab\u00eda creado anteriormente una Asociaci\u00f3n sobre el personaje hist\u00f3rico de Jos\u00e9 Mar\u00eda Torrijos y Uriarte, h\u00e9roe de la Guerra de Independencia y defensor de las libertades y derechos constitucionales frente al poder absoluto del reinado de Fernando VII. Original en las formas, dedicaci\u00f3n y fines, que recogen sus estatutos, cimentando sus antecedentes en los precursores que trabajaron sobre el personaje de Torrijos en la provincia de M\u00e1laga, en las d\u00e9cadas de los a\u00f1os ochenta y noventa del siglo XX y primeros a\u00f1os del XXI.<\/span><\/strong><br \/><strong><span style=\"color: #000000;\">Como colectivo de recreaciones hist\u00f3ricas, es el m\u00e1s antiguo de las dedicadas al siglo XIX, en Andaluc\u00eda. En cuanto a las representaciones relativas a la Guerra de la Independencia en las que participa la Asociaci\u00f3n, la recreaci\u00f3n insignia, creada en 2007, es el \u201cRegimiento de Infanter\u00eda de M\u00e1laga\u201d, unidad titular de M\u00e1laga, que salvo un periodo de disoluci\u00f3n, tuvo vida castrense desde 1701 a 1893, siendo su historial heredado por el Regimiento Melilla en sus diferentes numeraciones, y que fue disuelto en M\u00e1laga, en 1985. Para entrar en su historial y actividades: regimientodeinfanteriademalaga.blogspot.com<\/span><\/strong><br \/><strong><span style=\"color: #000000;\">Correo de Contacto: asociaci\u00f3ntorrijos1831@gmail.com Tambi\u00e9n, a trav\u00e9s de este correo se pueden solicitar visitas concertadas al Centro de Interpretaci\u00f3n Hist\u00f3rico Jos\u00e9 Mar\u00eda Torrijos (Refectorio), en el barrio de El Perchel de M\u00e1laga. Tel\u00e9fono de contacto: 952234039. P\u00e1gina web: www.torrijos1831.com<\/span><\/strong><\/p>\n\n\n<figure class=\"wp-block-image size-large\"><img loading=\"lazy\" width=\"1024\" height=\"525\" src=\"https:\/\/www.torrijos1831.com\/wp-content\/uploads\/2025\/12\/11-13-1024x525.jpg\" alt=\"\" class=\"wp-image-8216\" srcset=\"http:\/\/www.torrijos1831.com\/wp-content\/uploads\/2025\/12\/11-13-1024x525.jpg 1024w, http:\/\/www.torrijos1831.com\/wp-content\/uploads\/2025\/12\/11-13-300x154.jpg 300w, http:\/\/www.torrijos1831.com\/wp-content\/uploads\/2025\/12\/11-13-768x394.jpg 768w, http:\/\/www.torrijos1831.com\/wp-content\/uploads\/2025\/12\/11-13-1536x787.jpg 1536w, http:\/\/www.torrijos1831.com\/wp-content\/uploads\/2025\/12\/11-13.jpg 1756w\" sizes=\"(max-width: 1024px) 100vw, 1024px\" \/><\/figure>\n\n\n\n<figure class=\"wp-block-image size-large\"><img loading=\"lazy\" width=\"1024\" height=\"531\" src=\"https:\/\/www.torrijos1831.com\/wp-content\/uploads\/2025\/12\/11-14-1024x531.jpg\" alt=\"\" class=\"wp-image-8217\" srcset=\"http:\/\/www.torrijos1831.com\/wp-content\/uploads\/2025\/12\/11-14-1024x531.jpg 1024w, http:\/\/www.torrijos1831.com\/wp-content\/uploads\/2025\/12\/11-14-300x156.jpg 300w, http:\/\/www.torrijos1831.com\/wp-content\/uploads\/2025\/12\/11-14-768x398.jpg 768w, http:\/\/www.torrijos1831.com\/wp-content\/uploads\/2025\/12\/11-14-1536x797.jpg 1536w, http:\/\/www.torrijos1831.com\/wp-content\/uploads\/2025\/12\/11-14.jpg 1735w\" sizes=\"(max-width: 1024px) 100vw, 1024px\" \/><\/figure>\n","protected":false},"excerpt":{"rendered":"<p>Asociaci\u00f3n Torrijos 1831.\u00a0 \u00a0 \u00a0 \u00a0 \u00a0 \u00a013\/12\/2025 Es una de las escena, que m\u00e1s llama la atenci\u00f3n en las Jornadas de homenaje a Torrijos y la Constituci\u00f3n: la del fusilamiento del general Torrijos y sus compa\u00f1eros de infortunio, en la zona de El Bulto (junto a la llamada Cruz de Torrijos). Los liberales con&#8230;<\/p>\n","protected":false},"author":1,"featured_media":8218,"comment_status":"closed","ping_status":"closed","sticky":false,"template":"","format":"standard","meta":[],"categories":[147,213],"tags":[],"_links":{"self":[{"href":"http:\/\/www.torrijos1831.com\/index.php?rest_route=\/wp\/v2\/posts\/8215"}],"collection":[{"href":"http:\/\/www.torrijos1831.com\/index.php?rest_route=\/wp\/v2\/posts"}],"about":[{"href":"http:\/\/www.torrijos1831.com\/index.php?rest_route=\/wp\/v2\/types\/post"}],"author":[{"embeddable":true,"href":"http:\/\/www.torrijos1831.com\/index.php?rest_route=\/wp\/v2\/users\/1"}],"replies":[{"embeddable":true,"href":"http:\/\/www.torrijos1831.com\/index.php?rest_route=%2Fwp%2Fv2%2Fcomments&post=8215"}],"version-history":[{"count":1,"href":"http:\/\/www.torrijos1831.com\/index.php?rest_route=\/wp\/v2\/posts\/8215\/revisions"}],"predecessor-version":[{"id":8219,"href":"http:\/\/www.torrijos1831.com\/index.php?rest_route=\/wp\/v2\/posts\/8215\/revisions\/8219"}],"wp:featuredmedia":[{"embeddable":true,"href":"http:\/\/www.torrijos1831.com\/index.php?rest_route=\/wp\/v2\/media\/8218"}],"wp:attachment":[{"href":"http:\/\/www.torrijos1831.com\/index.php?rest_route=%2Fwp%2Fv2%2Fmedia&parent=8215"}],"wp:term":[{"taxonomy":"category","embeddable":true,"href":"http:\/\/www.torrijos1831.com\/index.php?rest_route=%2Fwp%2Fv2%2Fcategories&post=8215"},{"taxonomy":"post_tag","embeddable":true,"href":"http:\/\/www.torrijos1831.com\/index.php?rest_route=%2Fwp%2Fv2%2Ftags&post=8215"}],"curies":[{"name":"wp","href":"https:\/\/api.w.org\/{rel}","templated":true}]}}