{"id":8616,"date":"2026-03-12T13:52:50","date_gmt":"2026-03-12T13:52:50","guid":{"rendered":"http:\/\/www.torrijos1831.com\/?p=8616"},"modified":"2026-03-16T11:13:28","modified_gmt":"2026-03-16T11:13:28","slug":"se-presenta-ante-la-prensa-en-el-salon-rossini-del-teatro-cervantes-de-malaga-el-documental-historico-torrijos-el-ultimo-sueno-liberal-realizado-en-formato-cine-y-televisivo-d","status":"publish","type":"post","link":"http:\/\/www.torrijos1831.com\/?p=8616","title":{"rendered":"Se presenta ante los medios de comunicaci\u00f3n, en el sal\u00f3n Rossini del Teatro Cervantes, de M\u00e1laga, el documental hist\u00f3rico \u201cTorrijos: el \u00faltimo sue\u00f1o liberal\u201d (realizado en formato cine y televisivo), de la productora Abengsa, obra filmada en la que han participado los integrantes de la Asociaci\u00f3n Torrijos 1831."},"content":{"rendered":"<p style=\"text-align: justify;\"><strong><span style=\"color: #000000;\">Asociaci\u00f3n Torrijos 1831&nbsp; &nbsp; &nbsp; &nbsp; &nbsp; &nbsp; &nbsp; &nbsp; &nbsp; &nbsp; &nbsp; &nbsp; &nbsp; &nbsp;12\/03\/2026<\/span><\/strong><\/p>\n<p style=\"text-align: justify;\"><strong><span style=\"color: #000000;\">Coincidiendo con los d\u00edas en los que se est\u00e1 celebrando el Festival de Cine de M\u00e1laga (que durar\u00e1 hasta el 15 de marzo), en la ma\u00f1ana de hoy, 12 de marzo, a la 11,00 h. la productora Abengsa ha presentado ante los medios de comunicaci\u00f3n malague\u00f1os, en el sal\u00f3n Rossini del Teatro Cervantes, el documental \u201cTorrijos: el \u00faltimo sue\u00f1o liberal\u201d, en el que han participado con su interpretaci\u00f3n, ropajes y uniformidades de la \u00e9poca, los integrantes de la Asociaci\u00f3n Torrijos 1831. Este proyecto, de alcance, ha sido apoyado por los ayuntamientos de Mijas, Alhaur\u00edn de la Torre y M\u00e1laga, as\u00ed como por Diputaci\u00f3n. Es por ello, por lo que aparecen en el documental, autoridades de estos municipios, hablando del general Jos\u00e9 Mar\u00eda Torrijos y su trascendencia en la historia, como es el caso del concejal Juan Carlos Maldonado por Mijas; Manuel L\u00f3pez, teniente de alcalde de Alhaur\u00edn de la Torre; y el alcalde de M\u00e1laga, Francisco de la Torre. Tambi\u00e9n sale desarrollando la figura hist\u00f3rica de Torrijos y sus vicisitudes con la M\u00e1laga de 1831, el historiador malague\u00f1o y presidente de nuestra Asociaci\u00f3n, Esteban Alc\u00e1ntara, autor de cuatro libros sobre el personaje de Torrijos. El rodaje del documental ha tenido lugar en el Centro de Interpretaci\u00f3n Hist\u00f3rico Jos\u00e9 Mar\u00eda Torrijos, en los sitios hist\u00f3ricos de la playa de \u201cEl Charc\u00f3n\u201d de Mijas (espacio litoral donde desembarcaron de los liberales), y la alquer\u00eda de Mollina (lugar de la detenci\u00f3n de Torrijos y los suyos), y en otros emblem\u00e1ticos como la Cruz del Bulto, el Cementerio Ingl\u00e9s y la Plaza de la Merced. Adem\u00e1s. En el documental tambi\u00e9n aparece el fusilamiento de Torrijos y los suyos. El actor Antonio Haro, con su larga experiencia teatral ha dado vida al personaje de Torrijos, mientras que Jos\u00e9 Antonio Mill\u00e1n ha interpretado al gobernador absolutista Gonz\u00e1lez Moreno. Tambi\u00e9n aparecen en el documental un buen n\u00famero de hombres y mujeres de la Asociaci\u00f3n Torrijos 1831.<\/span><\/strong><\/p>\n<p style=\"text-align: justify;\"><span style=\"color: #800000;\"><strong>Secuencias del acto.<\/strong><\/span><\/p>\n<p style=\"text-align: justify;\"><strong><span style=\"color: #000000;\">Intervinieron ante los medios, Francisco Quintero, responsable de la productora; Emilio Ruiz Barrachina, director del documental; Manuel L\u00f3pez Mestanza representando al Ayuntamiento de Alhaur\u00edn de la Torre y de la Diputaci\u00f3n; Juan Carlos Maldonado representante de Mijas, as\u00ed como un representante de la Concejal\u00eda de Cultura de M\u00e1laga. Tambi\u00e9n, Esteban Alc\u00e1ntara, presidente de la Asociaci\u00f3n Torrijos, que iba acompa\u00f1ado del tesorero del colectivo, Santiago Sastre. Todos coincidieron en que Torrijos es hoy un personaje de actualidad en la Historia de Espa\u00f1a, y que su biograf\u00eda va unida indisolublemente con las localidades de M\u00e1laga, Alhaur\u00edn de la Torre y Mijas. Por su parte, Esteban Alc\u00e1ntara felicit\u00f3 a todos lo que lo han hecho posible, por el valor que supone la uni\u00f3n de los tres municipios en la realizaci\u00f3n de este documental, un sue\u00f1o que ya vislumbr\u00f3 la Asociaci\u00f3n Torrijos 1831 en su periodo constituyente, adquiriendo el compromiso desde las I jornadas de homenaje a Torrijos y la Constituci\u00f3n, para que la Asociaci\u00f3n Torrijos 1831 hiciera recreaciones en los tres municipios, durante las mismas; cosa que ha cumplido hasta el d\u00eda de la fecha.<\/span><\/strong><\/p>\n<p style=\"text-align: justify;\"><span style=\"color: #800000;\"><strong>El documental ser\u00e1 proyectado en diferentes salas de Mijas, Alhaur\u00edn de la Torre y M\u00e1laga.<\/strong><\/span><\/p>\n<p style=\"text-align: justify;\"><strong><span style=\"color: #000000;\">Francisco Quintero anunci\u00f3 que, muy pronto, el documental ser\u00e1 proyectado en diferentes salas de Mijas, Alhaur\u00edn de la Torre y M\u00e1laga, y tambi\u00e9n, que existe la intenci\u00f3n de que sea proyectado en Canal SUR y Televisi\u00f3n Espa\u00f1ola.<\/span><\/strong><\/p>\n<p style=\"text-align: justify;\"><span style=\"color: #800000;\"><strong>Datos de la Asociaci\u00f3n Hist\u00f3rico Cultural Torrijos 1831.<\/strong><\/span><\/p>\n<p style=\"text-align: justify;\"><strong><span style=\"color: #000000;\">Tipo de Asociaci\u00f3n: cultural, dedicada a la investigaci\u00f3n hist\u00f3rica, y recreadora en sus actuaciones en p\u00fablico para exponer los hechos que representa. \u00c1mbito de actuaci\u00f3n: regional, recogida en el Registro de asociaciones de la Junta de Andaluc\u00eda. Inici\u00f3 su periodo constituyente en el a\u00f1o 2002, siendo legalizada en 2003. Fue un proyecto original desde el principio, pues en Espa\u00f1a no se hab\u00eda creado anteriormente una Asociaci\u00f3n sobre el personaje hist\u00f3rico de Jos\u00e9 Mar\u00eda Torrijos y Uriarte, h\u00e9roe de la Guerra de Independencia y defensor de las libertades y derechos constitucionales frente al poder absoluto del reinado de Fernando VII. Original en las formas, dedicaci\u00f3n y fines, que recogen sus estatutos, cimentando sus antecedentes en los precursores que trabajaron sobre el personaje de Torrijos en la provincia de M\u00e1laga, en las d\u00e9cadas de los a\u00f1os ochenta y noventa del siglo XX y primeros a\u00f1os del XXI.<\/span><\/strong><br><strong><span style=\"color: #000000;\">Como colectivo de recreaciones hist\u00f3ricas, es el m\u00e1s antiguo de las dedicadas al siglo XIX, en Andaluc\u00eda. En cuanto a las representaciones relativas a la Guerra de la Independencia en las que participa la Asociaci\u00f3n, la recreaci\u00f3n insignia, creada en 2007, es el \u201cRegimiento de Infanter\u00eda de M\u00e1laga\u201d, unidad titular de M\u00e1laga que, salvo un periodo de disoluci\u00f3n, tuvo vida castrense desde 1701 a 1893, siendo su historial heredado por el Regimiento Melilla en sus diferentes numeraciones, y que fue disuelto en M\u00e1laga, en 1985. Para entrar en su historial y actividades: regimientodeinfanteriademalaga.blogspot.com<\/span><\/strong><br><strong><span style=\"color: #000000;\">Correo de Contacto: asociaci\u00f3ntorrijos1831@gmail.com Tambi\u00e9n. A trav\u00e9s del mismo se solicitan las visitas concertadas al Centro de Interpretaci\u00f3n Hist\u00f3rico Jos\u00e9 Mar\u00eda Torrijos (Refectorio), en el barrio de El Perchel de M\u00e1laga. Tel\u00e9fono de contacto: 952234039. P\u00e1gina web: www.torrijos1831.com<\/span><\/strong><\/p>\n\n\n<figure class=\"wp-block-image size-large\"><img loading=\"lazy\" width=\"768\" height=\"1024\" src=\"https:\/\/www.torrijos1831.com\/wp-content\/uploads\/2026\/03\/11-1-768x1024.jpg\" alt=\"\" class=\"wp-image-8617\" srcset=\"http:\/\/www.torrijos1831.com\/wp-content\/uploads\/2026\/03\/11-1-768x1024.jpg 768w, http:\/\/www.torrijos1831.com\/wp-content\/uploads\/2026\/03\/11-1-225x300.jpg 225w, http:\/\/www.torrijos1831.com\/wp-content\/uploads\/2026\/03\/11-1-1152x1536.jpg 1152w, http:\/\/www.torrijos1831.com\/wp-content\/uploads\/2026\/03\/11-1.jpg 1536w\" sizes=\"(max-width: 768px) 100vw, 768px\" \/><\/figure>\n\n\n\n<figure class=\"wp-block-image size-large\"><img loading=\"lazy\" width=\"1024\" height=\"768\" src=\"https:\/\/www.torrijos1831.com\/wp-content\/uploads\/2026\/03\/11-2-1024x768.jpg\" alt=\"\" class=\"wp-image-8618\" srcset=\"http:\/\/www.torrijos1831.com\/wp-content\/uploads\/2026\/03\/11-2-1024x768.jpg 1024w, http:\/\/www.torrijos1831.com\/wp-content\/uploads\/2026\/03\/11-2-300x225.jpg 300w, http:\/\/www.torrijos1831.com\/wp-content\/uploads\/2026\/03\/11-2-768x576.jpg 768w, http:\/\/www.torrijos1831.com\/wp-content\/uploads\/2026\/03\/11-2-1536x1152.jpg 1536w, http:\/\/www.torrijos1831.com\/wp-content\/uploads\/2026\/03\/11-2.jpg 2048w\" sizes=\"(max-width: 1024px) 100vw, 1024px\" \/><\/figure>\n\n\n\n<figure class=\"wp-block-image size-large\"><img loading=\"lazy\" width=\"1024\" height=\"576\" src=\"https:\/\/www.torrijos1831.com\/wp-content\/uploads\/2026\/03\/1-35-1024x576.jpg\" alt=\"\" class=\"wp-image-8649\" srcset=\"http:\/\/www.torrijos1831.com\/wp-content\/uploads\/2026\/03\/1-35-1024x576.jpg 1024w, http:\/\/www.torrijos1831.com\/wp-content\/uploads\/2026\/03\/1-35-300x169.jpg 300w, http:\/\/www.torrijos1831.com\/wp-content\/uploads\/2026\/03\/1-35-768x432.jpg 768w, http:\/\/www.torrijos1831.com\/wp-content\/uploads\/2026\/03\/1-35-1536x864.jpg 1536w, http:\/\/www.torrijos1831.com\/wp-content\/uploads\/2026\/03\/1-35.jpg 1600w\" sizes=\"(max-width: 1024px) 100vw, 1024px\" \/><\/figure>\n\n\n\n<figure class=\"wp-block-image size-large\"><img loading=\"lazy\" width=\"1024\" height=\"768\" src=\"https:\/\/www.torrijos1831.com\/wp-content\/uploads\/2026\/03\/11-3-1024x768.jpg\" alt=\"\" class=\"wp-image-8619\" srcset=\"http:\/\/www.torrijos1831.com\/wp-content\/uploads\/2026\/03\/11-3-1024x768.jpg 1024w, http:\/\/www.torrijos1831.com\/wp-content\/uploads\/2026\/03\/11-3-300x225.jpg 300w, http:\/\/www.torrijos1831.com\/wp-content\/uploads\/2026\/03\/11-3-768x576.jpg 768w, http:\/\/www.torrijos1831.com\/wp-content\/uploads\/2026\/03\/11-3-1536x1152.jpg 1536w, http:\/\/www.torrijos1831.com\/wp-content\/uploads\/2026\/03\/11-3.jpg 2048w\" sizes=\"(max-width: 1024px) 100vw, 1024px\" \/><\/figure>\n\n\n\n<figure class=\"wp-block-image size-large\"><img loading=\"lazy\" width=\"1024\" height=\"827\" src=\"https:\/\/www.torrijos1831.com\/wp-content\/uploads\/2026\/03\/1-36-1024x827.jpg\" alt=\"\" class=\"wp-image-8650\" srcset=\"http:\/\/www.torrijos1831.com\/wp-content\/uploads\/2026\/03\/1-36-1024x827.jpg 1024w, http:\/\/www.torrijos1831.com\/wp-content\/uploads\/2026\/03\/1-36-300x242.jpg 300w, http:\/\/www.torrijos1831.com\/wp-content\/uploads\/2026\/03\/1-36-768x620.jpg 768w, http:\/\/www.torrijos1831.com\/wp-content\/uploads\/2026\/03\/1-36.jpg 1114w\" sizes=\"(max-width: 1024px) 100vw, 1024px\" \/><\/figure>\n\n\n\n<figure class=\"wp-block-image size-large\"><img loading=\"lazy\" width=\"959\" height=\"1024\" src=\"https:\/\/www.torrijos1831.com\/wp-content\/uploads\/2026\/03\/11-4-959x1024.jpg\" alt=\"\" class=\"wp-image-8620\" srcset=\"http:\/\/www.torrijos1831.com\/wp-content\/uploads\/2026\/03\/11-4-959x1024.jpg 959w, http:\/\/www.torrijos1831.com\/wp-content\/uploads\/2026\/03\/11-4-281x300.jpg 281w, http:\/\/www.torrijos1831.com\/wp-content\/uploads\/2026\/03\/11-4-768x820.jpg 768w, http:\/\/www.torrijos1831.com\/wp-content\/uploads\/2026\/03\/11-4.jpg 992w\" sizes=\"(max-width: 959px) 100vw, 959px\" \/><\/figure>\n\n\n\n<figure class=\"wp-block-image size-large\"><img loading=\"lazy\" width=\"953\" height=\"639\" src=\"https:\/\/www.torrijos1831.com\/wp-content\/uploads\/2026\/03\/11-5.jpg\" alt=\"\" class=\"wp-image-8621\" srcset=\"http:\/\/www.torrijos1831.com\/wp-content\/uploads\/2026\/03\/11-5.jpg 953w, http:\/\/www.torrijos1831.com\/wp-content\/uploads\/2026\/03\/11-5-300x201.jpg 300w, http:\/\/www.torrijos1831.com\/wp-content\/uploads\/2026\/03\/11-5-768x515.jpg 768w\" sizes=\"(max-width: 953px) 100vw, 953px\" \/><\/figure>\n\n\n\n<figure class=\"wp-block-image size-large\"><img loading=\"lazy\" width=\"920\" height=\"677\" src=\"https:\/\/www.torrijos1831.com\/wp-content\/uploads\/2026\/03\/11-6.jpg\" alt=\"\" class=\"wp-image-8622\" srcset=\"http:\/\/www.torrijos1831.com\/wp-content\/uploads\/2026\/03\/11-6.jpg 920w, http:\/\/www.torrijos1831.com\/wp-content\/uploads\/2026\/03\/11-6-300x221.jpg 300w, http:\/\/www.torrijos1831.com\/wp-content\/uploads\/2026\/03\/11-6-768x565.jpg 768w\" sizes=\"(max-width: 920px) 100vw, 920px\" \/><\/figure>\n\n\n\n<figure class=\"wp-block-image size-large\"><img loading=\"lazy\" width=\"1024\" height=\"683\" src=\"https:\/\/www.torrijos1831.com\/wp-content\/uploads\/2026\/03\/11-7-1024x683.jpg\" alt=\"\" class=\"wp-image-8623\" srcset=\"http:\/\/www.torrijos1831.com\/wp-content\/uploads\/2026\/03\/11-7-1024x683.jpg 1024w, http:\/\/www.torrijos1831.com\/wp-content\/uploads\/2026\/03\/11-7-300x200.jpg 300w, http:\/\/www.torrijos1831.com\/wp-content\/uploads\/2026\/03\/11-7-768x512.jpg 768w, http:\/\/www.torrijos1831.com\/wp-content\/uploads\/2026\/03\/11-7-1536x1024.jpg 1536w, http:\/\/www.torrijos1831.com\/wp-content\/uploads\/2026\/03\/11-7-2048x1366.jpg 2048w\" sizes=\"(max-width: 1024px) 100vw, 1024px\" \/><\/figure>\n","protected":false},"excerpt":{"rendered":"<p>Asociaci\u00f3n Torrijos 1831&nbsp; &nbsp; &nbsp; &nbsp; &nbsp; &nbsp; &nbsp; &nbsp; &nbsp; &nbsp; &nbsp; &nbsp; &nbsp; &nbsp;12\/03\/2026 Coincidiendo con los d\u00edas en los que se est\u00e1 celebrando el Festival de Cine de M\u00e1laga (que durar\u00e1 hasta el 15 de marzo), en la ma\u00f1ana de hoy, 12 de marzo, a la 11,00 h. la productora Abengsa ha&#8230;<\/p>\n","protected":false},"author":1,"featured_media":8624,"comment_status":"closed","ping_status":"closed","sticky":false,"template":"","format":"standard","meta":[],"categories":[4,214],"tags":[],"_links":{"self":[{"href":"http:\/\/www.torrijos1831.com\/index.php?rest_route=\/wp\/v2\/posts\/8616"}],"collection":[{"href":"http:\/\/www.torrijos1831.com\/index.php?rest_route=\/wp\/v2\/posts"}],"about":[{"href":"http:\/\/www.torrijos1831.com\/index.php?rest_route=\/wp\/v2\/types\/post"}],"author":[{"embeddable":true,"href":"http:\/\/www.torrijos1831.com\/index.php?rest_route=\/wp\/v2\/users\/1"}],"replies":[{"embeddable":true,"href":"http:\/\/www.torrijos1831.com\/index.php?rest_route=%2Fwp%2Fv2%2Fcomments&post=8616"}],"version-history":[{"count":6,"href":"http:\/\/www.torrijos1831.com\/index.php?rest_route=\/wp\/v2\/posts\/8616\/revisions"}],"predecessor-version":[{"id":8654,"href":"http:\/\/www.torrijos1831.com\/index.php?rest_route=\/wp\/v2\/posts\/8616\/revisions\/8654"}],"wp:featuredmedia":[{"embeddable":true,"href":"http:\/\/www.torrijos1831.com\/index.php?rest_route=\/wp\/v2\/media\/8624"}],"wp:attachment":[{"href":"http:\/\/www.torrijos1831.com\/index.php?rest_route=%2Fwp%2Fv2%2Fmedia&parent=8616"}],"wp:term":[{"taxonomy":"category","embeddable":true,"href":"http:\/\/www.torrijos1831.com\/index.php?rest_route=%2Fwp%2Fv2%2Fcategories&post=8616"},{"taxonomy":"post_tag","embeddable":true,"href":"http:\/\/www.torrijos1831.com\/index.php?rest_route=%2Fwp%2Fv2%2Ftags&post=8616"}],"curies":[{"name":"wp","href":"https:\/\/api.w.org\/{rel}","templated":true}]}}