{"id":1352,"date":"2019-10-22T20:20:57","date_gmt":"2019-10-22T20:20:57","guid":{"rendered":"http:\/\/www.torrijos1831.com\/?p=1352"},"modified":"2019-11-10T19:27:04","modified_gmt":"2019-11-10T19:27:04","slug":"la-prestigiosa-asociacion-cultural-almazara-de-la-axarquia-visita-en-centro-de-interpretacion-historico-jose-maria-torrijos","status":"publish","type":"post","link":"https:\/\/www.torrijos1831.com\/?p=1352","title":{"rendered":"La prestigiosa Asociaci\u00f3n Cultural Almazara, de la Axarqu\u00eda, visita en Centro de Interpretaci\u00f3n Hist\u00f3rico Jos\u00e9 Mar\u00eda Torrijos"},"content":{"rendered":"<h2><span style=\"color: rgb(0, 0, 0);\">Asociaci\u00f3n Torrijos 1831.- Los integrantes de la Asociaci\u00f3n Almazara han visitado el Centro de Interpretaci\u00f3n Hist\u00f3rico Jos\u00e9 Mar\u00eda Torrijos, sito en la Plaza de la Libertad, en el viejo barrio de El Perchel, de M\u00e1laga. Lo que viene a continuaci\u00f3n es el art\u00edculo que ha editado la propiaAlmazara. \u00abEstimados amigos de la Almazara: ayer domingo, a las 11,30 h. un grupo de almaz\u00e1ricos tuvimos la afortunada ocurrencia de acudir a la convocatoria de visita al Centro de Interpretaci\u00f3n Jos\u00e9 Mar\u00eda de Torrijos, sito en la Plaza de la Libertad, junto al perchelero Mercado del Carmen, en lo que fue el Refectorio o comedorde los carmelitas del antiguo Convento de San Andr\u00e9s. En ese edificio el general Torrijos y sus compa\u00f1eros pasaron su \u00faltima noche antes de ser fusilados al amanecer del 11 de diciembre de 1831 en la playa de El Bulto. Nos hizo de gu\u00eda Esteban Alc\u00e1ntara, historiador y presidente de la Asociaci\u00f3n Torrijos 1831, conocida por sus recreaciones hist\u00f3ricas\u00bb. M\u00e1s del citado art\u00edculo, a continuaci\u00f3n.<\/span><\/h2>\n<p>&nbsp;<\/p>\n<h2><span style=\"color: rgb(0, 0, 0);\">\u00abEste hist\u00f3rico espacio es un \u00abmuseo vivo\u00bb que recuerda la vida y la obra del general Jos\u00e9 Mar\u00eda Torrijos y sus compa\u00f1eros\u00bb y que est\u00e1 a cargo de la Asociaci\u00f3n Hist\u00f3rico Cultural Torrijos 1831. Fue inaugurado el 10 de diciembre del a\u00f1o pasado, como acto principal de las actividades que cada a\u00f1o, por esas fechas, organiza la Asociaci\u00f3n Hist\u00f3ricoCultural Torrijos 1831. El Centro incluye cuadros, r\u00e9plicas hist\u00f3ricas, maquetas y paneles explicativos relacionados con esta revuelta liberal contra el absolutista Fernando VII, con documentos, cuadros y uniformes de la \u00e9poca para recrear y valorar el desembarcode Torrijos y sus hombres, su periplo por la provincia, su captura, el cautiverio en el refectorio y el fusilamiento en las playas de El Bulto, reflejado para la historia en el cuadro de Antonio Gisbert.<\/span><\/h2>\n<p>&nbsp;<\/p>\n<h2><span style=\"color: rgb(0, 0, 0);\">Los objetos expuestos tienen que ver con la historia de M\u00e1laga ciudad, y tambi\u00e9n con Mijas y Alhaur\u00edn de la Torre, los dos municipios que recorrieron Torrijos y sus hombres antes de ser apresados y conducidos a M\u00e1laga. Asimismo, hay cuadros relativos a esteimportante episodio hist\u00f3rico pintados ex profeso o donados por importantes artistas malague\u00f1os y una litograf\u00eda copia del ya mencionado cuadro de Antonio Gisbert, existente en el Museo del Parado, objeto del libro \u00abUnapintura para una naci\u00f2n\u00bb. En el marco del Bicentenario del Museo del Prado, cuya idea motriz es celebrar el citado Museo como el gran regalo que se ha dado la naci\u00f3n espa\u00f1ola, esta exposici\u00f3n, en la sala 61 A del edificioVillanueva, conmemora, hasta el 8 de septiembre, el 150 aniversario de la nacionalizaci\u00f3n de las colecciones reales con la \u00fanica pintura de historia que se encarg\u00f3 por el Estado con destino al Prado, Fusilamientode Torrijos y sus compa\u00f1eros en las playas de M\u00e1laga, obra de Antonio Gisbert, que se exhibe, con la colaboraci\u00f3n de Ram\u00f3n y Cajal Abogados, junto a su boceto preparatorio (expuesto por vez primera tras su reciente restauraci\u00f3n), \u00f3leos, estampasy documentos relacionados con la pintura.<\/span><\/h2>\n<p>&nbsp;<\/p>\n<h2><span style=\"color: rgb(0, 0, 0);\">Las obras de rehabilitaci\u00f3n del refectorio del Centro de Interpretaci\u00f3n Jos\u00e9 Mar\u00eda de Torrijos en el Convento de San Andr\u00e9s corrieron a cargo del Instituto Municipal de la Vivienda y costaron 1.143.000 euros, delos que 650.000 los aport\u00f3 el Gobierno centra, con cargo al 1,5% cultural y 480.000, el Consistorio.<\/span><\/h2>\n<p>&nbsp;<\/p>\n<h2><span style=\"color: rgb(0, 0, 0);\">La intenci\u00f3n, explic\u00f3 Esteban Alc\u00e1ntara, es que el centro pueda acoger actividades culturales y visitas concertadas, \u00abporque deseamos que personas de todas las edades, en particular ni\u00f1os y j\u00f3venes, comprendan de forma amable y sencilla este importante hito de la Historia de M\u00e1laga\u00bb. En este sentido, nos alentaron a quetambi\u00e9n la Asociaci\u00f3n Almazara hiciera suyo este Cetro de Interpretaci\u00f3n y concierte la presentaci\u00f3n en ese espacio de cuantas actividades considere oportunas.<\/span><\/h2>\n<p>&nbsp;<\/p>\n<h2><span style=\"color: rgb(0, 0, 0);\">Esteban Alc\u00e1ntara manifest\u00f3 que la Asociaci\u00f3n Torrijos 1831 est\u00e1 muy agradecida contenta por el desenlace de tantos a\u00f1os, m\u00e1s de una d\u00e9cada, de dedicaci\u00f3n y desvelos y agradecida por la apuesta en sus d\u00eda del alcalde de M\u00e1laga, pero tambi\u00e9n del equipo de gobiernoy los partidos de la oposici\u00f3n por recuperar el convento. Inicialmente fue un edificio religioso, con la desamortizaci\u00f3n de Mendiz\u00e1bal (1836) pas\u00f3 a manos privadas, y en el a\u00f1o 2000 fue declarado en ruina. Elobjetivo de su propietario era vender el terreno a una constructora, pero gracias a la lucha de la Asociaci\u00f3n Torrijos todo cambi\u00f3.<\/span><\/h2>\n<p>&nbsp;<\/p>\n<h2><span style=\"color: rgb(0, 0, 0);\">A la Asociaci\u00f3n Torrijos 31 se le encomend\u00f3 la tarea de dotar de contenido al lugar, con el patrimonio, archivo y documentaci\u00f3n que la citada Asociaci\u00f3n ha ido recogiendo durante casi tres d\u00e9cadas, y realizarlas visitas guiadas. \u00abTenemos cuadros al \u00f3leo, maniqu\u00edes uniformados de la \u00e9poca, maquetas de todos los lugares relacionados con el desembarco y el periplo de Torrijos del 2 de diciembre al 11 de diciembre de1831, banderas, documentos y objetos que ten\u00edan las familias y descendientes de Torrijos\u00bb, explica Esteban Alc\u00e1ntara. Tambi\u00e9n se llevan a cabo conferencias y actividades divulgativas.<\/span><\/h2>\n<p>&nbsp;<\/p>\n<h2><span style=\"color: rgb(0, 0, 0);\">Casi todos los lugares hist\u00f3ricos vinculados con Torrijos estaban abandonados, en estado ruinoso o sin se\u00f1alizar. Precisamente, la Asociaci\u00f3n Torrijos 1831 se cre\u00f3 cuando todo estaba mal. \u00abIbas a la alquer\u00eda de Mollina, destruida; al refectorio, a punto decaerse; la cruz del Bulto no se\u00f1alizaba d\u00f3nde cayeron los liberales; ibas al cementerio de San Miguel y te encontrabas que nada indicaba la fosa com\u00fan de los compa\u00f1eros de Torrijos durante once a\u00f1os\u00bb, recuerda Esteban Alc\u00e1ntara.<\/span><\/h2>\n<p>&nbsp;<\/p>\n<h2><span style=\"color: rgb(0, 0, 0);\">Solo nos cabe recomendar su visita, y muy en particular para los j\u00f3venes estudiantes de la historia de Espa\u00f1a, y agradecer a Esteban, presidente, a Alicia, vicepresidenta, y los vocales Loida, Juan y Jos\u00e9, su hospitalidad y entusiasmo en atendernos y explicarnoscon tanto detalle un fascinante y decisivo hito de nuestra historia contempor\u00e1nea\u00bb.<\/span><\/h2>\n","protected":false},"excerpt":{"rendered":"<p>Asociaci\u00f3n Torrijos 1831.- Los integrantes de la Asociaci\u00f3n Almazara han visitado el Centro de Interpretaci\u00f3n Hist\u00f3rico Jos\u00e9 Mar\u00eda Torrijos, sito en la Plaza de la Libertad, en el viejo barrio de El Perchel, de M\u00e1laga. Lo que viene a continuaci\u00f3n es el art\u00edculo que ha editado la propiaAlmazara. \u00abEstimados amigos de la Almazara: ayer domingo,&#8230;<\/p>\n","protected":false},"author":1,"featured_media":1461,"comment_status":"closed","ping_status":"closed","sticky":false,"template":"","format":"standard","meta":[],"categories":[28],"tags":[],"_links":{"self":[{"href":"https:\/\/www.torrijos1831.com\/index.php?rest_route=\/wp\/v2\/posts\/1352"}],"collection":[{"href":"https:\/\/www.torrijos1831.com\/index.php?rest_route=\/wp\/v2\/posts"}],"about":[{"href":"https:\/\/www.torrijos1831.com\/index.php?rest_route=\/wp\/v2\/types\/post"}],"author":[{"embeddable":true,"href":"https:\/\/www.torrijos1831.com\/index.php?rest_route=\/wp\/v2\/users\/1"}],"replies":[{"embeddable":true,"href":"https:\/\/www.torrijos1831.com\/index.php?rest_route=%2Fwp%2Fv2%2Fcomments&post=1352"}],"version-history":[{"count":5,"href":"https:\/\/www.torrijos1831.com\/index.php?rest_route=\/wp\/v2\/posts\/1352\/revisions"}],"predecessor-version":[{"id":1464,"href":"https:\/\/www.torrijos1831.com\/index.php?rest_route=\/wp\/v2\/posts\/1352\/revisions\/1464"}],"wp:featuredmedia":[{"embeddable":true,"href":"https:\/\/www.torrijos1831.com\/index.php?rest_route=\/wp\/v2\/media\/1461"}],"wp:attachment":[{"href":"https:\/\/www.torrijos1831.com\/index.php?rest_route=%2Fwp%2Fv2%2Fmedia&parent=1352"}],"wp:term":[{"taxonomy":"category","embeddable":true,"href":"https:\/\/www.torrijos1831.com\/index.php?rest_route=%2Fwp%2Fv2%2Fcategories&post=1352"},{"taxonomy":"post_tag","embeddable":true,"href":"https:\/\/www.torrijos1831.com\/index.php?rest_route=%2Fwp%2Fv2%2Ftags&post=1352"}],"curies":[{"name":"wp","href":"https:\/\/api.w.org\/{rel}","templated":true}]}}