{"id":1944,"date":"2019-12-16T18:12:44","date_gmt":"2019-12-16T18:12:44","guid":{"rendered":"http:\/\/www.torrijos1831.com\/?p=1944"},"modified":"2019-12-23T18:18:53","modified_gmt":"2019-12-23T18:18:53","slug":"el-martes-se-presentara-en-la-biblioteca-municipal-de-mijas-pueblo-el-libro-torrijos-y-la-guerra-de-la-independencia","status":"publish","type":"post","link":"https:\/\/www.torrijos1831.com\/?p=1944","title":{"rendered":"El martes se presentar\u00e1 en la Biblioteca Municipal de Mijas Pueblo, el libro \u00abTorrijos y la Guerra de la Independencia\u00bb."},"content":{"rendered":"<p><strong><span style=\"color: #000000;\">Asociaci\u00f3n Torrijos 1831.- Mijas, que tanto ha destacado en los \u00faltimos a\u00f1os en el rescate de la memoria hist\u00f3rica de Jos\u00e9 Mar\u00eda Torrijos, ha previsto gestionado la presentaci\u00f3n del libro\u00bbTorrijos y la Guerra de la Independencia\u00bb, en la Biblioteca P\u00fablicaMunicipal de Mijas Pueblo, situada en el casco urbano antiguo, pr\u00f3xima a la Plaza de Virgen de la Pe\u00f1a. El evento comenzar\u00e1 a las 18\u00b400 h. del martes 17 de diciembre, siendo presentado el libro por el propio autor, el historiador malague\u00f1o Esteban Alc\u00e1ntara,que a la vez es el presidente de la Asociaci\u00f3n Hist\u00f3rico Cultural Torrijos 1831. En esta nueva obra, Alc\u00e1ntara une a su capacidad de investigaci\u00f3n, sus conocimientos de mundo pol\u00edtico, social y militar de la \u00e9poca que se relata (1808-1814), para rescatar eintroducirnos, como no se hab\u00eda hecho antes, en la figura de Torrijos durante aquella contienda, con la aportaci\u00f3n de una <\/span><span style=\"color: #000000;\">in\u00e9dita exposici\u00f3n de su genealog\u00eda, ni\u00f1ez, formaci\u00f3n castrense, actuaci\u00f3n al frente de las diferentes unidades con las que combati\u00f3 yla relaci\u00f3n directa que mantuvo con destacados personajes hist\u00f3ricos. Un libro que, sin duda, aporta el espacio m\u00e1s desconocido en el personaje que tanto destac\u00f3 en la defensa de las libertades en nuestro pa\u00eds. M\u00e1s datos del autor, a continuaci\u00f3n.<\/span><\/strong><\/p>\n<p><strong><span style=\"color: #000000;\">Esteban Alc\u00e1ntara<\/span><\/strong><\/p>\n<p><strong><span style=\"color: #000000;\">Datos del autor.<\/span><\/strong><\/p>\n<p><strong><span style=\"color: #000000;\">Alc\u00e1ntara es un experimentado dibujante que ha publicado varias colecciones y libros en la especialidad de c\u00f3mic hist\u00f3rico, como El h\u00e9roe de Igueriben; La Pasi\u00f3n de Jesucristo; La Ruta de Annual (editada en formato de libro porla Asociaci\u00f3n de Estudios Melillenses y, tambi\u00e9n, por cap\u00edtulos, en la Revista Legi\u00f3n y El Telegrama de Melilla); 1487: La Conquista de M\u00e1laga; M\u00e1laga frente a la Guerra de la Independencia: 1808-1812 (con dos ediciones en 1996 y 2008); Gibraltar 1704: el\u00faltimo d\u00eda y La Soberana Orden de Malta&#8230;la historia. Sus dibujos han merecido exposici\u00f3n en salas como el Archivo Municipal de M\u00e1laga, quedando de forma permanente en el Centro de Interpretaci\u00f3n Hist\u00f3rico del Castillo de Gibralfaro, Torre Museo de la Calade Mijas, Centro de Interpretaci\u00f3n Hist\u00f3rico Jos\u00e9 Mar\u00eda Torrijos, y Alquer\u00eda de Mollina; y en Alhaur\u00edn de la Torre y la Ruta Mud\u00e9jar de Comares, pasados a azulejos por ceramistas. Desde 2015, en la Axarqu\u00eda se entrega un premio de c\u00f3mic hist\u00f3rico que llevasu nombre. Como novelista ha publicado Torremolinos dreams. Sin embargo, en los \u00faltimos a\u00f1os han destacado sus trabajos de investigaci\u00f3n sobre Jos\u00e9 Mar\u00eda de Torrijos: art\u00edculos de prensa, colaboraciones en revistas especializadas y conferencias, as\u00ed lo avalan.Adem\u00e1s, ha realizado diversos dibujos y acuarelas sobre el personaje, es coautor del Musical Torrijos (1999), y director del DVD Torrijos (2002). A sus tres libros anteriores sobre Torrijos: El secreto de la Plaza de la Merced, Del Charc\u00f3n a la Alquer\u00eda: uncamino para Torrijos y R\u00e9quiem por Torrijos.<\/span><\/strong><\/p>\n<p><strong><span style=\"color: #000000;\">Datos de la Asociaci\u00f3n Hist\u00f3rico Cultural Torrijos 1831.<\/span><\/strong><\/p>\n<p><strong><span style=\"color: #000000;\">Tipo de Asociaci\u00f3n: cultural, dedicada a la investigaci\u00f3n hist\u00f3rica, y recreadora en sus actuaciones en p\u00fablico para exponer los hechos que representa. Inscrita en el Registro de Asociaciones de la Junta de Andaluc\u00eda. Inici\u00f3 su periodo constituyente en el a\u00f1o2002, siendo legalizada en 2003. Fue un proyecto original desde el principio, pues en Espa\u00f1a no se hab\u00eda creado anteriormente una Asociaci\u00f3n sobre el personaje hist\u00f3rico de Jos\u00e9 Mar\u00eda Torrijos y Uriarte, h\u00e9roe de la Guerra de Independencia y defensor de laslibertades y derechos constitucionales frente al poder absoluto del reinado de Fernando VII. Original en las formas, dedicaci\u00f3n y fines, que recogen sus estatutos, cimentando sus antecedentes en los precursores que trabajaron sobre el personaje de Torrijosen la provincia de M\u00e1laga, en las d\u00e9cadas de los a\u00f1os ochenta y noventa del siglo XX y primeros a\u00f1os del XXI, y en la raz\u00f3n fundamental y objetiva que como texto legal marca la fecha de legalizaci\u00f3n de su fundaci\u00f3n.<\/span><\/strong><br \/>\n<strong><span style=\"color: #000000;\">Como colectivo de recreaciones hist\u00f3ricas es el m\u00e1s antiguo de las dedicados al siglo XIX, en Andaluc\u00eda, y el segundo en M\u00e1laga en la especialidad general de recreaciones hist\u00f3ricas, s\u00f3lo superado por \u00abEl Paso\u00bb de Riogordo (1953). Por esa antig\u00fcedad ambos colectivosest\u00e1n hermanados.<\/span><\/strong><br \/>\n<strong><span style=\"color: #000000;\">En cuanto a las representaciones relativas a la Guerra de la Independencia en las que participa la Asociaci\u00f3n, la recreaci\u00f3n insignia, creada en 2007, es el \u00abRegimiento de Infanter\u00eda de M\u00e1laga\u00bb, unidad titular de M\u00e1laga, que salvo un periodo de disoluci\u00f3n,tuvo vida castrense desde 1701 a 1893, siendo su historial heredado por el Regimiento Melilla en sus diferentes numeraciones, y que fue disuelto en M\u00e1laga, en 1985. Para entrar en su historial y actividades: regimientodeinfanteriademalaga.blogspot.com<\/span><\/strong><br \/>\n<strong><span style=\"color: #000000;\">Correo de Contacto: contacto@torrijos1831.es . Tel\u00e9fono 952234039<\/span><\/strong><\/p>\n","protected":false},"excerpt":{"rendered":"<p>Asociaci\u00f3n Torrijos 1831.- Mijas, que tanto ha destacado en los \u00faltimos a\u00f1os en el rescate de la memoria hist\u00f3rica de Jos\u00e9 Mar\u00eda Torrijos, ha previsto gestionado la presentaci\u00f3n del libro\u00bbTorrijos y la Guerra de la Independencia\u00bb, en la Biblioteca P\u00fablicaMunicipal de Mijas Pueblo, situada en el casco urbano antiguo, pr\u00f3xima a la Plaza de Virgen&#8230;<\/p>\n","protected":false},"author":1,"featured_media":1945,"comment_status":"closed","ping_status":"closed","sticky":false,"template":"","format":"standard","meta":[],"categories":[28],"tags":[],"_links":{"self":[{"href":"https:\/\/www.torrijos1831.com\/index.php?rest_route=\/wp\/v2\/posts\/1944"}],"collection":[{"href":"https:\/\/www.torrijos1831.com\/index.php?rest_route=\/wp\/v2\/posts"}],"about":[{"href":"https:\/\/www.torrijos1831.com\/index.php?rest_route=\/wp\/v2\/types\/post"}],"author":[{"embeddable":true,"href":"https:\/\/www.torrijos1831.com\/index.php?rest_route=\/wp\/v2\/users\/1"}],"replies":[{"embeddable":true,"href":"https:\/\/www.torrijos1831.com\/index.php?rest_route=%2Fwp%2Fv2%2Fcomments&post=1944"}],"version-history":[{"count":3,"href":"https:\/\/www.torrijos1831.com\/index.php?rest_route=\/wp\/v2\/posts\/1944\/revisions"}],"predecessor-version":[{"id":1948,"href":"https:\/\/www.torrijos1831.com\/index.php?rest_route=\/wp\/v2\/posts\/1944\/revisions\/1948"}],"wp:featuredmedia":[{"embeddable":true,"href":"https:\/\/www.torrijos1831.com\/index.php?rest_route=\/wp\/v2\/media\/1945"}],"wp:attachment":[{"href":"https:\/\/www.torrijos1831.com\/index.php?rest_route=%2Fwp%2Fv2%2Fmedia&parent=1944"}],"wp:term":[{"taxonomy":"category","embeddable":true,"href":"https:\/\/www.torrijos1831.com\/index.php?rest_route=%2Fwp%2Fv2%2Fcategories&post=1944"},{"taxonomy":"post_tag","embeddable":true,"href":"https:\/\/www.torrijos1831.com\/index.php?rest_route=%2Fwp%2Fv2%2Ftags&post=1944"}],"curies":[{"name":"wp","href":"https:\/\/api.w.org\/{rel}","templated":true}]}}