{"id":2865,"date":"2020-12-22T18:26:30","date_gmt":"2020-12-22T18:26:30","guid":{"rendered":"http:\/\/www.torrijos1831.com\/?p=2865"},"modified":"2020-12-22T18:26:31","modified_gmt":"2020-12-22T18:26:31","slug":"colocacion-de-una-corona-de-laurel-en-el-verdadero-lugar-donde-cayeron-torrijos-y-sus-companeros-en-el-bulto-malaga","status":"publish","type":"post","link":"https:\/\/www.torrijos1831.com\/?p=2865","title":{"rendered":"Colocaci\u00f3n de una corona de laurel en el verdadero lugar donde cayeron Torrijos y sus compa\u00f1eros en El Bulto (M\u00e1laga)"},"content":{"rendered":"<p><strong><span style=\"color: #000000;\">Asociaci\u00f3n Torrijos 1831.- En la ma\u00f1ana del pasado 11 de diciembre, dentro de los actos de las XIX Jornadas de homenaje a Torrijos y la Constituci\u00f3n, una comisi\u00f3n de la Asociaci\u00f3n Hist\u00f3rico Cultural Torrijos 1831 ha colocado una corona de laurel en el espacio donde en la ma\u00f1ana del 11 de diciembre de 1831 cay\u00f3 el general Torrijos con sus cuarenta y ocho liberales (espacio que circunda la esquina norte que formar la avenida Ingeniero Jos\u00e9 Mar\u00eda Garnica y calle Lebrija) , lugar que no es el indicado hoy por la Cruz levantada en 1869, ya que, actualmente, est\u00e1 colocada en una zona que, en 1831, era mar. La determinaci\u00f3n del lugar est\u00e1 reflejada en un trabajo de investigaci\u00f3n recogido en las p\u00e1ginas del libro \u00abR\u00e9quiem por Torrijos\u00bb (2007), autor\u00eda de Esteban Alc\u00e1ntara y Juan Pacheco. El Ayuntamiento de M\u00e1laga y la Asociaci\u00f3n Hist\u00f3rico Cultural Torrijos 1831, colocaron una l\u00e1pida el 19 de noviembre de 2014, que como hito da testimonio hist\u00f3rico del lugar donde se perpetr\u00f3 aquel luctuoso acontecimiento. Sin duda, otro punto hist\u00f3rico de la ciudad rescatado en M\u00e1laga por las iniciativas y peticiones de los integrantes de la Asociaci\u00f3n Torrijos 1831, para la memoria de aquellos liberales decimon\u00f3nicos que en su d\u00eda se enfrentaron a poder absoluto y degradante del monarca Fernando VII, que hab\u00eda declarado nula la Constituci\u00f3n de 1812, y con ello secuestrado las libertades y derechos de los ciudadanos espa\u00f1oles. M\u00e1s datos para los lectores que habitualmente siguen las noticias de la Asociaci\u00f3n Torrijos 1831, a continuaci\u00f3n.<\/span><\/strong><br \/>\n<strong><span style=\"color: #000000;\">El obelisco que nunca se coloc\u00f3 en El Bulto.<\/span><\/strong><\/p>\n<p><strong><span style=\"color: #000000;\">En 1841, el Ayuntamiento de la ciudad de M\u00e1laga se plante\u00f3 colocar el gran obelisco que hoy figura en la Plaza de la Merced, en la zona de El Bulto donde cayeron los liberales. Se realizaron diversos estudios, pero todos llegaron a la conclusi\u00f3n de que el terreno forjado por la d\u00e9bil sedimentaci\u00f3n que hasta la zona arrastraron secularmente las aguas del arroyo del Cuarto, era poco consistente para soportar el gran peso del obelisco que se deseaba colocar. Fue por ello, por lo que las autoridades decidieron levantarlo, finalmente, en la Plaza de la Merced.<\/span><\/strong><\/p>\n<p><strong><span style=\"color: #000000;\">En 1869, la Cruz de Torrijos que se decidi\u00f3 colocar en \u00abEl Bulto\u00bb, con ocasi\u00f3n de \u00abLa Gloriosa\u00bb, no fue situada en el lugar exacto de los fusilamientos del 11 de diciembre de 1831, tal como queda demostrado en el libro \u00abR\u00e9quiem por Torrijos\u00bb, sino que se decidi\u00f3 su ubicaci\u00f3n, entre la primera fase de las casas de Heredia y el rebalaje de la orilla. Unos a\u00f1os despu\u00e9s, la Cruz qued\u00f3 atrapada en un callej\u00f3n de la segunda fase de las casas de proletariado de las f\u00e1bricas situadas en las playas de San Andr\u00e9s.<\/span><\/strong><\/p>\n<p><strong><span style=\"color: #000000;\">Datos de la Asociaci\u00f3n Hist\u00f3rico Cultural Torrijos 1831.<\/span><\/strong><\/p>\n<p><strong><span style=\"color: #000000;\">Tipo de Asociaci\u00f3n: cultural, dedicada a la investigaci\u00f3n hist\u00f3rica y recreadora en sus actuaciones en p\u00fablico para presentar los hechos que representa. Inscrita en el Registro de Asociaciones de la Junta de Andaluc\u00eda, inici\u00f3 su periodo constituyente en el a\u00f1o 2002, siendo legalizada en 2003. Fue un proyecto original desde el principio, en su dedicaci\u00f3n y fines, pues en Espa\u00f1a no hab\u00eda existido una Asociaci\u00f3n sobre el personaje hist\u00f3rico de Jos\u00e9 Mar\u00eda Torrijos y Uriarte, h\u00e9roe de la Guerra de Independencia y defensor de las libertades y derechos constitucionales frente al poder absoluto del reinado de Fernando VII. Como colectivo de recreaciones hist\u00f3ricas es el m\u00e1s antiguo de Andaluc\u00eda, de las dedicadas al siglo XIX. Estas son las ocho dedicadas a Torrijos:<\/span><\/strong><\/p>\n<p><strong><span style=\"color: #000000;\">2002: Cuerda de Presos. Lugar: Torrealquer\u00eda (Alhaur\u00edn de la Torre).<\/span><\/strong><\/p>\n<p><strong><span style=\"color: #000000;\">2003: Desembarco en la playa de El Charc\u00f3n. Lugar: Cala de Mijas.<\/span><\/strong><\/p>\n<p><strong><span style=\"color: #000000;\">2003: Marcha por la Ruta de Torrijos. Lugar: Mijas-Alhaur\u00edn de la Torre.<\/span><\/strong><\/p>\n<p><strong><span style=\"color: #000000;\">2003: Ofrenda en la Cruz de El Bulto con recreaci\u00f3n del Cuadro de Gisbert. Lugar: M\u00e1laga<\/span><\/strong><\/p>\n<p><strong><span style=\"color: #000000;\">2003: R\u00e9quiem por Torrijos en la Plaza de la Merced. Lugar: M\u00e1laga.<\/span><\/strong><\/p>\n<p><strong><span style=\"color: #000000;\">2004: Homenaje a Robert Boyd en el Cementerio Ingl\u00e9s. Lugar: M\u00e1laga.<\/span><\/strong><\/p>\n<p><strong><span style=\"color: #000000;\">2005: Honores a Torrijos y la Constituci\u00f3n. Lugar: Alhaur\u00edn de la Torre.<\/span><\/strong><\/p>\n<p><strong><span style=\"color: #000000;\">2006: Cerco y rendici\u00f3n de Torrijos en la Alquer\u00eda. Lugar: Torrealquer\u00eda (Alhaur\u00edn de la Torre).<\/span><\/strong><\/p>\n<p><strong><span style=\"color: #000000;\">En cuanto a las representaciones relativas a la Guerra de la Independencia en las que participa la Asociaci\u00f3n, la recreaci\u00f3n insignia, creada en 2007, es el \u00abRegimiento de Infanter\u00eda de M\u00e1laga\u00bb, unidad titular de M\u00e1laga, cuyo historial hered\u00f3 el Regimiento Melilla 52\u00ba. El colectivo muestra su patrimonio hist\u00f3rico en la casa museo de la barriada de Torrealquer\u00eda, en Alhaur\u00edn de la Torre, y en el Centro de Interpretaci\u00f3n Hist\u00f3rico Jos\u00e9 Mar\u00eda Torrijos, sito en la Plaza de la Libertad, entre la parte posterior del Mercado de El Perchel y calle Eslava.<\/span><\/strong><\/p>\n<p><strong><span style=\"color: #000000;\">Para entrar en su historial y actividades: P\u00e1gina web: www.torrijos1831.es y Correo de Contacto: contacto@torrijos1831.es Tel\u00e9fono 952234039. Para espec\u00edficas de la Guerra de la Independencia: regimientodeinfanteriademalaga.blogspot.com<\/span><\/strong><\/p>\n","protected":false},"excerpt":{"rendered":"<p>Asociaci\u00f3n Torrijos 1831.- En la ma\u00f1ana del pasado 11 de diciembre, dentro de los actos de las XIX Jornadas de homenaje a Torrijos y la Constituci\u00f3n, una comisi\u00f3n de la Asociaci\u00f3n Hist\u00f3rico Cultural Torrijos 1831 ha colocado una corona de laurel en el espacio donde en la ma\u00f1ana del 11 de diciembre de 1831 cay\u00f3&#8230;<\/p>\n","protected":false},"author":1,"featured_media":2866,"comment_status":"closed","ping_status":"closed","sticky":false,"template":"","format":"standard","meta":[],"categories":[147],"tags":[],"_links":{"self":[{"href":"https:\/\/www.torrijos1831.com\/index.php?rest_route=\/wp\/v2\/posts\/2865"}],"collection":[{"href":"https:\/\/www.torrijos1831.com\/index.php?rest_route=\/wp\/v2\/posts"}],"about":[{"href":"https:\/\/www.torrijos1831.com\/index.php?rest_route=\/wp\/v2\/types\/post"}],"author":[{"embeddable":true,"href":"https:\/\/www.torrijos1831.com\/index.php?rest_route=\/wp\/v2\/users\/1"}],"replies":[{"embeddable":true,"href":"https:\/\/www.torrijos1831.com\/index.php?rest_route=%2Fwp%2Fv2%2Fcomments&post=2865"}],"version-history":[{"count":1,"href":"https:\/\/www.torrijos1831.com\/index.php?rest_route=\/wp\/v2\/posts\/2865\/revisions"}],"predecessor-version":[{"id":2867,"href":"https:\/\/www.torrijos1831.com\/index.php?rest_route=\/wp\/v2\/posts\/2865\/revisions\/2867"}],"wp:featuredmedia":[{"embeddable":true,"href":"https:\/\/www.torrijos1831.com\/index.php?rest_route=\/wp\/v2\/media\/2866"}],"wp:attachment":[{"href":"https:\/\/www.torrijos1831.com\/index.php?rest_route=%2Fwp%2Fv2%2Fmedia&parent=2865"}],"wp:term":[{"taxonomy":"category","embeddable":true,"href":"https:\/\/www.torrijos1831.com\/index.php?rest_route=%2Fwp%2Fv2%2Fcategories&post=2865"},{"taxonomy":"post_tag","embeddable":true,"href":"https:\/\/www.torrijos1831.com\/index.php?rest_route=%2Fwp%2Fv2%2Ftags&post=2865"}],"curies":[{"name":"wp","href":"https:\/\/api.w.org\/{rel}","templated":true}]}}