{"id":3016,"date":"2021-03-10T16:27:53","date_gmt":"2021-03-10T16:27:53","guid":{"rendered":"http:\/\/www.torrijos1831.com\/?p=3016"},"modified":"2021-03-16T17:57:49","modified_gmt":"2021-03-16T17:57:49","slug":"5-de-febrero-de-1810-el-dia-que-el-regimiento-de-infanteria-malaga-defendio-la-ciudad-contra-los-franceses","status":"publish","type":"post","link":"https:\/\/www.torrijos1831.com\/?p=3016","title":{"rendered":"5 de febrero de 1810. El d\u00eda que el Regimiento de Infanter\u00eda M\u00e1laga defendi\u00f3 la ciudad contra los franceses."},"content":{"rendered":"<p><span style=\"color: #000000;\"><strong>Asociaci\u00f3n Torrijos 1831.<\/strong><\/span><\/p>\n<p><span style=\"color: #000000;\"><strong>El pasado 5 de febrero de 2021, se han cumplido los 211 a\u00f1os de la defensa de la ciudad de M\u00e1laga contra los franceses, en la que particip\u00f3 con la mayor\u00eda de sus unidades disponibles el Regimiento de Infanter\u00eda M\u00e1laga, cuerpo titular de nuestra capital. Con motivo de la cercan\u00eda del Bicentenario de 2008, y con arreglo a lo expuesto en el libro \u201cM\u00e1laga frente a la Guerra de la Independencia: 1808-1812\u201d, de uno de nuestros fundadores, editado en 1996, con una reedici\u00f3n posterior en 2008; la Asociaci\u00f3n Torrijos 1831 lo reconstruy\u00f3 en 2007 con sus banderas, tambor y uniformidades, dedic\u00e1ndose desde entonces, una parte de las actividades del colectivo a participar en actos conmemorativos en los lugares donde actu\u00f3 o pas\u00f3 como consecuencia de la b\u00e9lica, haciendo recreaciones en M\u00e1laga capital, especialmente junto a la ermita de Zamarrilla, El Perchel, iglesia de Santiago, castillo de Gibralfaro, Alcazaba (donde recibi\u00f3 la bandera Regimental de manos del Alcalde Francisco de la Torre, con representaci\u00f3n importante de antiguos mandos de la guarnici\u00f3n de M\u00e1laga, profesorado de la Universidad y colectivos civiles), Alcazabilla, Aduana y Plaza de la Constituci\u00f3n. Tambi\u00e9n en Mijas, Marbella, Casares, La L\u00ednea, Gauc\u00edn, Ronda, Ja\u00e9n, San Fernando, C\u00e1diz, Almonacid, Oca\u00f1a y Arquillos (en todas esas localidades se han entregado las banderas municipales).<\/strong><\/span><\/p>\n<p><span style=\"color: #000000;\"><strong>Datos de la Asociaci\u00f3n Hist\u00f3rico Cultural Torrijos 1831.<\/strong><\/span><\/p>\n<p><span style=\"color: #000000;\"><strong>Tipo de Asociaci\u00f3n: cultural, dedicada a la investigaci\u00f3n hist\u00f3rica y recreadora en sus actuaciones en p\u00fablico para presentar los hechos que representa. Inscrita en el Registro de Asociaciones de la Junta de Andaluc\u00eda, inici\u00f3 su periodo constituyente en el a\u00f1o 2002, siendo legalizada en 2003. Fue un proyecto original desde el principio, en su dedicaci\u00f3n y fines, pues en Espa\u00f1a no hab\u00eda existido una Asociaci\u00f3n sobre el personaje hist\u00f3rico de Jos\u00e9 Mar\u00eda Torrijos y Uriarte, h\u00e9roe de la Guerra de Independencia y defensor de las libertades y derechos constitucionales frente al poder absoluto del reinado de Fernando VII. Como colectivo de recreaciones hist\u00f3ricas es el m\u00e1s antiguo de Andaluc\u00eda, de las dedicadas al siglo XIX. Estas son las ocho dedicadas a Torrijos:<\/strong><\/span><br \/>\n<span style=\"color: #000000;\"><strong>2002: Cuerda de Presos. Lugar: Torrealquer\u00eda (Alhaur\u00edn de la Torre).<\/strong><\/span><br \/>\n<span style=\"color: #000000;\"><strong>2003: Desembarco en la playa de El Charc\u00f3n. Lugar: Cala de Mijas.<\/strong><\/span><br \/>\n<span style=\"color: #000000;\"><strong>2003: Marcha por la Ruta de Torrijos. Lugar: Mijas-Alhaur\u00edn de la Torre.<\/strong><\/span><br \/>\n<span style=\"color: #000000;\"><strong>2003: Ofrenda en la Cruz de El Bulto con recreaci\u00f3n del Cuadro de Gisbert. Lugar: M\u00e1laga<\/strong><\/span><br \/>\n<span style=\"color: #000000;\"><strong>2003: R\u00e9quiem por Torrijos en la Plaza de la Merced. Lugar: M\u00e1laga.<\/strong><\/span><br \/>\n<span style=\"color: #000000;\"><strong>2004: Homenaje a Robert Boyd en el Cementerio Ingl\u00e9s. Lugar: M\u00e1laga.<\/strong><\/span><br \/>\n<span style=\"color: #000000;\"><strong>2005: Honores a Torrijos y la Constituci\u00f3n. Lugar: Alhaur\u00edn de la Torre.<\/strong><\/span><br \/>\n<span style=\"color: #000000;\"><strong>2006: Cerco y rendici\u00f3n de Torrijos en la Alquer\u00eda. Lugar: Torrealquer\u00eda (Alhaur\u00edn de la Torre).<\/strong><\/span><br \/>\n<span style=\"color: #000000;\"><strong>En cuanto a las representaciones relativas a la Guerra de la Independencia en las que participa la Asociaci\u00f3n, la recreaci\u00f3n insignia, creada en 2007, es el \u201cRegimiento de Infanter\u00eda de M\u00e1laga\u201d, unidad titular de M\u00e1laga, cuyo historial hered\u00f3 el Regimiento Melilla 52\u00ba. El colectivo muestra su patrimonio hist\u00f3rico en la casa museo de la barriada de Torrealquer\u00eda, en Alhaur\u00edn de la Torre, y en el Centro de Interpretaci\u00f3n Hist\u00f3rico Jos\u00e9 Mar\u00eda Torrijos, sito en la Plaza de la Libertad, entre la parte posterior del Mercado de El Perchel y calle Eslava.<\/strong><\/span><br \/>\n<span style=\"color: #000000;\"><strong>Para entrar en su historial y actividades: P\u00e1ginas web: www.torrijos1831.com y www.torrijos1831.es y Correo de Contacto: contacto@torrijos1831.es . Tel\u00e9fono 952234039. Para espec\u00edficas de la Guerra de la Independencia: regimientodeinfanteriademalaga.blogspot.com<\/strong><\/span><\/p>\n","protected":false},"excerpt":{"rendered":"<p>Asociaci\u00f3n Torrijos 1831. El pasado 5 de febrero de 2021, se han cumplido los 211 a\u00f1os de la defensa de la ciudad de M\u00e1laga contra los franceses, en la que particip\u00f3 con la mayor\u00eda de sus unidades disponibles el Regimiento de Infanter\u00eda M\u00e1laga, cuerpo titular de nuestra capital. Con motivo de la cercan\u00eda del Bicentenario&#8230;<\/p>\n","protected":false},"author":1,"featured_media":3019,"comment_status":"closed","ping_status":"closed","sticky":false,"template":"","format":"standard","meta":[],"categories":[27],"tags":[],"_links":{"self":[{"href":"https:\/\/www.torrijos1831.com\/index.php?rest_route=\/wp\/v2\/posts\/3016"}],"collection":[{"href":"https:\/\/www.torrijos1831.com\/index.php?rest_route=\/wp\/v2\/posts"}],"about":[{"href":"https:\/\/www.torrijos1831.com\/index.php?rest_route=\/wp\/v2\/types\/post"}],"author":[{"embeddable":true,"href":"https:\/\/www.torrijos1831.com\/index.php?rest_route=\/wp\/v2\/users\/1"}],"replies":[{"embeddable":true,"href":"https:\/\/www.torrijos1831.com\/index.php?rest_route=%2Fwp%2Fv2%2Fcomments&post=3016"}],"version-history":[{"count":1,"href":"https:\/\/www.torrijos1831.com\/index.php?rest_route=\/wp\/v2\/posts\/3016\/revisions"}],"predecessor-version":[{"id":3018,"href":"https:\/\/www.torrijos1831.com\/index.php?rest_route=\/wp\/v2\/posts\/3016\/revisions\/3018"}],"wp:featuredmedia":[{"embeddable":true,"href":"https:\/\/www.torrijos1831.com\/index.php?rest_route=\/wp\/v2\/media\/3019"}],"wp:attachment":[{"href":"https:\/\/www.torrijos1831.com\/index.php?rest_route=%2Fwp%2Fv2%2Fmedia&parent=3016"}],"wp:term":[{"taxonomy":"category","embeddable":true,"href":"https:\/\/www.torrijos1831.com\/index.php?rest_route=%2Fwp%2Fv2%2Fcategories&post=3016"},{"taxonomy":"post_tag","embeddable":true,"href":"https:\/\/www.torrijos1831.com\/index.php?rest_route=%2Fwp%2Fv2%2Ftags&post=3016"}],"curies":[{"name":"wp","href":"https:\/\/api.w.org\/{rel}","templated":true}]}}