{"id":3101,"date":"2021-10-18T17:21:26","date_gmt":"2021-10-18T17:21:26","guid":{"rendered":"http:\/\/www.torrijos1831.com\/?p=3101"},"modified":"2021-10-18T17:21:30","modified_gmt":"2021-10-18T17:21:30","slug":"conferencia-la-columna-de-rafael-de-riego-estrategia-y-fines-impartida-en-el-centro-de-interpretacion-historico-jose-maria-torrijos-en-el-perchel","status":"publish","type":"post","link":"https:\/\/www.torrijos1831.com\/?p=3101","title":{"rendered":"Conferencia \u201cLa columna de Rafael de Riego: estrategia y fines\u201d, impartida en el Centro de Interpretaci\u00f3n Hist\u00f3rico Jos\u00e9 Mar\u00eda Torrijos, en El Perchel."},"content":{"rendered":"<p style=\"text-align: justify;\"><span style=\"color: #000000;\"><strong>Asociaci\u00f3n Torrijos 1831<\/strong><\/span><\/p>\n<p style=\"text-align: justify;\"><span style=\"color: #000000;\"><strong>Dentro del II Ciclo de Conferencias relativas al evento \u201cDoscientos a\u00f1os del Trienio Liberal: 2020-2023\u201d, en este a\u00f1o denominado \u201cEl liberalismo en la encrucijada\u201d, bajo la direcci\u00f3n de Jes\u00fas P\u00e9rez-Lanzac y coordinado por Mar\u00eda Montiel; el pasado dia 24 de septiembre, a las 19\u00b400 h. tuvo lugar en el Centro de Interpretaci\u00f3n Hist\u00f3rico Jos\u00e9 Mar\u00eda Torrijos, la conferencia impartida por el historiador malague\u00f1o y actual presidente de la Asociaci\u00f3n Hist\u00f3rico Cultural Torrijos 1831, Esteban Alc\u00e1ntara Alcaide, titulada \u201cLa columna de Rafael de Riego: estrategia y fines\u201d, con el aforo completo autorizado, en el Centro de Interpretaci\u00f3n Hist\u00f3rico (Refectorio). P\u00e9rez-Lanzac present\u00f3 la conferencia y, a continuaci\u00f3n, el presidente del Club Liberal de M\u00e1laga 1812, Rafael O\u00b4Donnell present\u00f3 al ponente. Por su parte, Esteban Alc\u00e1ntara explic\u00f3 los diferente puntos a abordar en la conferencia, como la intenci\u00f3n estrat\u00e9gica de las columnas liberales que, a partir del 2 enero de 1820, marcharon hacia la Isla de Le\u00f3n (San Fernando); los efectivos que all\u00ed se concentraron desde el 3 al 8 de enero, el fracaso ante la Cortadura y la propia C\u00e1diz por parte de los pronunciados, as\u00ed como la imperiosa necesidad de que una fuerza liberal, solvente, saliera de la Isla para promover el levantamiento en ciudades y pueblos importantes de Andaluc\u00eda, proclamando como objetivo pol\u00edtico la Constituci\u00f3n de 1812, y la vez, que se proveyera de medios econ\u00f3micos y materiales muy necesarios para el sost\u00e9n del reci\u00e9n proclamado ej\u00e9rcito nacional. M\u00e1s datos, a continuaci\u00f3n.<\/strong><\/span><\/p>\n<p style=\"text-align: justify;\"><span style=\"color: #000000;\"><strong>Exposici\u00f3n detallada de lo vivido hist\u00f3ricamente en cada jornada por la columna de Riego, desde el 27 de enero al 12 de marzo de 1820, fecha en la que la columna se disolvi\u00f3.<\/strong><\/span><\/p>\n<p style=\"text-align: justify;\"><span style=\"color: #000000;\"><strong>Desde que la columna de Riego sali\u00f3 el 27 de enero de 1820, con el exagerado nombre de 1\u00aa Divisi\u00f3n del Ej\u00e9rcito Nacional (excesivo para el n\u00famero real de hombres que acompa\u00f1aban a Riego: 1.500, casi un tercio de una Divisi\u00f3n real), pero eficaz en cuanto propaganda sobre la tropa salida de la Isla, para impresionar a los rivales; el ponente realiz\u00f3 una exposici\u00f3n detallada, de forma espacio-temporal, sobre cada jornada de la columna, de las vicisitudes en cada localidad que alcanzaron las tropas de Riego, haciendo claras diferencias, en cuanto al comportamiento y resoluci\u00f3n que tuvo la columna en las provincias de C\u00e1diz, M\u00e1laga, Sevilla, C\u00f3rdoba, sur de Extremadura y el condado de Niebla. Especializado en estudios militares (la columna de Riego fue un hecho militar y as\u00ed hay que revisarlo), el ponente detall\u00f3 los aciertos y errores de la columna de la columna liberal, en lo concerniente a estrategia y t\u00e1cticas, haciendo lo mismo con las tropas de su m\u00e1s directo rival, el general absolutista Jos\u00e9 O\u00b4Donnell, su perseguidor implacable, con una diferencia notoria: que mientras las tropas de O\u00b4Donnell, aumentaban semana tras semana en n\u00famero y en todos los lugares que se presentaban como la \u201clegalidad\u201d vigente, lo que facilit\u00f3 su log\u00edstica; la columna de Riego dej\u00f3 de tener \u201cretaguardia\u201d a donde retroceder al salir de la provincia de C\u00e1diz, precariedad que aument\u00f3 en la log\u00edstica cuando la columna liberal sufri\u00f3 un dur\u00edsimo quebranto al salir de Marbella para M\u00e1laga, no pudi\u00e9ndose ya recuperar de sus bajas en cuanto a muertos, heridos, prisioneros y desertores, en las localidades que, a continuaci\u00f3n, fue alcanzando. Sin embargo, ese fue su gran m\u00e9rito, sostenerse, a pesar de los combates que le resultaron desfavorables en Marbella y Mor\u00f3n, aguantando desde el 27 de febrero hasta el 12 de marzo, como columna, pues en esa \u00faltima fecha se disolvi\u00f3, al quedarle a Riego menos de cien hombres. Ese aguantar, ese soportar la adversidad para seguir marchando a pesar de la desigualdad frente a sus enemigos, motivaron centenares de noticias, a veces no exentas de exageraciones, pero nacidas de una realidad, que llegaron a Ciudad Real, Badajoz, Toledo, Aranjuez, Murcia y Cartagena, y terminaron alcanzando Madrid y el norte, basadas en que la \u201c1\u00aa Divisi\u00f3n del Ej\u00e9rcito Nacional\u201d, continuaba entrando en capitales andaluzas y pueblos importante, proclamando la Constituci\u00f3n de 1812 sin impedimento, mostrando siempre que estaba \u201cviva\u201d, y que las tropas del capit\u00e1n general interino, Freire, organizadas en cuatro divisiones, y sumando unos 24.000 hombres, no lograban impedirlo. Ese sobrevivir de la columna Riego en medio de la soledad, aislado, y sin apoyos, al salir de la provincia de C\u00e1diz, fue lo que anim\u00f3 al coronel Espinosa a pronunciarse en La Coru\u00f1a a favor del sistema constitucional, sigui\u00e9ndole las ciudades de Oviedo, Murcia, Cartagena, Pamplona, Zaragoza y Barcelona. Todo ello hundi\u00f3 al r\u00e9gimen absolutista de Fernando VII, teniendo el monarca que claudicar y decretar el retorno al sistema constitucional, el 7 de marzo. Riego cumpli\u00f3 as\u00ed el juramento que hizo antes de salir por la puerta principal de San Fernando, el 27 de enero, tras tirar la vaina de su sable y gritar desde su caballo: \u201cNo volver\u00e9 a envainar mi espada hasta que en Espa\u00f1a haya un sistema constitucional\u201d. Y lo cumpli\u00f3.<\/strong><\/span><\/p>\n","protected":false},"excerpt":{"rendered":"<p>Asociaci\u00f3n Torrijos 1831 Dentro del II Ciclo de Conferencias relativas al evento \u201cDoscientos a\u00f1os del Trienio Liberal: 2020-2023\u201d, en este a\u00f1o denominado \u201cEl liberalismo en la encrucijada\u201d, bajo la direcci\u00f3n de Jes\u00fas P\u00e9rez-Lanzac y coordinado por Mar\u00eda Montiel; el pasado dia 24 de septiembre, a las 19\u00b400 h. tuvo lugar en el Centro de Interpretaci\u00f3n&#8230;<\/p>\n","protected":false},"author":1,"featured_media":3102,"comment_status":"closed","ping_status":"closed","sticky":false,"template":"","format":"standard","meta":[],"categories":[182],"tags":[],"_links":{"self":[{"href":"https:\/\/www.torrijos1831.com\/index.php?rest_route=\/wp\/v2\/posts\/3101"}],"collection":[{"href":"https:\/\/www.torrijos1831.com\/index.php?rest_route=\/wp\/v2\/posts"}],"about":[{"href":"https:\/\/www.torrijos1831.com\/index.php?rest_route=\/wp\/v2\/types\/post"}],"author":[{"embeddable":true,"href":"https:\/\/www.torrijos1831.com\/index.php?rest_route=\/wp\/v2\/users\/1"}],"replies":[{"embeddable":true,"href":"https:\/\/www.torrijos1831.com\/index.php?rest_route=%2Fwp%2Fv2%2Fcomments&post=3101"}],"version-history":[{"count":1,"href":"https:\/\/www.torrijos1831.com\/index.php?rest_route=\/wp\/v2\/posts\/3101\/revisions"}],"predecessor-version":[{"id":3103,"href":"https:\/\/www.torrijos1831.com\/index.php?rest_route=\/wp\/v2\/posts\/3101\/revisions\/3103"}],"wp:featuredmedia":[{"embeddable":true,"href":"https:\/\/www.torrijos1831.com\/index.php?rest_route=\/wp\/v2\/media\/3102"}],"wp:attachment":[{"href":"https:\/\/www.torrijos1831.com\/index.php?rest_route=%2Fwp%2Fv2%2Fmedia&parent=3101"}],"wp:term":[{"taxonomy":"category","embeddable":true,"href":"https:\/\/www.torrijos1831.com\/index.php?rest_route=%2Fwp%2Fv2%2Fcategories&post=3101"},{"taxonomy":"post_tag","embeddable":true,"href":"https:\/\/www.torrijos1831.com\/index.php?rest_route=%2Fwp%2Fv2%2Ftags&post=3101"}],"curies":[{"name":"wp","href":"https:\/\/api.w.org\/{rel}","templated":true}]}}