{"id":3309,"date":"2022-03-28T21:55:29","date_gmt":"2022-03-28T21:55:29","guid":{"rendered":"http:\/\/www.torrijos1831.com\/?p=3309"},"modified":"2022-03-28T21:55:32","modified_gmt":"2022-03-28T21:55:32","slug":"ofrenda-de-corona-citas-y-poemas-abren-un-mar-de-sentimientos-ante-el-cenotafio-que-en-estepona-alberga-los-restos-de-salvador-manzanares-y-sus-bravos-companeros","status":"publish","type":"post","link":"https:\/\/www.torrijos1831.com\/?p=3309","title":{"rendered":"Ofrenda de corona, citas y poemas, abren un mar de sentimientos ante el cenotafio que, en Estepona, alberga los restos de Salvador Manzanares y sus bravos compa\u00f1eros."},"content":{"rendered":"<p style=\"text-align: justify;\"><span style=\"color: #800000;\"><strong>Asociaci\u00f3n Torrijos 1831. 26.03.22<\/strong><\/span><\/p>\n<p style=\"text-align: justify;\"><span style=\"color: #000000;\"><strong>Un a\u00f1o m\u00e1s, y ya van cinco, la \u201cAsociaci\u00f3n Manzanares. Estepona 1831\u201d, con su presidente Juan Baz\u00e1n a la cabeza, ha organizado con \u00e9xito el d\u00eda de las recreaciones hist\u00f3ricas que se realizan anualmente en la localidad esteponera, en memoria del bravo coronel Salvador Manzanares y sus valientes liberales, que cayeron en el fallido intento de pronunciamiento constitucionalista librado entre febrero y marzo de 1831. Sin duda, el hecho de convivir todav\u00eda con la pandemia, ha incidido en los actos, que no se han podido realizar como en ediciones anteriores, afectando, entre otras cosas, a que el n\u00famero de recreadores participantes, enviados a los actos por las recreaciones for\u00e1neas se ha limitado a comisiones previamente establecidas por la Asociaci\u00f3n organizadora. Una de las novedades ha sido que, en esta edici\u00f3n, los actos han comenzado en el cementerio de \u00abLa Lobilla\u00bb, de Estepona. Las asociaciones presentes y representadas, fueron: \u201cManzanares. Estepona 1831\u201d, \u201cTorrijos 1831\u201d, \u00abBandoleros de Grazalema\u201d, \u201cAlgodonales libre\u201d, \u201cBandoleros de Benamej\u00ed\u201d, \u201cJos\u00e9 Mar\u00eda El Tempranillo. Bandoleros de Alameda\u201d y \u201cBandoleros de J\u00facar\u201d. \u00c9stas, iniciaron un desfile hasta ascender al campo santo. Una vez arriba y con los colectivos formados ante la tumba de los liberales, Juan Baz\u00e1n ley\u00f3 los nombres de los all\u00ed sepultados, mientras redoblaba el tambor, y tras ello, la poetisa Milagros Subiri, de la Asociaci\u00f3n \u201cTorrijos 1831\u201d realiz\u00f3 una hermosa eleg\u00eda dedicada al capit\u00e1n Francisco Egido, valiente oficial y hombre de confianza de Torrijos y Manzanares, que cay\u00f3 en los fusilamientos de Estepona del d\u00eda 10 de marzo de 1831. A continuaci\u00f3n, la Asociaci\u00f3n \u201cManzanares. Etepona 1831\u201d, con su presidente al frente, realiz\u00f3 la ofrenda de corona acompa\u00f1ado de damas de la Asociaci\u00f3n y varios presidentes de las asociaciones presentes.<\/strong><\/span><\/p>\n<p style=\"text-align: justify;\"><span style=\"color: #000000;\"><strong>Una tumba que pas\u00f3 d\u00e9cadas de olvido en un sendero llamado ignorancia.<\/strong><\/span><\/p>\n<p style=\"text-align: justify;\"><span style=\"color: #000000;\"><strong>El 8 de octubre de 2005, la Asociaci\u00f3n \u201cTorrijos 1831\u201d y el Ayuntamiento de Estepona (a propuesta de la primera), colocaron una l\u00e1pida sobre la pared desnuda del cenotafio de Salvador Manzanares y sus diecisiete liberales, en el cementerio de \u201cLa Lobilla\u201d; ya que sin ella (desaparecida la l\u00e1pida anterior en los a\u00f1os treinta del siglo XX), el osario era irreconocible para las personas que visitaban el campo santo, desconociendo su valor hist\u00f3rico. El 8 de marzo de 1831, Manzanares hab\u00eda sido enterrado en el peque\u00f1o cementerio de la Plaza del Reloj, junto a la iglesia. Por otra parte, sus diecisiete compa\u00f1eros, tras ser ejecutados el 10 y 11 de marzo, junto a la desembocadura del r\u00edo Cala, hab\u00edan sido enterrados a extramuros del levante esteponero, en el l\u00edmite sur del viejo y polvoriento camino en direcci\u00f3n a Marbella, y muy cerca de la desembocadura del Cala. A medida que la playa fue agrandando, el camino deriv\u00f3 algo m\u00e1s hacia el sur, por lo que algunas de las tumbas de los liberales, comenzaron a ser batidas por las ruedas de los carros y las pezu\u00f1as de los animales de carga, en medio de la polvareda diaria y el fango de la lluvia, haciendo desaparecer la poca vegetaci\u00f3n y escasas flores, que hab\u00edan crecido junto a las tumbas, laceradas por el viento del mar y la arena. Sin duda, aquello rompi\u00f3 con la belleza del poema que Miguel Bernal dedic\u00f3 a Tom\u00e1s Ben\u00edtez, otro valiente capit\u00e1n de Manzanares enterrado all\u00ed, junto al polvoriento camino, y que en una parte del mismo citaba esta expresi\u00f3n cargada de romanticismo:<\/strong><\/span><\/p>\n<p style=\"text-align: justify;\"><span style=\"color: #000000;\"><strong>\u00abLa azucena se reproduce sobre mi cad\u00e1ver,<\/strong><\/span><br \/><span style=\"color: #000000;\"><strong>para indicaros el lugar donde reposo\u2026\u00bb<\/strong><\/span><\/p>\n<p style=\"text-align: justify;\"><span style=\"color: #000000;\"><strong>A partir de la segunda mitad del siglo XIX, al construirse algunas edificaciones en ese espacio, se constituy\u00f3 un estrecho paso que, popularmente, termin\u00f3 por llamarse el \u201ccallej\u00f3n de los liberales\u201d. Esto evit\u00f3 la desaparici\u00f3n de una parte de los restos de los liberales de Manzanares. Con la consolidaci\u00f3n del cementerio del este, los restos del jefe liberal y los de sus compa\u00f1eros fueron trasladados definitivamente al modesto osario, que todav\u00eda pervive.<\/strong><\/span><\/p>\n\n\n<figure class=\"wp-block-gallery columns-1 is-cropped\"><ul class=\"blocks-gallery-grid\"><li class=\"blocks-gallery-item\"><figure><img loading=\"lazy\" width=\"720\" height=\"480\" src=\"https:\/\/www.torrijos1831.com\/wp-content\/uploads\/2022\/03\/426-164022.jpg\" alt=\"\" data-id=\"3310\" data-full-url=\"https:\/\/www.torrijos1831.com\/wp-content\/uploads\/2022\/03\/426-164022.jpg\" data-link=\"https:\/\/www.torrijos1831.com\/?attachment_id=3310\" class=\"wp-image-3310\" srcset=\"https:\/\/www.torrijos1831.com\/wp-content\/uploads\/2022\/03\/426-164022.jpg 720w, https:\/\/www.torrijos1831.com\/wp-content\/uploads\/2022\/03\/426-164022-300x200.jpg 300w\" sizes=\"(max-width: 720px) 100vw, 720px\" \/><\/figure><\/li><\/ul><\/figure>\n\n\n\n<figure class=\"wp-block-gallery columns-1 is-cropped\"><ul class=\"blocks-gallery-grid\"><li class=\"blocks-gallery-item\"><figure><img loading=\"lazy\" width=\"720\" height=\"480\" src=\"https:\/\/www.torrijos1831.com\/wp-content\/uploads\/2022\/03\/426-184023.jpg\" alt=\"\" data-id=\"3311\" data-full-url=\"https:\/\/www.torrijos1831.com\/wp-content\/uploads\/2022\/03\/426-184023.jpg\" data-link=\"https:\/\/www.torrijos1831.com\/?attachment_id=3311\" class=\"wp-image-3311\" srcset=\"https:\/\/www.torrijos1831.com\/wp-content\/uploads\/2022\/03\/426-184023.jpg 720w, https:\/\/www.torrijos1831.com\/wp-content\/uploads\/2022\/03\/426-184023-300x200.jpg 300w\" sizes=\"(max-width: 720px) 100vw, 720px\" \/><\/figure><\/li><\/ul><\/figure>\n\n\n\n<figure class=\"wp-block-gallery columns-1 is-cropped\"><ul class=\"blocks-gallery-grid\"><li class=\"blocks-gallery-item\"><figure><img loading=\"lazy\" width=\"720\" height=\"720\" src=\"https:\/\/www.torrijos1831.com\/wp-content\/uploads\/2022\/03\/426-194024.jpg\" alt=\"\" data-id=\"3312\" data-full-url=\"https:\/\/www.torrijos1831.com\/wp-content\/uploads\/2022\/03\/426-194024.jpg\" data-link=\"https:\/\/www.torrijos1831.com\/?attachment_id=3312\" class=\"wp-image-3312\" srcset=\"https:\/\/www.torrijos1831.com\/wp-content\/uploads\/2022\/03\/426-194024.jpg 720w, https:\/\/www.torrijos1831.com\/wp-content\/uploads\/2022\/03\/426-194024-300x300.jpg 300w, https:\/\/www.torrijos1831.com\/wp-content\/uploads\/2022\/03\/426-194024-150x150.jpg 150w\" sizes=\"(max-width: 720px) 100vw, 720px\" \/><\/figure><\/li><\/ul><\/figure>\n\n\n\n<figure class=\"wp-block-gallery columns-1 is-cropped\"><ul class=\"blocks-gallery-grid\"><li class=\"blocks-gallery-item\"><figure><img loading=\"lazy\" width=\"720\" height=\"473\" src=\"https:\/\/www.torrijos1831.com\/wp-content\/uploads\/2022\/03\/426-204025.jpg\" alt=\"\" data-id=\"3313\" data-full-url=\"https:\/\/www.torrijos1831.com\/wp-content\/uploads\/2022\/03\/426-204025.jpg\" data-link=\"https:\/\/www.torrijos1831.com\/?attachment_id=3313\" class=\"wp-image-3313\" srcset=\"https:\/\/www.torrijos1831.com\/wp-content\/uploads\/2022\/03\/426-204025.jpg 720w, https:\/\/www.torrijos1831.com\/wp-content\/uploads\/2022\/03\/426-204025-300x197.jpg 300w\" sizes=\"(max-width: 720px) 100vw, 720px\" \/><\/figure><\/li><\/ul><\/figure>\n\n\n\n<figure class=\"wp-block-gallery columns-1 is-cropped\"><ul class=\"blocks-gallery-grid\"><li class=\"blocks-gallery-item\"><figure><img loading=\"lazy\" width=\"720\" height=\"720\" src=\"https:\/\/www.torrijos1831.com\/wp-content\/uploads\/2022\/03\/426-214026.jpg\" alt=\"\" data-id=\"3314\" data-full-url=\"https:\/\/www.torrijos1831.com\/wp-content\/uploads\/2022\/03\/426-214026.jpg\" data-link=\"https:\/\/www.torrijos1831.com\/?attachment_id=3314\" class=\"wp-image-3314\" srcset=\"https:\/\/www.torrijos1831.com\/wp-content\/uploads\/2022\/03\/426-214026.jpg 720w, https:\/\/www.torrijos1831.com\/wp-content\/uploads\/2022\/03\/426-214026-300x300.jpg 300w, https:\/\/www.torrijos1831.com\/wp-content\/uploads\/2022\/03\/426-214026-150x150.jpg 150w\" sizes=\"(max-width: 720px) 100vw, 720px\" \/><\/figure><\/li><\/ul><\/figure>\n","protected":false},"excerpt":{"rendered":"<p>Asociaci\u00f3n Torrijos 1831. 26.03.22 Un a\u00f1o m\u00e1s, y ya van cinco, la \u201cAsociaci\u00f3n Manzanares. Estepona 1831\u201d, con su presidente Juan Baz\u00e1n a la cabeza, ha organizado con \u00e9xito el d\u00eda de las recreaciones hist\u00f3ricas que se realizan anualmente en la localidad esteponera, en memoria del bravo coronel Salvador Manzanares y sus valientes liberales, que cayeron&#8230;<\/p>\n","protected":false},"author":1,"featured_media":3315,"comment_status":"closed","ping_status":"closed","sticky":false,"template":"","format":"standard","meta":[],"categories":[22,183],"tags":[],"_links":{"self":[{"href":"https:\/\/www.torrijos1831.com\/index.php?rest_route=\/wp\/v2\/posts\/3309"}],"collection":[{"href":"https:\/\/www.torrijos1831.com\/index.php?rest_route=\/wp\/v2\/posts"}],"about":[{"href":"https:\/\/www.torrijos1831.com\/index.php?rest_route=\/wp\/v2\/types\/post"}],"author":[{"embeddable":true,"href":"https:\/\/www.torrijos1831.com\/index.php?rest_route=\/wp\/v2\/users\/1"}],"replies":[{"embeddable":true,"href":"https:\/\/www.torrijos1831.com\/index.php?rest_route=%2Fwp%2Fv2%2Fcomments&post=3309"}],"version-history":[{"count":1,"href":"https:\/\/www.torrijos1831.com\/index.php?rest_route=\/wp\/v2\/posts\/3309\/revisions"}],"predecessor-version":[{"id":3316,"href":"https:\/\/www.torrijos1831.com\/index.php?rest_route=\/wp\/v2\/posts\/3309\/revisions\/3316"}],"wp:featuredmedia":[{"embeddable":true,"href":"https:\/\/www.torrijos1831.com\/index.php?rest_route=\/wp\/v2\/media\/3315"}],"wp:attachment":[{"href":"https:\/\/www.torrijos1831.com\/index.php?rest_route=%2Fwp%2Fv2%2Fmedia&parent=3309"}],"wp:term":[{"taxonomy":"category","embeddable":true,"href":"https:\/\/www.torrijos1831.com\/index.php?rest_route=%2Fwp%2Fv2%2Fcategories&post=3309"},{"taxonomy":"post_tag","embeddable":true,"href":"https:\/\/www.torrijos1831.com\/index.php?rest_route=%2Fwp%2Fv2%2Ftags&post=3309"}],"curies":[{"name":"wp","href":"https:\/\/api.w.org\/{rel}","templated":true}]}}