{"id":4456,"date":"2023-11-06T10:50:55","date_gmt":"2023-11-06T10:50:55","guid":{"rendered":"http:\/\/www.torrijos1831.com\/?p=4456"},"modified":"2023-11-11T10:45:50","modified_gmt":"2023-11-11T10:45:50","slug":"proceso-y-ejecucion-de-rafael-del-riego-el-dia-7-de-noviembre-se-cumple-el-bicentenario-de-aquellos-dramaticos-hechos","status":"publish","type":"post","link":"https:\/\/www.torrijos1831.com\/?p=4456","title":{"rendered":"Proceso y ejecuci\u00f3n de Rafael del Riego. El d\u00eda 7 de noviembre se cumple el Bicentenario de aquellos dram\u00e1ticos hechos."},"content":{"rendered":"<p style=\"text-align: justify;\"><strong><span style=\"color: #000000;\">Asociaci\u00f3n Torrijos <\/span><\/strong><strong><span style=\"color: #000000;\">1831. 06\/11\/2023<\/span><\/strong><\/p>\n<p style=\"text-align: justify;\"><strong><span style=\"color: #000000;\">El calvario de Rafael del Riego continu\u00f3 en el calabozo del Real Seminario de Nobles, siendo a\u00fan m\u00e1s ladino por parte de las autoridades, con humillaciones intermitentes y d\u00edas sin comer. Se le hac\u00eda saber as\u00ed, que no tendr\u00edan piedad alguna con \u00e9l. El prisionero estaba exhausto tras el miserable traslado, habiendo aumentado las debilidades de su enfermedad cr\u00f3nica. As\u00ed, se lleg\u00f3 a la farsa de juicio de estado al se que se le someti\u00f3. El mismo d\u00eda de su llegada a Madrid, el 2 de octubre, la Regencia absolutista por medio de un decreto, de efecto inmediato, manifest\u00f3 que ser\u00eda juzgado como diputado a Cortes, por haber participado, como otros tantos diputados, en la votaci\u00f3n en Sevilla el d\u00eda 11 de junio de ese a\u00f1o, forzando al monarca a viajar a C\u00e1diz. Por ello, fue acusado de lesa majestad. Riego era militar, lo hab\u00eda sido desde su ingreso en el Ej\u00e9rcito y, por tanto, deber\u00eda haber sido juzgado como militar \u00bfPor qu\u00e9 las autoridades absolutistas no lo hicieron? Porque como militar se hab\u00eda comportado escrupulosamente en cuanto a lo que prescrib\u00eda la Constituci\u00f3n de 1812 (texto legal que hab\u00eda imperado hasta entonces), ante una invasi\u00f3n extranjera, como fue la de Francia en 1823. Riego pidi\u00f3 ser juzgado como militar, pero el poder absolutista pas\u00f3 el caso a la Sala Quinta, imponi\u00e9ndole el fiscal el delito de alta traici\u00f3n. El d\u00eda 26 de octubre comenz\u00f3 aquel proceso sin garant\u00edas (al abogado de Riego le entregaron la causa con s\u00f3lo veinticuatro horas de antelaci\u00f3n no d\u00e1ndole tiempo a preparar la defensa en condiciones). Al general liberal se le negaron los m\u00e1s elementales medios para el proceso, de forma inicua. Por ello, el proceso fue una absoluta farsa legal, totalmente indigna, especialmente por parte del juez instructor y fiscal. Se conculcaron todas las normas, no se tuvo en cuenta su inviolabilidad como diputado en Cortes y se le juzg\u00f3 por una ley hecha con posterioridad a su \u201cdelito\u201d. Adem\u00e1s, se le negaron las pruebas y no se permitieron la admisi\u00f3n de documentos y testimonios que, en su derecho, le correspond\u00edan. \u00bfPero qu\u00e9 clase de derechos pod\u00eda tener aquel hombre, en un estado absoluto cuyo v\u00e9rtice de la justicia era, precisamente, el propio rey absoluto? Un monarca que sin juicios por medio, hab\u00eda condenado ya directamente, y condenar\u00eda, a muchas personas. A pesar de los esfuerzos de su abogado, y ante los bramidos del populacho que llegaban al propio juicio con \u201c\u00a1Muera el infame traidor Riego!\u201d, la sala lo conden\u00f3 a ser arrastrado por todas las calles del tr\u00e1nsito y que perdiese la vida en la horca. El fiscal pidi\u00f3, adem\u00e1s, que sus bienes fueran confiscados a beneficio del pueblo, y que su cabeza cortada estuviera expuesta en las Cabezas de San Juan, a\u00f1adiendo que su cuerpo fuera partido en cuatro cuartos, de los que uno fuera enviado a Sevilla, otro en la Isla de Le\u00f3n, un tercero a M\u00e1laga y el cuarto quedara exhibido en Madrid. Sin embargo, la sentencia publicada en la Gaceta de Madrid no refiri\u00f3 la desmembraci\u00f3n. La comunicaci\u00f3n se le hizo a Riego a la diez de la ma\u00f1ana del 5 de noviembre, pasando a continuaci\u00f3n a la Real C\u00e1rcel de Cortes para vivir sus \u00faltimas horas en capilla. El que fue h\u00e9roe de las Cabezas de San Juan s\u00f3lo era ya una figura irreconocible de s\u00ed mismo, por la enfermedad que padec\u00eda, las m\u00faltiples degradaciones que hab\u00eda sufrido, el hundimiento moral que ten\u00eda y la soledad m\u00e1s absoluta que le rodeaba, pues por miedo, ninguno de sus amigos quiso visitarlo. En ese estado de debilidad, su confesor le hizo ver falsas esperanzas sobre un posible indulto real, por lo que en la aton\u00eda que ya estaba, firm\u00f3 una carta suplicatoria destinada al rey. Un infausto documento del que, posteriormente, ya con Riego ejecutado, har\u00edan amplia difusi\u00f3n y mofa las autoridades absolutistas en prensa y discursos, para desprestigiar a\u00fan m\u00e1s su memoria.<\/span><\/strong><\/p>\n<p style=\"text-align: justify;\"><span style=\"color: #800000;\"><strong>La ejecuci\u00f3n de Riego.<\/strong><\/span><\/p>\n<p style=\"text-align: justify;\"><strong><span style=\"color: #000000;\">El d\u00eda 7 de noviembre, a las nueve de la ma\u00f1ana, Riego fue despojado de su ropa, para colocarle una t\u00fanica negra y un gorrete verde, y ajust\u00e1ndosele una cuerda a la cintura donde le fueron atadas las manos. A las diez de la ma\u00f1ana, Riego fue sacado de la Real C\u00e1rcel de Cortes con el rostro totalmente p\u00e1lido y sin afeitar. Mostraba a las claras, el v\u00eda crucis que estaba pasando desde hac\u00eda semanas. En ese degradante estado fue tendido a lo largo en un ser\u00f3n, que iba a ser arrastrado por un asno, convulsion\u00e1ndose todo su cuerpo. Seis dominicos iban a su lado intentando elevar algo el ser\u00f3n para paliar, en lo posible, que su cuerpo fuera golpeado constantemente por el empedrado de las calles, protegidas las v\u00edas por un fuerte dispositivo de tropas del general Verdier, para que nadie intentara, a \u00faltima hora, librar al reo de la muerte terrible que le aguardaba. As\u00ed, la l\u00fagubre comitiva, encabezada por una gran cruz, lleg\u00f3 a la Plaza de la Cebada, donde se hab\u00eda levantado una horca de mayor altura de las habituales para que todos pudieran ver la ejecuci\u00f3n del general liberal. Llegado a pie del cadalso, dos frailes ayudaron a Riego a subir los tramos de la escalera que llevaban al alto madero de la horca, ya que en el estado lamentable en el que iba condenado, y por tener las manos atadas a la cintura, se hizo complicado el ascenso. Arriba de la escalera, Riego bes\u00f3 el crucifijo que llev\u00f3 en sus manos durante el arrastre. El verdugo se sent\u00f3 sobre sus hombros, obligando a Riego a tirarse al vac\u00edo ya con la horca apretada en su cuello, produci\u00e9ndose la rotura de su cuello y muriendo al instante. En un salvajismo m\u00e1s, el verdugo abofete\u00f3 su rostro, que con una horrible mueca reflejaba la cruel muerte, gritando a continuaci\u00f3n: \u201c\u00a1Viva el rey absoluto!\u201d.<\/span><\/strong><br><strong><span style=\"color: #000000;\">Aquel proceso judicial, vulnerando derechos elementales a Riego, las privaciones de todo tipo en la prisi\u00f3n y su tr\u00e1gica muerte, con toda la macabra puesta en escena del absolutismo, practicando una inhumanidad extrema contra el reo (el absolutismo que, precisamente, asentaba sus principios en la pr\u00e1ctica moral de la religi\u00f3n); abri\u00f3, desgraciadamente, una fractura en la sociedad espa\u00f1ola de consecuencias graves y duraderas y en nuestra historia. En medio de leyendas y opiniones, los restos del cuerpo de Riego nunca fueron encontrados, pero su lucha y defensa por las libertades, as\u00ed como sus intentos porque los derechos emanados por un sistema constitucional fueran implantados en nuestro pa\u00eds, hacen del conocimiento de la figura hist\u00f3rica de Rafael del Riego una obligada referencia para el estudio, sobre todo, por su trascendencia en varios cap\u00edtulos de la historia de Espa\u00f1a. Conocerlo mejor, es una manera de mantener viva nuestra conciencia hist\u00f3rica, para interpretar, igualmente, en clave de conciencia nacional, los primeros y dif\u00edciles pasos en nuestro pa\u00eds por conseguir un sistema constitucional.<\/span><\/strong><\/p>\n<p style=\"text-align: justify;\"><span style=\"color: #800000;\"><strong>La Asociaci\u00f3n Torrijos 1831 en la Plaza de la Cebada<\/strong>.<\/span><\/p>\n<p style=\"text-align: justify;\"><strong><span style=\"color: #000000;\">Nuestro colectivo quiso recordar en esta hist\u00f3rica Plaza de la Cebada de Madrid, la ignominiosa muerte de Riego, por respeto a su figura hist\u00f3rica y al emblema que supuso su pronunciamiento de 1820 a favor de un sistema constitucional de nuestro pa\u00eds. En el perfil de la Plaza de la Cebada todav\u00eda se recortan las figuras de algunos edificios, testigos mudos de la muerte de Riego. El Ayuntamiento de Madrid hace visible hoy un hito que recoge la relaci\u00f3n de esta plaza con la figura hist\u00f3rica del considerado \u00abH\u00e9roe de las Cabezas de San Juan\u00bb.<\/span><\/strong><\/p>\n\n\n<figure class=\"wp-block-image size-large\"><img loading=\"lazy\" width=\"1024\" height=\"744\" src=\"https:\/\/www.torrijos1831.com\/wp-content\/uploads\/2023\/11\/070-42-1024x744.jpg\" alt=\"\" class=\"wp-image-4457\" srcset=\"https:\/\/www.torrijos1831.com\/wp-content\/uploads\/2023\/11\/070-42-1024x744.jpg 1024w, https:\/\/www.torrijos1831.com\/wp-content\/uploads\/2023\/11\/070-42-300x218.jpg 300w, https:\/\/www.torrijos1831.com\/wp-content\/uploads\/2023\/11\/070-42-768x558.jpg 768w, https:\/\/www.torrijos1831.com\/wp-content\/uploads\/2023\/11\/070-42-1536x1117.jpg 1536w, https:\/\/www.torrijos1831.com\/wp-content\/uploads\/2023\/11\/070-42-2048x1489.jpg 2048w\" sizes=\"(max-width: 1024px) 100vw, 1024px\" \/><\/figure>\n","protected":false},"excerpt":{"rendered":"<p>Asociaci\u00f3n Torrijos 1831. 06\/11\/2023 El calvario de Rafael del Riego continu\u00f3 en el calabozo del Real Seminario de Nobles, siendo a\u00fan m\u00e1s ladino por parte de las autoridades, con humillaciones intermitentes y d\u00edas sin comer. Se le hac\u00eda saber as\u00ed, que no tendr\u00edan piedad alguna con \u00e9l. El prisionero estaba exhausto tras el miserable traslado,&#8230;<\/p>\n","protected":false},"author":1,"featured_media":4458,"comment_status":"closed","ping_status":"closed","sticky":false,"template":"","format":"standard","meta":[],"categories":[203],"tags":[],"_links":{"self":[{"href":"https:\/\/www.torrijos1831.com\/index.php?rest_route=\/wp\/v2\/posts\/4456"}],"collection":[{"href":"https:\/\/www.torrijos1831.com\/index.php?rest_route=\/wp\/v2\/posts"}],"about":[{"href":"https:\/\/www.torrijos1831.com\/index.php?rest_route=\/wp\/v2\/types\/post"}],"author":[{"embeddable":true,"href":"https:\/\/www.torrijos1831.com\/index.php?rest_route=\/wp\/v2\/users\/1"}],"replies":[{"embeddable":true,"href":"https:\/\/www.torrijos1831.com\/index.php?rest_route=%2Fwp%2Fv2%2Fcomments&post=4456"}],"version-history":[{"count":3,"href":"https:\/\/www.torrijos1831.com\/index.php?rest_route=\/wp\/v2\/posts\/4456\/revisions"}],"predecessor-version":[{"id":4569,"href":"https:\/\/www.torrijos1831.com\/index.php?rest_route=\/wp\/v2\/posts\/4456\/revisions\/4569"}],"wp:featuredmedia":[{"embeddable":true,"href":"https:\/\/www.torrijos1831.com\/index.php?rest_route=\/wp\/v2\/media\/4458"}],"wp:attachment":[{"href":"https:\/\/www.torrijos1831.com\/index.php?rest_route=%2Fwp%2Fv2%2Fmedia&parent=4456"}],"wp:term":[{"taxonomy":"category","embeddable":true,"href":"https:\/\/www.torrijos1831.com\/index.php?rest_route=%2Fwp%2Fv2%2Fcategories&post=4456"},{"taxonomy":"post_tag","embeddable":true,"href":"https:\/\/www.torrijos1831.com\/index.php?rest_route=%2Fwp%2Fv2%2Ftags&post=4456"}],"curies":[{"name":"wp","href":"https:\/\/api.w.org\/{rel}","templated":true}]}}