{"id":4461,"date":"2023-11-08T09:04:35","date_gmt":"2023-11-08T09:04:35","guid":{"rendered":"http:\/\/www.torrijos1831.com\/?p=4461"},"modified":"2023-11-11T09:30:07","modified_gmt":"2023-11-11T09:30:07","slug":"primer-acto-en-cartagena-del-bicentenario-de-la-defensa-que-hizo-el-general-jose-maria-torrijos-del-sistema-constitucional-espanol-en-esa-plaza-en-1823","status":"publish","type":"post","link":"https:\/\/www.torrijos1831.com\/?p=4461","title":{"rendered":"Primer acto en Cartagena del Bicentenario de la defensa que hizo el general Jos\u00e9 Mar\u00eda Torrijos del sistema constitucional espa\u00f1ol en esa plaza, en 1823."},"content":{"rendered":"<p style=\"text-align: justify;\"><strong><span style=\"color: #000000;\">Asociaci\u00f3n Torrijos 1831.<\/span><\/strong><\/p>\n<p style=\"text-align: justify;\"><strong><span style=\"color: #000000;\">La Asociaci\u00f3n Torrijos 1831 se ha trasladado a la ciudad de Cartagena para continuar con los actos del Bicentenario de la defensa que hizo el general Jos\u00e9 Mar\u00eda Torrijos del sistema constitucional espa\u00f1ol en esa plaza, en 1823. El colectivo, vistiendo a la usanza de 1823, parti\u00f3 desfilando desde la calle Carlos III, para llegar a las diez de la ma\u00f1ana a la puerta del Museo Hist\u00f3rico Militar, antiguo Real Parque y Maestranza de Artiller\u00eda, lugar que, en 1823, fue el puesto de mando del general Torrijos en la defensa de Cartagena. A las diez y cuarto, comenz\u00f3 el acto propiamente dicho, en el patio de armas del antiguo Parque de Artiller\u00eda. Estuvieron presentes, el concejal de Cultura del Ayuntamiento de Cartagena, Nacho J\u00e1udenes, el teniente coronel director del Museo Hist\u00f3rico Militar (que con su gesti\u00f3n ha facilitado el acto en este hist\u00f3rico lugar), el cronista oficial de Cartagena, Lu\u00eds Miguel P\u00e9rez Ad\u00e1n, cuya colaboraci\u00f3n ha sido generosa y oportuna, as\u00ed como una comisi\u00f3n de los descendientes de la ilustre familia cartagenera de los L\u00f3pez Pinto, encabezada por Jos\u00e9 Mar\u00eda L\u00f3pez Pinto y Ruiz, ya que tanto Juan como Ignacio L\u00f3pez Pinto, defendieron Cartagena, con Torrijos, en 1823.<\/span><\/strong><\/p>\n<p style=\"text-align: justify;\"><strong><span style=\"color: #800000;\">Secuencias del acto.<\/span><\/strong><\/p>\n<p style=\"text-align: justify;\"><strong><span style=\"color: #000000;\">Dio la bienvenida a la Asociaci\u00f3n Torrijos 1831 el concejal de Cultura, Nacho J\u00e1udenes, que apreci\u00f3 la presencia de la Asociaci\u00f3n en Cartagena para conmemorar con actos aquellos hechos hist\u00f3ricos vividos en 1823 por es ciudad. Por su parte, el teniente coronel director del Museo Hist\u00f3rico Militar valor\u00f3 la historia del emblem\u00e1tico edificio as\u00ed como el importante patrimonio que en la actualidad contiene. Tambi\u00e9n intervino el cronista oficial de Cartagena, Lu\u00eds Miguel P\u00e9rez Ad\u00e1n, que dio valor hist\u00f3rico al Bicentenario de los acontecimientos que all\u00ed se iban a celebrar. A continuaci\u00f3n, Flori Sastre, secretaria del colectivo, present\u00f3 el Bicentenario y la necesidad de conmemorarlo. Abri\u00f3 el apartado de las interpretaciones, Alicia Gallego, con un profundo y emocionante alegato en forma de poema de la defensa de Cartagena en 1823. Por su parte, Enrique Parapar interpret\u00f3 al notable liberal Romero Alpuente, testigo directo de los hechos de 1823. A continuaci\u00f3n, la cantante Mari Carmen Cas\u00e1n interpret\u00f3 de forma excepcional \u201cL\u00e1grimas por Cartagena\u201d. Mercedes Verdugo dio vida a la viuda de un joven oficial constitucionalista que muri\u00f3 junto a Torrijos en la acci\u00f3n contra los franceses en el pueblo de San Ant\u00f3n. La parte interpretativa lleg\u00f3 a su final cuando Fran Gonz\u00e1lez dio vida al propio general Torrijos. A continuaci\u00f3n, el presidente del colectivo torrijista, cit\u00f3 el valor de la presencia de las banderas que portaban los integrantes de la Asociaci\u00f3n Torrijos 1831: la de Cartagena, por la defensa que Torrijos hizo de esta ciudad; la de Madrid, por haber nacido all\u00ed el h\u00e9roe liberal; la de M\u00e1laga, por caer en ella Torrijos y Juan L\u00f3pez Pinto, el 11 de diciembre de 1831; la de la Diputaci\u00f3n de M\u00e1laga, por ser Ignacio L\u00f3pez Pinto, uno de los defensores de Cartagena, el primer presidente de la Diputaci\u00f3n de M\u00e1laga, y la de Calatayud, porque los aragoneses de esta ciudad, bajo el mando de Juan L\u00f3pez Pinto, defendieron Cartagena. A redoble de tambor las banderas rindieron honores a los defensores de Cartagena. Al final de ese homenaje, Alc\u00e1ntara destac\u00f3 que los jefes militares de Cartagena se portaron como hombres de honor. No fueron palabras vanas las que dijeron para salir airosos de la situaci\u00f3n en la que se encontraban, citando que \u201cregresar\u00edan para propiciar el retorno del sistema constitucional\u201d, pues qued\u00f3 demostrado, con el tiempo, que Francisco Vald\u00e9s lo llev\u00f3 a cabo en Tarifa (1824), y Torrijos y L\u00f3pez Pinto, lo hicieron en M\u00e1laga (1831). Desgraciadamente, aunque para aquellos corazones valerosos era un intenso tr\u00e1nsito de dolor al sentir plenamente en sus corazones a la Naci\u00f3n, \u201c\u2026, era preciso sucumbir, para que volviese a renacer la Libertad\u201d. Finalmente, tom\u00f3 la palabra Jos\u00e9 Mar\u00eda L\u00f3pez Pinto que, en nombre de su familia, agradeci\u00f3 todas las atenciones recibidas.<\/span><\/strong><\/p>\n<p style=\"text-align: justify;\"><strong><span style=\"color: #800000;\">Intercambios de recuerdos.<\/span><\/strong><\/p>\n<p style=\"text-align: justify;\"><strong><span style=\"color: #000000;\">El Ayuntamiento de Cartagena entreg\u00f3 a la Asociaci\u00f3n Torrijos 1831, una hermosa metopa que hace menci\u00f3n expresa al Bicentenario de la defensa de Cartagena y a la Asociaci\u00f3n Torrijos 1831, as\u00ed como unas excelentes reproducciones de legajos hist\u00f3ricos relativos a la ciudad. Por su parte, la Asociaci\u00f3n Torrijos 1831, entreg\u00f3 unos cuadros, al concejal de Cultura, al director del Museo Militar, al cronista de Cartagena y a la familia L\u00f3pez Pinto, que reflejaban, el recibimiento del general Torrijos al teniente coronel Juan L\u00f3pez Pinto, con los nacionales de Calatayud. M\u00e1s datos de la Asociaci\u00f3n Torrijos 1831, en pr\u00f3ximos art\u00edculos.<\/span><\/strong><\/p>\n<p style=\"text-align: justify;\"><strong><span style=\"color: #800000;\">Datos de la Asociaci\u00f3n Hist\u00f3rico Cultural Torrijos 1831.<\/span><\/strong><\/p>\n<p style=\"text-align: justify;\"><strong><span style=\"color: #000000;\">Tipo de Asociaci\u00f3n: cultural, dedicada a la investigaci\u00f3n hist\u00f3rica, y recreadora en sus actuaciones en p\u00fablico para exponer los hechos que representa. \u00c1mbito de actuaci\u00f3n: regional, recogida en el Registro de Asociaciones de la Junta de Andaluc\u00eda. Inici\u00f3 su periodo constituyente en el a\u00f1o 2002, siendo legalizada en 2003. Fue un proyecto original desde el principio, pues en Espa\u00f1a no se hab\u00eda creado anteriormente una Asociaci\u00f3n sobre el personaje hist\u00f3rico de Jos\u00e9 Mar\u00eda Torrijos y Uriarte, h\u00e9roe de la Guerra de Independencia y defensor de las libertades y derechos constitucionales frente al poder absoluto del reinado de Fernando VII. Original en las formas, dedicaci\u00f3n y fines, que recogen sus estatutos, cimentando sus antecedentes en los precursores que trabajaron sobre el personaje de Torrijos en la provincia de M\u00e1laga, en las d\u00e9cadas de los a\u00f1os ochenta y noventa del siglo XX y primeros a\u00f1os del XXI.<\/span><\/strong><br><strong><span style=\"color: #000000;\">Como colectivo de recreaciones hist\u00f3ricas, es el m\u00e1s antiguo de las dedicadas al siglo XIX, en Andaluc\u00eda. En cuanto a las representaciones relativas a la Guerra de la Independencia en las que participa la Asociaci\u00f3n, la recreaci\u00f3n insignia, creada en 2007, es el \u201cRegimiento de Infanter\u00eda de M\u00e1laga\u201d, unidad titular de M\u00e1laga que, salvo un periodo de disoluci\u00f3n, tuvo vida castrense desde 1701 a 1893, siendo su historial heredado por el Regimiento Melilla en sus diferentes numeraciones, y que fue disuelto en M\u00e1laga, en 1985. Para entrar en su historial y actividades: regimientodeinfanteriademalaga.blogspot.com<\/span><\/strong><br><strong><span style=\"color: #000000;\">Correo de Contacto: asociaci\u00f3ntorrijos1831@gmail.com Tambi\u00e9n, a trav\u00e9s de este correo se pueden solicitar visitas concertadas al Centro de Interpretaci\u00f3n Hist\u00f3rico Jos\u00e9 Mar\u00eda Torrijos (Refectorio), en el barrio de El Perchel de M\u00e1laga. Tel\u00e9fono de contacto: 952234039. P\u00e1gina web: www.torrijos1831.com<\/span><\/strong><\/p>\n\n\n<figure class=\"wp-block-image size-large\"><img loading=\"lazy\" width=\"1024\" height=\"688\" src=\"https:\/\/www.torrijos1831.com\/wp-content\/uploads\/2023\/11\/5-2-1024x688.jpg\" alt=\"\" class=\"wp-image-4462\" srcset=\"https:\/\/www.torrijos1831.com\/wp-content\/uploads\/2023\/11\/5-2-1024x688.jpg 1024w, https:\/\/www.torrijos1831.com\/wp-content\/uploads\/2023\/11\/5-2-300x201.jpg 300w, https:\/\/www.torrijos1831.com\/wp-content\/uploads\/2023\/11\/5-2-768x516.jpg 768w, https:\/\/www.torrijos1831.com\/wp-content\/uploads\/2023\/11\/5-2.jpg 1467w\" sizes=\"(max-width: 1024px) 100vw, 1024px\" \/><\/figure>\n\n\n\n<figure class=\"wp-block-image size-large\"><img loading=\"lazy\" width=\"1024\" height=\"713\" src=\"https:\/\/www.torrijos1831.com\/wp-content\/uploads\/2023\/11\/5-3-1024x713.jpg\" alt=\"\" class=\"wp-image-4463\" srcset=\"https:\/\/www.torrijos1831.com\/wp-content\/uploads\/2023\/11\/5-3-1024x713.jpg 1024w, https:\/\/www.torrijos1831.com\/wp-content\/uploads\/2023\/11\/5-3-300x209.jpg 300w, https:\/\/www.torrijos1831.com\/wp-content\/uploads\/2023\/11\/5-3-768x535.jpg 768w, https:\/\/www.torrijos1831.com\/wp-content\/uploads\/2023\/11\/5-3-320x224.jpg 320w, https:\/\/www.torrijos1831.com\/wp-content\/uploads\/2023\/11\/5-3.jpg 1190w\" sizes=\"(max-width: 1024px) 100vw, 1024px\" \/><\/figure>\n\n\n\n<figure class=\"wp-block-image size-large\"><img loading=\"lazy\" width=\"1024\" height=\"683\" src=\"https:\/\/www.torrijos1831.com\/wp-content\/uploads\/2023\/11\/5-4-1024x683.jpg\" alt=\"\" class=\"wp-image-4464\" srcset=\"https:\/\/www.torrijos1831.com\/wp-content\/uploads\/2023\/11\/5-4-1024x683.jpg 1024w, https:\/\/www.torrijos1831.com\/wp-content\/uploads\/2023\/11\/5-4-300x200.jpg 300w, https:\/\/www.torrijos1831.com\/wp-content\/uploads\/2023\/11\/5-4-768x512.jpg 768w, https:\/\/www.torrijos1831.com\/wp-content\/uploads\/2023\/11\/5-4.jpg 1500w\" sizes=\"(max-width: 1024px) 100vw, 1024px\" \/><\/figure>\n\n\n\n<figure class=\"wp-block-image size-large\"><img loading=\"lazy\" width=\"1024\" height=\"683\" src=\"https:\/\/www.torrijos1831.com\/wp-content\/uploads\/2023\/11\/5-5-1024x683.jpg\" alt=\"\" class=\"wp-image-4465\" srcset=\"https:\/\/www.torrijos1831.com\/wp-content\/uploads\/2023\/11\/5-5-1024x683.jpg 1024w, https:\/\/www.torrijos1831.com\/wp-content\/uploads\/2023\/11\/5-5-300x200.jpg 300w, https:\/\/www.torrijos1831.com\/wp-content\/uploads\/2023\/11\/5-5-768x512.jpg 768w, https:\/\/www.torrijos1831.com\/wp-content\/uploads\/2023\/11\/5-5.jpg 1471w\" sizes=\"(max-width: 1024px) 100vw, 1024px\" \/><\/figure>\n\n\n\n<figure class=\"wp-block-image size-large\"><img loading=\"lazy\" width=\"1024\" height=\"664\" src=\"https:\/\/www.torrijos1831.com\/wp-content\/uploads\/2023\/11\/5-6-1024x664.jpg\" alt=\"\" class=\"wp-image-4466\" srcset=\"https:\/\/www.torrijos1831.com\/wp-content\/uploads\/2023\/11\/5-6-1024x664.jpg 1024w, https:\/\/www.torrijos1831.com\/wp-content\/uploads\/2023\/11\/5-6-300x195.jpg 300w, https:\/\/www.torrijos1831.com\/wp-content\/uploads\/2023\/11\/5-6-768x498.jpg 768w, https:\/\/www.torrijos1831.com\/wp-content\/uploads\/2023\/11\/5-6.jpg 1500w\" sizes=\"(max-width: 1024px) 100vw, 1024px\" \/><\/figure>\n\n\n\n<figure class=\"wp-block-image size-large\"><img loading=\"lazy\" width=\"1024\" height=\"683\" src=\"https:\/\/www.torrijos1831.com\/wp-content\/uploads\/2023\/11\/5-7-1024x683.jpg\" alt=\"\" class=\"wp-image-4467\" srcset=\"https:\/\/www.torrijos1831.com\/wp-content\/uploads\/2023\/11\/5-7-1024x683.jpg 1024w, https:\/\/www.torrijos1831.com\/wp-content\/uploads\/2023\/11\/5-7-300x200.jpg 300w, https:\/\/www.torrijos1831.com\/wp-content\/uploads\/2023\/11\/5-7-768x512.jpg 768w, https:\/\/www.torrijos1831.com\/wp-content\/uploads\/2023\/11\/5-7.jpg 1066w\" sizes=\"(max-width: 1024px) 100vw, 1024px\" \/><\/figure>\n\n\n\n<figure class=\"wp-block-image size-large\"><img loading=\"lazy\" width=\"1024\" height=\"601\" src=\"https:\/\/www.torrijos1831.com\/wp-content\/uploads\/2023\/11\/5-8-1024x601.jpg\" alt=\"\" class=\"wp-image-4468\" srcset=\"https:\/\/www.torrijos1831.com\/wp-content\/uploads\/2023\/11\/5-8-1024x601.jpg 1024w, https:\/\/www.torrijos1831.com\/wp-content\/uploads\/2023\/11\/5-8-300x176.jpg 300w, https:\/\/www.torrijos1831.com\/wp-content\/uploads\/2023\/11\/5-8-768x451.jpg 768w, https:\/\/www.torrijos1831.com\/wp-content\/uploads\/2023\/11\/5-8.jpg 1320w\" sizes=\"(max-width: 1024px) 100vw, 1024px\" \/><\/figure>\n\n\n\n<figure class=\"wp-block-image size-large\"><img loading=\"lazy\" width=\"1024\" height=\"724\" src=\"https:\/\/www.torrijos1831.com\/wp-content\/uploads\/2023\/11\/5-9-1024x724.jpg\" alt=\"\" class=\"wp-image-4469\" srcset=\"https:\/\/www.torrijos1831.com\/wp-content\/uploads\/2023\/11\/5-9-1024x724.jpg 1024w, https:\/\/www.torrijos1831.com\/wp-content\/uploads\/2023\/11\/5-9-300x212.jpg 300w, https:\/\/www.torrijos1831.com\/wp-content\/uploads\/2023\/11\/5-9-768x543.jpg 768w, https:\/\/www.torrijos1831.com\/wp-content\/uploads\/2023\/11\/5-9.jpg 1290w\" sizes=\"(max-width: 1024px) 100vw, 1024px\" \/><\/figure>\n\n\n\n<figure class=\"wp-block-image size-large\"><img loading=\"lazy\" width=\"1024\" height=\"654\" src=\"https:\/\/www.torrijos1831.com\/wp-content\/uploads\/2023\/11\/5-10-1024x654.jpg\" alt=\"\" class=\"wp-image-4470\" srcset=\"https:\/\/www.torrijos1831.com\/wp-content\/uploads\/2023\/11\/5-10-1024x654.jpg 1024w, https:\/\/www.torrijos1831.com\/wp-content\/uploads\/2023\/11\/5-10-300x192.jpg 300w, https:\/\/www.torrijos1831.com\/wp-content\/uploads\/2023\/11\/5-10-768x491.jpg 768w, https:\/\/www.torrijos1831.com\/wp-content\/uploads\/2023\/11\/5-10.jpg 1401w\" sizes=\"(max-width: 1024px) 100vw, 1024px\" \/><\/figure>\n\n\n\n<figure class=\"wp-block-image size-large\"><img loading=\"lazy\" width=\"1024\" height=\"683\" src=\"https:\/\/www.torrijos1831.com\/wp-content\/uploads\/2023\/11\/5-11-1024x683.jpg\" alt=\"\" class=\"wp-image-4471\" srcset=\"https:\/\/www.torrijos1831.com\/wp-content\/uploads\/2023\/11\/5-11-1024x683.jpg 1024w, https:\/\/www.torrijos1831.com\/wp-content\/uploads\/2023\/11\/5-11-300x200.jpg 300w, https:\/\/www.torrijos1831.com\/wp-content\/uploads\/2023\/11\/5-11-768x512.jpg 768w, https:\/\/www.torrijos1831.com\/wp-content\/uploads\/2023\/11\/5-11.jpg 1500w\" sizes=\"(max-width: 1024px) 100vw, 1024px\" \/><\/figure>\n\n\n\n<figure class=\"wp-block-image size-large\"><img loading=\"lazy\" width=\"1024\" height=\"683\" src=\"https:\/\/www.torrijos1831.com\/wp-content\/uploads\/2023\/11\/5-14-1024x683.jpg\" alt=\"\" class=\"wp-image-4472\" srcset=\"https:\/\/www.torrijos1831.com\/wp-content\/uploads\/2023\/11\/5-14-1024x683.jpg 1024w, https:\/\/www.torrijos1831.com\/wp-content\/uploads\/2023\/11\/5-14-300x200.jpg 300w, https:\/\/www.torrijos1831.com\/wp-content\/uploads\/2023\/11\/5-14-768x512.jpg 768w, https:\/\/www.torrijos1831.com\/wp-content\/uploads\/2023\/11\/5-14.jpg 1065w\" sizes=\"(max-width: 1024px) 100vw, 1024px\" \/><\/figure>\n\n\n\n<figure class=\"wp-block-image size-large\"><img loading=\"lazy\" width=\"1024\" height=\"672\" src=\"https:\/\/www.torrijos1831.com\/wp-content\/uploads\/2023\/11\/5-12-1024x672.jpg\" alt=\"\" class=\"wp-image-4473\" srcset=\"https:\/\/www.torrijos1831.com\/wp-content\/uploads\/2023\/11\/5-12-1024x672.jpg 1024w, https:\/\/www.torrijos1831.com\/wp-content\/uploads\/2023\/11\/5-12-300x197.jpg 300w, https:\/\/www.torrijos1831.com\/wp-content\/uploads\/2023\/11\/5-12-768x504.jpg 768w, https:\/\/www.torrijos1831.com\/wp-content\/uploads\/2023\/11\/5-12.jpg 1500w\" sizes=\"(max-width: 1024px) 100vw, 1024px\" \/><\/figure>\n\n\n\n<figure class=\"wp-block-image size-large\"><img loading=\"lazy\" width=\"1024\" height=\"682\" src=\"https:\/\/www.torrijos1831.com\/wp-content\/uploads\/2023\/11\/5-13-1024x682.jpg\" alt=\"\" class=\"wp-image-4474\" srcset=\"https:\/\/www.torrijos1831.com\/wp-content\/uploads\/2023\/11\/5-13-1024x682.jpg 1024w, https:\/\/www.torrijos1831.com\/wp-content\/uploads\/2023\/11\/5-13-300x200.jpg 300w, https:\/\/www.torrijos1831.com\/wp-content\/uploads\/2023\/11\/5-13-768x512.jpg 768w, https:\/\/www.torrijos1831.com\/wp-content\/uploads\/2023\/11\/5-13.jpg 1475w\" sizes=\"(max-width: 1024px) 100vw, 1024px\" \/><\/figure>\n\n\n\n<figure class=\"wp-block-image size-large\"><img loading=\"lazy\" width=\"1024\" height=\"745\" src=\"https:\/\/www.torrijos1831.com\/wp-content\/uploads\/2023\/11\/5-15-1024x745.jpg\" alt=\"\" class=\"wp-image-4475\" srcset=\"https:\/\/www.torrijos1831.com\/wp-content\/uploads\/2023\/11\/5-15-1024x745.jpg 1024w, https:\/\/www.torrijos1831.com\/wp-content\/uploads\/2023\/11\/5-15-300x218.jpg 300w, https:\/\/www.torrijos1831.com\/wp-content\/uploads\/2023\/11\/5-15-768x559.jpg 768w, https:\/\/www.torrijos1831.com\/wp-content\/uploads\/2023\/11\/5-15.jpg 1242w\" sizes=\"(max-width: 1024px) 100vw, 1024px\" \/><\/figure>\n\n\n\n<figure class=\"wp-block-image size-large\"><img loading=\"lazy\" width=\"1024\" height=\"683\" src=\"https:\/\/www.torrijos1831.com\/wp-content\/uploads\/2023\/11\/5-16-1024x683.jpg\" alt=\"\" class=\"wp-image-4476\" srcset=\"https:\/\/www.torrijos1831.com\/wp-content\/uploads\/2023\/11\/5-16-1024x683.jpg 1024w, https:\/\/www.torrijos1831.com\/wp-content\/uploads\/2023\/11\/5-16-300x200.jpg 300w, https:\/\/www.torrijos1831.com\/wp-content\/uploads\/2023\/11\/5-16-768x512.jpg 768w, https:\/\/www.torrijos1831.com\/wp-content\/uploads\/2023\/11\/5-16.jpg 1500w\" sizes=\"(max-width: 1024px) 100vw, 1024px\" \/><\/figure>\n\n\n\n<figure class=\"wp-block-image size-large\"><img loading=\"lazy\" width=\"1024\" height=\"683\" src=\"https:\/\/www.torrijos1831.com\/wp-content\/uploads\/2023\/11\/5-17-1024x683.jpg\" alt=\"\" class=\"wp-image-4477\" srcset=\"https:\/\/www.torrijos1831.com\/wp-content\/uploads\/2023\/11\/5-17-1024x683.jpg 1024w, https:\/\/www.torrijos1831.com\/wp-content\/uploads\/2023\/11\/5-17-300x200.jpg 300w, https:\/\/www.torrijos1831.com\/wp-content\/uploads\/2023\/11\/5-17-768x512.jpg 768w, https:\/\/www.torrijos1831.com\/wp-content\/uploads\/2023\/11\/5-17.jpg 1500w\" sizes=\"(max-width: 1024px) 100vw, 1024px\" \/><\/figure>\n\n\n\n<figure class=\"wp-block-image size-large\"><img loading=\"lazy\" width=\"1024\" height=\"682\" src=\"https:\/\/www.torrijos1831.com\/wp-content\/uploads\/2023\/11\/5-18-1024x682.jpg\" alt=\"\" class=\"wp-image-4478\" srcset=\"https:\/\/www.torrijos1831.com\/wp-content\/uploads\/2023\/11\/5-18-1024x682.jpg 1024w, https:\/\/www.torrijos1831.com\/wp-content\/uploads\/2023\/11\/5-18-300x200.jpg 300w, https:\/\/www.torrijos1831.com\/wp-content\/uploads\/2023\/11\/5-18-768x512.jpg 768w, https:\/\/www.torrijos1831.com\/wp-content\/uploads\/2023\/11\/5-18.jpg 1211w\" sizes=\"(max-width: 1024px) 100vw, 1024px\" \/><\/figure>\n","protected":false},"excerpt":{"rendered":"<p>Asociaci\u00f3n Torrijos 1831. La Asociaci\u00f3n Torrijos 1831 se ha trasladado a la ciudad de Cartagena para continuar con los actos del Bicentenario de la defensa que hizo el general Jos\u00e9 Mar\u00eda Torrijos del sistema constitucional espa\u00f1ol en esa plaza, en 1823. El colectivo, vistiendo a la usanza de 1823, parti\u00f3 desfilando desde la calle Carlos&#8230;<\/p>\n","protected":false},"author":1,"featured_media":4479,"comment_status":"closed","ping_status":"closed","sticky":false,"template":"","format":"standard","meta":[],"categories":[199],"tags":[],"_links":{"self":[{"href":"https:\/\/www.torrijos1831.com\/index.php?rest_route=\/wp\/v2\/posts\/4461"}],"collection":[{"href":"https:\/\/www.torrijos1831.com\/index.php?rest_route=\/wp\/v2\/posts"}],"about":[{"href":"https:\/\/www.torrijos1831.com\/index.php?rest_route=\/wp\/v2\/types\/post"}],"author":[{"embeddable":true,"href":"https:\/\/www.torrijos1831.com\/index.php?rest_route=\/wp\/v2\/users\/1"}],"replies":[{"embeddable":true,"href":"https:\/\/www.torrijos1831.com\/index.php?rest_route=%2Fwp%2Fv2%2Fcomments&post=4461"}],"version-history":[{"count":3,"href":"https:\/\/www.torrijos1831.com\/index.php?rest_route=\/wp\/v2\/posts\/4461\/revisions"}],"predecessor-version":[{"id":4568,"href":"https:\/\/www.torrijos1831.com\/index.php?rest_route=\/wp\/v2\/posts\/4461\/revisions\/4568"}],"wp:featuredmedia":[{"embeddable":true,"href":"https:\/\/www.torrijos1831.com\/index.php?rest_route=\/wp\/v2\/media\/4479"}],"wp:attachment":[{"href":"https:\/\/www.torrijos1831.com\/index.php?rest_route=%2Fwp%2Fv2%2Fmedia&parent=4461"}],"wp:term":[{"taxonomy":"category","embeddable":true,"href":"https:\/\/www.torrijos1831.com\/index.php?rest_route=%2Fwp%2Fv2%2Fcategories&post=4461"},{"taxonomy":"post_tag","embeddable":true,"href":"https:\/\/www.torrijos1831.com\/index.php?rest_route=%2Fwp%2Fv2%2Ftags&post=4461"}],"curies":[{"name":"wp","href":"https:\/\/api.w.org\/{rel}","templated":true}]}}