{"id":4552,"date":"2023-11-09T18:07:23","date_gmt":"2023-11-09T18:07:23","guid":{"rendered":"http:\/\/www.torrijos1831.com\/?p=4552"},"modified":"2023-11-11T09:32:50","modified_gmt":"2023-11-11T09:32:50","slug":"una-jornada-agradable-con-integrantes-de-la-federacion-de-tropas-y-legiones-de-las-fiestas-de-carthagineses-y-romanos-de-cartagena","status":"publish","type":"post","link":"https:\/\/www.torrijos1831.com\/?p=4552","title":{"rendered":"Una jornada agradable con integrantes de la Federaci\u00f3n de Tropas y Legiones de las Fiestas de Carthagineses y Romanos, de Cartagena."},"content":{"rendered":"<p style=\"text-align: justify;\"><strong><span style=\"color: #000000;\">Asociaci\u00f3n Torrijos 1831&nbsp;&nbsp;&nbsp;&nbsp;&nbsp;&nbsp;&nbsp;&nbsp;&nbsp; 09\/11\/2023<\/span><\/strong><\/p>\n<p style=\"text-align: justify;\"><strong><span style=\"color: #000000;\">Cartagineses y Romanos conforman unas<\/span><\/strong> <strong><span style=\"color: #000000;\">m<\/span><span style=\"color: #000000;\">uy<\/span><span style=\"color: #000000;\"> atractivas fiestas de car\u00e1cter hist\u00f3rico, que desde 1990 se celebran en la ciudad Cartagena durante la segunda quincena del mes de septiembre para conmemorar los hechos hist\u00f3ricos acaecidos en la ciudad durante la segunda guerra p\u00fanica. Han alcanzado tanto nivel y est\u00e1n tan bien respaldadas por las instituciones, que est\u00e1n declaradas Fiestas de Inter\u00e9s Tur\u00edstico Internacional desde el 22 de junio del a\u00f1o 2017. Desde la Asociaci\u00f3n Torrijos 1831 siempre nos gusta contemplar el hacer y caminar de otros grupos de recreaciones hist\u00f3ricas, indistintamente de la \u00e9poca que representen. Por ello, aprovechando nuestro viaje a Cartagena, nos pusimos en contacto con la Federaci\u00f3n de Tropas y Legiones de las Fiestas de Carthagineses y Romanos de Cartagena, propiciando su secretaria un encuentro con nosotros, de una delegaci\u00f3n de esa Federaci\u00f3n, que nos gan\u00f3 desde un primer momento por su simpat\u00eda, buen trato, excelentes vestimentas y conocimientos hist\u00f3ricos. Tanto fue as\u00ed que, despu\u00e9s de dejar el teatro romano, pasamos varias horas con ellos, confraternizando, en diferentes puntos de Cartagena. Desde esta p\u00e1gina, un abrazo para ustedes, amigos.<br><\/span><\/strong><\/p>\n\n\n<figure class=\"wp-block-image size-large\"><img loading=\"lazy\" width=\"754\" height=\"561\" src=\"https:\/\/www.torrijos1831.com\/wp-content\/uploads\/2023\/11\/12-2.jpg\" alt=\"\" class=\"wp-image-4553\" srcset=\"https:\/\/www.torrijos1831.com\/wp-content\/uploads\/2023\/11\/12-2.jpg 754w, https:\/\/www.torrijos1831.com\/wp-content\/uploads\/2023\/11\/12-2-300x223.jpg 300w, https:\/\/www.torrijos1831.com\/wp-content\/uploads\/2023\/11\/12-2-480x357.jpg 480w\" sizes=\"(max-width: 754px) 100vw, 754px\" \/><\/figure>\n\n\n\n<figure class=\"wp-block-image size-large\"><img loading=\"lazy\" width=\"1024\" height=\"768\" src=\"https:\/\/www.torrijos1831.com\/wp-content\/uploads\/2023\/11\/12-4.jpg\" alt=\"\" class=\"wp-image-4554\" srcset=\"https:\/\/www.torrijos1831.com\/wp-content\/uploads\/2023\/11\/12-4.jpg 1024w, https:\/\/www.torrijos1831.com\/wp-content\/uploads\/2023\/11\/12-4-300x225.jpg 300w, https:\/\/www.torrijos1831.com\/wp-content\/uploads\/2023\/11\/12-4-768x576.jpg 768w\" sizes=\"(max-width: 1024px) 100vw, 1024px\" \/><\/figure>\n\n\n\n<figure class=\"wp-block-image size-large\"><img loading=\"lazy\" width=\"1024\" height=\"771\" src=\"https:\/\/www.torrijos1831.com\/wp-content\/uploads\/2023\/11\/12-3-1024x771.jpg\" alt=\"\" class=\"wp-image-4555\" srcset=\"https:\/\/www.torrijos1831.com\/wp-content\/uploads\/2023\/11\/12-3-1024x771.jpg 1024w, https:\/\/www.torrijos1831.com\/wp-content\/uploads\/2023\/11\/12-3-300x226.jpg 300w, https:\/\/www.torrijos1831.com\/wp-content\/uploads\/2023\/11\/12-3-768x578.jpg 768w, https:\/\/www.torrijos1831.com\/wp-content\/uploads\/2023\/11\/12-3.jpg 1517w\" sizes=\"(max-width: 1024px) 100vw, 1024px\" \/><\/figure>\n\n\n\n<figure class=\"wp-block-image size-large\"><img loading=\"lazy\" width=\"768\" height=\"1024\" src=\"https:\/\/www.torrijos1831.com\/wp-content\/uploads\/2023\/11\/12-5-768x1024.jpg\" alt=\"\" class=\"wp-image-4556\" srcset=\"https:\/\/www.torrijos1831.com\/wp-content\/uploads\/2023\/11\/12-5-768x1024.jpg 768w, https:\/\/www.torrijos1831.com\/wp-content\/uploads\/2023\/11\/12-5-225x300.jpg 225w, https:\/\/www.torrijos1831.com\/wp-content\/uploads\/2023\/11\/12-5-1152x1536.jpg 1152w, https:\/\/www.torrijos1831.com\/wp-content\/uploads\/2023\/11\/12-5.jpg 1200w\" sizes=\"(max-width: 768px) 100vw, 768px\" \/><\/figure>\n\n\n\n<figure class=\"wp-block-image size-large\"><img loading=\"lazy\" width=\"594\" height=\"1024\" src=\"https:\/\/www.torrijos1831.com\/wp-content\/uploads\/2023\/11\/12-6-594x1024.jpg\" alt=\"\" class=\"wp-image-4557\" srcset=\"https:\/\/www.torrijos1831.com\/wp-content\/uploads\/2023\/11\/12-6-594x1024.jpg 594w, https:\/\/www.torrijos1831.com\/wp-content\/uploads\/2023\/11\/12-6-174x300.jpg 174w, https:\/\/www.torrijos1831.com\/wp-content\/uploads\/2023\/11\/12-6.jpg 648w\" sizes=\"(max-width: 594px) 100vw, 594px\" \/><\/figure>\n\n\n\n<figure class=\"wp-block-image size-large\"><img loading=\"lazy\" width=\"1024\" height=\"780\" src=\"https:\/\/www.torrijos1831.com\/wp-content\/uploads\/2023\/11\/482-272.jpg\" alt=\"\" class=\"wp-image-4558\" srcset=\"https:\/\/www.torrijos1831.com\/wp-content\/uploads\/2023\/11\/482-272.jpg 1024w, https:\/\/www.torrijos1831.com\/wp-content\/uploads\/2023\/11\/482-272-300x229.jpg 300w, https:\/\/www.torrijos1831.com\/wp-content\/uploads\/2023\/11\/482-272-768x585.jpg 768w\" sizes=\"(max-width: 1024px) 100vw, 1024px\" \/><\/figure>\n","protected":false},"excerpt":{"rendered":"<p>Asociaci\u00f3n Torrijos 1831&nbsp;&nbsp;&nbsp;&nbsp;&nbsp;&nbsp;&nbsp;&nbsp;&nbsp; 09\/11\/2023 Cartagineses y Romanos conforman unas muy atractivas fiestas de car\u00e1cter hist\u00f3rico, que desde 1990 se celebran en la ciudad Cartagena durante la segunda quincena del mes de septiembre para conmemorar los hechos hist\u00f3ricos acaecidos en la ciudad durante la segunda guerra p\u00fanica. Han alcanzado tanto nivel y est\u00e1n tan bien respaldadas&#8230;<\/p>\n","protected":false},"author":1,"featured_media":4559,"comment_status":"closed","ping_status":"closed","sticky":false,"template":"","format":"standard","meta":[],"categories":[199],"tags":[],"_links":{"self":[{"href":"https:\/\/www.torrijos1831.com\/index.php?rest_route=\/wp\/v2\/posts\/4552"}],"collection":[{"href":"https:\/\/www.torrijos1831.com\/index.php?rest_route=\/wp\/v2\/posts"}],"about":[{"href":"https:\/\/www.torrijos1831.com\/index.php?rest_route=\/wp\/v2\/types\/post"}],"author":[{"embeddable":true,"href":"https:\/\/www.torrijos1831.com\/index.php?rest_route=\/wp\/v2\/users\/1"}],"replies":[{"embeddable":true,"href":"https:\/\/www.torrijos1831.com\/index.php?rest_route=%2Fwp%2Fv2%2Fcomments&post=4552"}],"version-history":[{"count":2,"href":"https:\/\/www.torrijos1831.com\/index.php?rest_route=\/wp\/v2\/posts\/4552\/revisions"}],"predecessor-version":[{"id":4561,"href":"https:\/\/www.torrijos1831.com\/index.php?rest_route=\/wp\/v2\/posts\/4552\/revisions\/4561"}],"wp:featuredmedia":[{"embeddable":true,"href":"https:\/\/www.torrijos1831.com\/index.php?rest_route=\/wp\/v2\/media\/4559"}],"wp:attachment":[{"href":"https:\/\/www.torrijos1831.com\/index.php?rest_route=%2Fwp%2Fv2%2Fmedia&parent=4552"}],"wp:term":[{"taxonomy":"category","embeddable":true,"href":"https:\/\/www.torrijos1831.com\/index.php?rest_route=%2Fwp%2Fv2%2Fcategories&post=4552"},{"taxonomy":"post_tag","embeddable":true,"href":"https:\/\/www.torrijos1831.com\/index.php?rest_route=%2Fwp%2Fv2%2Ftags&post=4552"}],"curies":[{"name":"wp","href":"https:\/\/api.w.org\/{rel}","templated":true}]}}