{"id":4591,"date":"2023-11-16T10:59:41","date_gmt":"2023-11-16T10:59:41","guid":{"rendered":"http:\/\/www.torrijos1831.com\/?p=4591"},"modified":"2023-11-16T10:59:43","modified_gmt":"2023-11-16T10:59:43","slug":"recreacion-historica-del-bicentenario-de-la-presidencia-de-la-cortes-espanolas-de-d-manuel-flores-calderon-1823-2023","status":"publish","type":"post","link":"https:\/\/www.torrijos1831.com\/?p=4591","title":{"rendered":"Recreaci\u00f3n hist\u00f3rica del Bicentenario de la presidencia de la Cortes espa\u00f1olas de D. Manuel Flores Calder\u00f3n (1823-2023)."},"content":{"rendered":"<p style=\"text-align: justify;\"><strong><span style=\"color: #000000;\">Asociaci\u00f3n Torrijos 1831\u00a0\u00a0\u00a0\u00a0\u00a0\u00a0\u00a0\u00a0\u00a0 16\/11\/2023<\/span><\/strong><\/p>\n<p style=\"text-align: justify;\"><strong><span style=\"color: #000000;\">Tal como estaba previsto, ayer, d\u00eda 15 de noviembre, tuvo lugar en el Centro de Interpretaci\u00f3n Hist\u00f3rico Jos\u00e9 Mar\u00eda Torrijos, sito en la Plaza de la Libertad, en popular barrio de El Perchel, a partir de la seis de la tarde, la recreaci\u00f3n hist\u00f3rica del Bicentenario de la presidencia de la Cortes espa\u00f1olas de D. Manuel Flores Calder\u00f3n (1823-2023). Su atractiva figura como liberal constitucionalista decimon\u00f3nico, su alto cargo de ser presidente de Cortes y, adem\u00e1s, ser un leal compa\u00f1ero de Torrijos, con el que cay\u00f3 en M\u00e1laga el 11 de diciembre de 1831, demandaba este acto a su persona en el a\u00f1o en el que, precisamente, se cumple ese Bicentenario de presidente de Cortes. La Asociaci\u00f3n Torrijos 1831, tan dedicada desde sus principios a estos hechos hist\u00f3ricos no ha querido dejar pasar esta oportunidad de conmemorarlo. Con guiones y secuencias bien elaborados, con una clara concepci\u00f3n del objetivo hist\u00f3rico-cultural a tratar, y con una original puesta en escena, nuestro compa\u00f1ero Carlos Corcoles, con su muy estimable direcci\u00f3n, lo ha hecho posible, ayudado muy eficazmente por la notable labor interpretativa de otros buenos compa\u00f1eros, como Enrique Parapar (Manuel Flores Calder\u00f3n), Milagros Subires como relatora, Manolo Reina (Cayetano Vald\u00e9s), Juan Gavil\u00e1n (secretario de las Cortes), y Fali Cas\u00e1n, Juan Cas\u00e1n, Jos\u00e9 Antonio Arag\u00f3n y Antonio Gavil\u00e1n (como diputados de las cortes de 1823). A todos ellos nuestras felicitaciones y enhorabuena.<\/span><\/strong><\/p>\n<p style=\"text-align: justify;\"><span style=\"color: #800000;\"><strong>\u00bfQui\u00e9n fue Manuel Flores Calder\u00f3n?<\/strong><\/span><\/p>\n<p style=\"text-align: justify;\"><strong><span style=\"color: #000000;\">Flores Calder\u00f3n naci\u00f3 en 1775, en un peque\u00f1o pueblo de la provincia de Burgos, llamado Pe\u00f1aranda del Duero, en un hogar de modestos labradores. A finales del siglo XVIII no era frecuente, que los hijos de los agricultores estudiar\u00e1n. Sin embargo, Flores Calder\u00f3n con el apoyo de familiares, curs\u00f3 estudios superiores en el seminario dependiente de la Universidad del Burgo, donde pas\u00f3 varios a\u00f1os de su vida. Tras culminar sus estudios se convirti\u00f3 en profesor de esta instituci\u00f3n, a trav\u00e9s de la cual le llegaron a \u00e9l y a su entorno, las ideas liberales.<\/span><\/strong><br \/><strong><span style=\"color: #000000;\">La deficiente remuneraci\u00f3n econ\u00f3mica de la \u00e9poca junto a la incipiente represi\u00f3n a los \u2018liberales\u2019, llev\u00f3 a Flores Calder\u00f3n, unos a\u00f1os m\u00e1s tarde, a cambiar la docencia por la administraci\u00f3n de la finca de la Condesa de Montijo en Badajoz. Durante esta etapa de su vida, Flores Calder\u00f3n ser\u00e1 testigo, entre otras cosas, de la invasi\u00f3n de Espa\u00f1a por parte del ej\u00e9rcito franc\u00e9s, de los seis a\u00f1os que continuaron en la llamada Guerra de la Independencia, de la aprobaci\u00f3n de la Constituci\u00f3n de C\u00e1diz y de su derogaci\u00f3n por parte del Rey Fernando VII, dando lugar as\u00ed al \u2018Sexenio absolutista\u2019.<\/span><\/strong><br \/><strong><span style=\"color: #000000;\">Tras la muerte de la Condesa de Montijo, le suceder\u00e1 en el cargo su hijo, Eugenio Eulalio Guzm\u00e1n y Palafox, un activista contra el \u2018absolutismo\u2019. \u00c9ste introdujo a Flores Calder\u00f3n en el mundo de las \u2018sociedades secretas\u2019, a trav\u00e9s de las cuales se canaliz\u00f3 parte del desagrado de la poblaci\u00f3n contra el r\u00e9gimen desp\u00f3tico de la monarqu\u00eda absoluta. Este descontento desemboc\u00f3, finalmente, en el pronunciamiento de Cabezas de San Juan, e 1 de enero de 1820, liderado por el teniente coronel Rafael del Riego, que oblig\u00f3 a Fernando VII a jurar la Constituci\u00f3n de C\u00e1diz, comenzando as\u00ed el llamado Trienio Liberal. Al inicio de este periodo, Flores Calder\u00f3n particip\u00f3 en la fundaci\u00f3n del \u2018Ateneo Espa\u00f1ol\u2019. All\u00ed, ocup\u00f3 varios cargos y c\u00e1tedras, en las que defendi\u00f3 el papel de la educaci\u00f3n como herramienta para el mantenimiento de las libertades.<\/span><\/strong><br \/><strong><span style=\"color: #000000;\">Esta labor, le llev\u00f3 a Flores Calder\u00f3n a tener cierto prestigio ante la clase pol\u00edtica del momento, que empieza a preocuparse por el precario estado de la ense\u00f1anza en Espa\u00f1a. En 1822, Flores Calder\u00f3n participa en la fundaci\u00f3n de la primera administraci\u00f3n educativa de Espa\u00f1a, ocupando en ella un cargo muy importante. Ese mismo a\u00f1o, Flores Calder\u00f3n, es elegido diputado por Burgos en Las Cortes, de las que en el a\u00f1o siguiente ser\u00e1 presidente, en unas circunstancia ya muy complicadas al ser invadida Espa\u00f1a, de nuevo, por otro poderoso ej\u00e9rcito franc\u00e9s, en esta ocasi\u00f3n llamado los Cien Mil hijos de San Lu\u00eds, que acabar\u00e1 con el sistema constitucional espa\u00f1ol para devolverle el poder absoluto al degradado monarca Fernando VII. Flores Calder\u00f3n, acompa\u00f1ado por su hijo Lorenzo, escoger\u00e1 el exilio en Gibraltar, marchando posteriormente a Inglaterra. All\u00ed, unido al general Torrijos, concebir\u00e1n el regreso a Espa\u00f1a para llevar a cabo un pronunciamiento que posibilitara para nuestro pa\u00eds el retorno del sistema constitucional. En ese compromiso, ambos morir\u00e1n cogidos de la mano en la playa de San Andr\u00e9s, de M\u00e1laga, en la fr\u00eda ma\u00f1ana del 11 de diciembre de 1831, al grito de \u201c\u00a1Viva la libertad!\u201d.<\/span><\/strong><\/p>\n<p style=\"text-align: justify;\"><span style=\"color: #800000;\"><strong>Datos de la Asociaci\u00f3n Hist\u00f3rico Cultural Torrijos 1831.<\/strong><\/span><\/p>\n<p style=\"text-align: justify;\"><strong><span style=\"color: #000000;\">Tipo de Asociaci\u00f3n: cultural, dedicada a la investigaci\u00f3n hist\u00f3rica, y recreadora en sus actuaciones en p\u00fablico para exponer los hechos que representa. \u00c1mbito de actuaci\u00f3n: regional, recogida en el Registro de Asociaciones de la Junta de Andaluc\u00eda. Inici\u00f3 su periodo constituyente en el a\u00f1o 2002, siendo legalizada en 2003. Fue un proyecto original desde el principio, pues en Espa\u00f1a no se hab\u00eda creado anteriormente una Asociaci\u00f3n sobre el personaje hist\u00f3rico de Jos\u00e9 Mar\u00eda Torrijos y Uriarte, h\u00e9roe de la Guerra de Independencia y defensor de las libertades y derechos constitucionales frente al poder absoluto del reinado de Fernando VII. Original en las formas, dedicaci\u00f3n y fines, que recogen sus estatutos, cimentando sus antecedentes en los precursores que trabajaron sobre el personaje de Torrijos en la provincia de M\u00e1laga, en las d\u00e9cadas de los a\u00f1os ochenta y noventa del siglo XX y primeros a\u00f1os del XXI.<\/span><\/strong><br \/><strong><span style=\"color: #000000;\">Como colectivo de recreaciones hist\u00f3ricas es el m\u00e1s antiguo de las dedicadas al siglo XIX, en Andaluc\u00eda. En cuanto a las representaciones relativas a la Guerra de la Independencia en las que participa la Asociaci\u00f3n, la recreaci\u00f3n insignia, creada en 2007, es el \u201cRegimiento de Infanter\u00eda de M\u00e1laga\u201d, unidad titular de M\u00e1laga, que salvo un periodo de disoluci\u00f3n, tuvo vida castrense desde 1701 a 1893, siendo su historial heredado por el Regimiento Melilla en sus diferentes numeraciones, y que fue disuelto en M\u00e1laga, en 1985. Para entrar en su historial y actividades: regimientodeinfanteriademalaga.blogspot.com<\/span><\/strong><br \/><strong><span style=\"color: #000000;\">Correo de Contacto: asociaci\u00f3ntorrijos1831@gmail.com Tambi\u00e9n, a trav\u00e9s de este correo se pueden solicitar visitas concertadas al Centro de Interpretaci\u00f3n Hist\u00f3rico Jos\u00e9 Mar\u00eda Torrijos (Refectorio), en el barrio de El Perchel de M\u00e1laga. Tel\u00e9fono de contacto: 952234039. P\u00e1gina web: www.torrijos1831.com<\/span><\/strong><\/p>\n\n\n<figure class=\"wp-block-image size-large\"><img loading=\"lazy\" width=\"1024\" height=\"678\" src=\"https:\/\/www.torrijos1831.com\/wp-content\/uploads\/2023\/11\/14-2-1024x678.jpg\" alt=\"\" class=\"wp-image-4592\" srcset=\"https:\/\/www.torrijos1831.com\/wp-content\/uploads\/2023\/11\/14-2-1024x678.jpg 1024w, https:\/\/www.torrijos1831.com\/wp-content\/uploads\/2023\/11\/14-2-300x199.jpg 300w, https:\/\/www.torrijos1831.com\/wp-content\/uploads\/2023\/11\/14-2-768x509.jpg 768w, https:\/\/www.torrijos1831.com\/wp-content\/uploads\/2023\/11\/14-2.jpg 1465w\" sizes=\"(max-width: 1024px) 100vw, 1024px\" \/><\/figure>\n\n\n\n<figure class=\"wp-block-image size-large\"><img loading=\"lazy\" width=\"1024\" height=\"683\" src=\"https:\/\/www.torrijos1831.com\/wp-content\/uploads\/2023\/11\/14-3-1024x683.jpg\" alt=\"\" class=\"wp-image-4593\" srcset=\"https:\/\/www.torrijos1831.com\/wp-content\/uploads\/2023\/11\/14-3-1024x683.jpg 1024w, https:\/\/www.torrijos1831.com\/wp-content\/uploads\/2023\/11\/14-3-300x200.jpg 300w, https:\/\/www.torrijos1831.com\/wp-content\/uploads\/2023\/11\/14-3-768x512.jpg 768w, https:\/\/www.torrijos1831.com\/wp-content\/uploads\/2023\/11\/14-3.jpg 1500w\" sizes=\"(max-width: 1024px) 100vw, 1024px\" \/><\/figure>\n\n\n\n<figure class=\"wp-block-image size-large\"><img loading=\"lazy\" width=\"1024\" height=\"626\" src=\"https:\/\/www.torrijos1831.com\/wp-content\/uploads\/2023\/11\/14-4-1024x626.jpg\" alt=\"\" class=\"wp-image-4594\" srcset=\"https:\/\/www.torrijos1831.com\/wp-content\/uploads\/2023\/11\/14-4-1024x626.jpg 1024w, https:\/\/www.torrijos1831.com\/wp-content\/uploads\/2023\/11\/14-4-300x183.jpg 300w, https:\/\/www.torrijos1831.com\/wp-content\/uploads\/2023\/11\/14-4-768x470.jpg 768w, https:\/\/www.torrijos1831.com\/wp-content\/uploads\/2023\/11\/14-4.jpg 1500w\" sizes=\"(max-width: 1024px) 100vw, 1024px\" \/><\/figure>\n\n\n\n<figure class=\"wp-block-image size-large\"><img loading=\"lazy\" width=\"765\" height=\"1024\" src=\"https:\/\/www.torrijos1831.com\/wp-content\/uploads\/2023\/11\/14-5-765x1024.jpg\" alt=\"\" class=\"wp-image-4595\" srcset=\"https:\/\/www.torrijos1831.com\/wp-content\/uploads\/2023\/11\/14-5-765x1024.jpg 765w, https:\/\/www.torrijos1831.com\/wp-content\/uploads\/2023\/11\/14-5-224x300.jpg 224w, https:\/\/www.torrijos1831.com\/wp-content\/uploads\/2023\/11\/14-5-768x1028.jpg 768w, https:\/\/www.torrijos1831.com\/wp-content\/uploads\/2023\/11\/14-5.jpg 1000w\" sizes=\"(max-width: 765px) 100vw, 765px\" \/><\/figure>\n\n\n\n<figure class=\"wp-block-image size-large\"><img loading=\"lazy\" width=\"1024\" height=\"683\" src=\"https:\/\/www.torrijos1831.com\/wp-content\/uploads\/2023\/11\/14-6-1024x683.jpg\" alt=\"\" class=\"wp-image-4596\" srcset=\"https:\/\/www.torrijos1831.com\/wp-content\/uploads\/2023\/11\/14-6-1024x683.jpg 1024w, https:\/\/www.torrijos1831.com\/wp-content\/uploads\/2023\/11\/14-6-300x200.jpg 300w, https:\/\/www.torrijos1831.com\/wp-content\/uploads\/2023\/11\/14-6-768x512.jpg 768w, https:\/\/www.torrijos1831.com\/wp-content\/uploads\/2023\/11\/14-6.jpg 1500w\" sizes=\"(max-width: 1024px) 100vw, 1024px\" \/><\/figure>\n\n\n\n<figure class=\"wp-block-image size-large\"><img loading=\"lazy\" width=\"1024\" height=\"683\" src=\"https:\/\/www.torrijos1831.com\/wp-content\/uploads\/2023\/11\/14-7-1024x683.jpg\" alt=\"\" class=\"wp-image-4597\" srcset=\"https:\/\/www.torrijos1831.com\/wp-content\/uploads\/2023\/11\/14-7-1024x683.jpg 1024w, https:\/\/www.torrijos1831.com\/wp-content\/uploads\/2023\/11\/14-7-300x200.jpg 300w, https:\/\/www.torrijos1831.com\/wp-content\/uploads\/2023\/11\/14-7-768x512.jpg 768w, https:\/\/www.torrijos1831.com\/wp-content\/uploads\/2023\/11\/14-7.jpg 1500w\" sizes=\"(max-width: 1024px) 100vw, 1024px\" \/><\/figure>\n\n\n\n<figure class=\"wp-block-image size-large\"><img loading=\"lazy\" width=\"1024\" height=\"669\" src=\"https:\/\/www.torrijos1831.com\/wp-content\/uploads\/2023\/11\/14-8-1024x669.jpg\" alt=\"\" class=\"wp-image-4598\" srcset=\"https:\/\/www.torrijos1831.com\/wp-content\/uploads\/2023\/11\/14-8-1024x669.jpg 1024w, https:\/\/www.torrijos1831.com\/wp-content\/uploads\/2023\/11\/14-8-300x196.jpg 300w, https:\/\/www.torrijos1831.com\/wp-content\/uploads\/2023\/11\/14-8-768x502.jpg 768w, https:\/\/www.torrijos1831.com\/wp-content\/uploads\/2023\/11\/14-8.jpg 1447w\" sizes=\"(max-width: 1024px) 100vw, 1024px\" \/><\/figure>\n\n\n\n<figure class=\"wp-block-image size-large\"><img loading=\"lazy\" width=\"1024\" height=\"675\" src=\"https:\/\/www.torrijos1831.com\/wp-content\/uploads\/2023\/11\/14-9-1024x675.jpg\" alt=\"\" class=\"wp-image-4599\" srcset=\"https:\/\/www.torrijos1831.com\/wp-content\/uploads\/2023\/11\/14-9-1024x675.jpg 1024w, https:\/\/www.torrijos1831.com\/wp-content\/uploads\/2023\/11\/14-9-300x198.jpg 300w, https:\/\/www.torrijos1831.com\/wp-content\/uploads\/2023\/11\/14-9-768x506.jpg 768w, https:\/\/www.torrijos1831.com\/wp-content\/uploads\/2023\/11\/14-9.jpg 1481w\" sizes=\"(max-width: 1024px) 100vw, 1024px\" \/><\/figure>\n\n\n\n<figure class=\"wp-block-image size-large\"><img loading=\"lazy\" width=\"1024\" height=\"683\" src=\"https:\/\/www.torrijos1831.com\/wp-content\/uploads\/2023\/11\/14-10-1-1024x683.jpg\" alt=\"\" class=\"wp-image-4600\" srcset=\"https:\/\/www.torrijos1831.com\/wp-content\/uploads\/2023\/11\/14-10-1-1024x683.jpg 1024w, https:\/\/www.torrijos1831.com\/wp-content\/uploads\/2023\/11\/14-10-1-300x200.jpg 300w, https:\/\/www.torrijos1831.com\/wp-content\/uploads\/2023\/11\/14-10-1-768x512.jpg 768w, https:\/\/www.torrijos1831.com\/wp-content\/uploads\/2023\/11\/14-10-1.jpg 1500w\" sizes=\"(max-width: 1024px) 100vw, 1024px\" \/><\/figure>\n\n\n\n<figure class=\"wp-block-image size-large\"><img loading=\"lazy\" width=\"1024\" height=\"769\" src=\"https:\/\/www.torrijos1831.com\/wp-content\/uploads\/2023\/11\/14-11-1-1024x769.jpg\" alt=\"\" class=\"wp-image-4601\" srcset=\"https:\/\/www.torrijos1831.com\/wp-content\/uploads\/2023\/11\/14-11-1-1024x769.jpg 1024w, https:\/\/www.torrijos1831.com\/wp-content\/uploads\/2023\/11\/14-11-1-300x225.jpg 300w, https:\/\/www.torrijos1831.com\/wp-content\/uploads\/2023\/11\/14-11-1-768x577.jpg 768w, https:\/\/www.torrijos1831.com\/wp-content\/uploads\/2023\/11\/14-11-1.jpg 1295w\" sizes=\"(max-width: 1024px) 100vw, 1024px\" \/><\/figure>\n\n\n\n<figure class=\"wp-block-image size-large\"><img loading=\"lazy\" width=\"1024\" height=\"663\" src=\"https:\/\/www.torrijos1831.com\/wp-content\/uploads\/2023\/11\/14-12-1-1024x663.jpg\" alt=\"\" class=\"wp-image-4603\" srcset=\"https:\/\/www.torrijos1831.com\/wp-content\/uploads\/2023\/11\/14-12-1-1024x663.jpg 1024w, https:\/\/www.torrijos1831.com\/wp-content\/uploads\/2023\/11\/14-12-1-300x194.jpg 300w, https:\/\/www.torrijos1831.com\/wp-content\/uploads\/2023\/11\/14-12-1-768x497.jpg 768w, https:\/\/www.torrijos1831.com\/wp-content\/uploads\/2023\/11\/14-12-1.jpg 1373w\" sizes=\"(max-width: 1024px) 100vw, 1024px\" \/><\/figure>\n","protected":false},"excerpt":{"rendered":"<p>Asociaci\u00f3n Torrijos 1831\u00a0\u00a0\u00a0\u00a0\u00a0\u00a0\u00a0\u00a0\u00a0 16\/11\/2023 Tal como estaba previsto, ayer, d\u00eda 15 de noviembre, tuvo lugar en el Centro de Interpretaci\u00f3n Hist\u00f3rico Jos\u00e9 Mar\u00eda Torrijos, sito en la Plaza de la Libertad, en popular barrio de El Perchel, a partir de la seis de la tarde, la recreaci\u00f3n hist\u00f3rica del Bicentenario de la presidencia de la&#8230;<\/p>\n","protected":false},"author":1,"featured_media":4604,"comment_status":"closed","ping_status":"closed","sticky":false,"template":"","format":"standard","meta":[],"categories":[203],"tags":[],"_links":{"self":[{"href":"https:\/\/www.torrijos1831.com\/index.php?rest_route=\/wp\/v2\/posts\/4591"}],"collection":[{"href":"https:\/\/www.torrijos1831.com\/index.php?rest_route=\/wp\/v2\/posts"}],"about":[{"href":"https:\/\/www.torrijos1831.com\/index.php?rest_route=\/wp\/v2\/types\/post"}],"author":[{"embeddable":true,"href":"https:\/\/www.torrijos1831.com\/index.php?rest_route=\/wp\/v2\/users\/1"}],"replies":[{"embeddable":true,"href":"https:\/\/www.torrijos1831.com\/index.php?rest_route=%2Fwp%2Fv2%2Fcomments&post=4591"}],"version-history":[{"count":1,"href":"https:\/\/www.torrijos1831.com\/index.php?rest_route=\/wp\/v2\/posts\/4591\/revisions"}],"predecessor-version":[{"id":4605,"href":"https:\/\/www.torrijos1831.com\/index.php?rest_route=\/wp\/v2\/posts\/4591\/revisions\/4605"}],"wp:featuredmedia":[{"embeddable":true,"href":"https:\/\/www.torrijos1831.com\/index.php?rest_route=\/wp\/v2\/media\/4604"}],"wp:attachment":[{"href":"https:\/\/www.torrijos1831.com\/index.php?rest_route=%2Fwp%2Fv2%2Fmedia&parent=4591"}],"wp:term":[{"taxonomy":"category","embeddable":true,"href":"https:\/\/www.torrijos1831.com\/index.php?rest_route=%2Fwp%2Fv2%2Fcategories&post=4591"},{"taxonomy":"post_tag","embeddable":true,"href":"https:\/\/www.torrijos1831.com\/index.php?rest_route=%2Fwp%2Fv2%2Ftags&post=4591"}],"curies":[{"name":"wp","href":"https:\/\/api.w.org\/{rel}","templated":true}]}}