{"id":4880,"date":"2024-01-12T18:42:52","date_gmt":"2024-01-12T18:42:52","guid":{"rendered":"http:\/\/www.torrijos1831.com\/?p=4880"},"modified":"2024-01-17T07:27:19","modified_gmt":"2024-01-17T07:27:19","slug":"la-asociacion-amaduma-visita-en-centro-de-interpretacion-historico-jose-maria-torrijos-sito-en-la-plaza-de-la-libertad","status":"publish","type":"post","link":"https:\/\/www.torrijos1831.com\/?p=4880","title":{"rendered":"La Asociaci\u00f3n AMADUMA visita el Centro de Interpretaci\u00f3n Hist\u00f3rico Jos\u00e9 Mar\u00eda Torrijos, sito en la Plaza de la Libertad."},"content":{"rendered":"<p style=\"text-align: justify;\"><strong><span style=\"color: #000000;\">Asociaci\u00f3n Torrijos 1831 12\/01\/2024<\/span><\/strong><\/p>\n<p style=\"text-align: justify;\"><strong><span style=\"color: #000000;\">En la ma\u00f1ana de hoy, cuarenta y dos integrantes de AMADUMA (Asociaci\u00f3n de Mayores Amigos de la Universidad de M\u00e1laga), con su presidenta Maite Tudela al frente, han visitado el Centro de Interpretaci\u00f3n Hist\u00f3rico Jos\u00e9 Mar\u00eda Torrijos, sito en la Plaza de la Libertad, en el popular barrio de El Perchel. Durante dos horas, tuvieron una amplia informaci\u00f3n sobre la vida del general Jos\u00e9 Mar\u00eda Torrijos y Uriarte, as\u00ed como de los hechos que ocurrieron en el antiguo refectorio carmelitano (espacio hoy ocupado por el propio Centro de Interpretaci\u00f3n), entre la tarde del 10 de diciembre, hasta las diez de la ma\u00f1ana del 11 de diciembre de 1831. Se hizo tambi\u00e9n un recorrido detallado por todo lo que se expone en el centro, patrimonio que ha ido enriqueciendo la Asociaci\u00f3n Torrijos 1831 durante veintid\u00f3s a\u00f1os. Finalmente, se explicaron con todo lujo de detalles las claves del cuadro de Antonio Gisbert, El Fusilamiento de Torrijos, a trav\u00e9s de la amplia reproducci\u00f3n que se encuentra en el propio Centro de Interpretaci\u00f3n Hist\u00f3rico. Los miembros de AMADUMA, que mostraron un gran inter\u00e9s por todo lo escuchado y visto durante toda la ma\u00f1ana, se fueron contentos del Centro.<\/span><\/strong><\/p>\n<p style=\"text-align: justify;\"><span style=\"color: #800000;\"><strong>Datos de la Asociaci\u00f3n Hist\u00f3rico Cultural Torrijos 1831.<\/strong><\/span><\/p>\n<p style=\"text-align: justify;\"><strong><span style=\"color: #000000;\">Tipo de Asociaci\u00f3n: cultural, dedicada a la investigaci\u00f3n hist\u00f3rica, y recreadora en sus actuaciones en p\u00fablico para exponer los hechos que representa. \u00c1mbito de actuaci\u00f3n: regional, recogida en el Registro de Asociaciones de la Junta de Andaluc\u00eda. Inici\u00f3 su periodo constituyente en el a\u00f1o 2002, siendo legalizada en 2003. Fue un proyecto original desde el principio, pues en Espa\u00f1a no se hab\u00eda creado anteriormente una Asociaci\u00f3n sobre el personaje hist\u00f3rico de Jos\u00e9 Mar\u00eda Torrijos y Uriarte, h\u00e9roe de la Guerra de Independencia y defensor de las libertades y derechos constitucionales frente al poder absoluto del reinado de Fernando VII. Original en las formas, dedicaci\u00f3n y fines, que recogen sus estatutos, cimentando sus antecedentes en los precursores que trabajaron sobre el personaje de Torrijos en la provincia de M\u00e1laga, en las d\u00e9cadas de los a\u00f1os ochenta y noventa del siglo XX y primeros a\u00f1os del XXI.<\/span><\/strong><br \/><strong><span style=\"color: #000000;\">Como colectivo de recreaciones hist\u00f3ricas, es el m\u00e1s antiguo de las dedicadas al siglo XIX, en Andaluc\u00eda. En cuanto a las representaciones relativas a la Guerra de la Independencia en las que participa la Asociaci\u00f3n, la recreaci\u00f3n insignia, creada en 2007, es el \u201cRegimiento de Infanter\u00eda de M\u00e1laga\u201d, unidad titular de M\u00e1laga, que salvo un periodo de disoluci\u00f3n, tuvo vida castrense desde 1701 a 1893, siendo su historial heredado por el Regimiento Melilla en sus diferentes numeraciones, y que fue disuelto en M\u00e1laga, en 1985. Para entrar en su historial y actividades: regimientodeinfanteriademalaga.blogspot.com<\/span><\/strong><br \/><strong><span style=\"color: #000000;\">Correo de Contacto: asociaci\u00f3ntorrijos1831@gmail.com Tambi\u00e9n, a trav\u00e9s de este correo se pueden solicitar visitas concertadas al Centro de Interpretaci\u00f3n Hist\u00f3rico Jos\u00e9 Mar\u00eda Torrijos (Refectorio), en el barrio de El Perchel de M\u00e1laga. Tel\u00e9fono de contacto: 952234039. P\u00e1gina web: www.torrijos1831.com<\/span><\/strong><\/p>\n\n\n<figure class=\"wp-block-image size-large\"><img loading=\"lazy\" width=\"1024\" height=\"790\" src=\"https:\/\/www.torrijos1831.com\/wp-content\/uploads\/2024\/01\/4-3-1024x790.jpg\" alt=\"\" class=\"wp-image-4881\" srcset=\"https:\/\/www.torrijos1831.com\/wp-content\/uploads\/2024\/01\/4-3-1024x790.jpg 1024w, https:\/\/www.torrijos1831.com\/wp-content\/uploads\/2024\/01\/4-3-300x231.jpg 300w, https:\/\/www.torrijos1831.com\/wp-content\/uploads\/2024\/01\/4-3-768x593.jpg 768w, https:\/\/www.torrijos1831.com\/wp-content\/uploads\/2024\/01\/4-3.jpg 1370w\" sizes=\"(max-width: 1024px) 100vw, 1024px\" \/><\/figure>\n\n\n\n<figure class=\"wp-block-image size-large\"><img loading=\"lazy\" width=\"1024\" height=\"955\" src=\"https:\/\/www.torrijos1831.com\/wp-content\/uploads\/2024\/01\/4-4-1024x955.jpg\" alt=\"\" class=\"wp-image-4882\" srcset=\"https:\/\/www.torrijos1831.com\/wp-content\/uploads\/2024\/01\/4-4-1024x955.jpg 1024w, https:\/\/www.torrijos1831.com\/wp-content\/uploads\/2024\/01\/4-4-300x280.jpg 300w, https:\/\/www.torrijos1831.com\/wp-content\/uploads\/2024\/01\/4-4-768x716.jpg 768w, https:\/\/www.torrijos1831.com\/wp-content\/uploads\/2024\/01\/4-4.jpg 1515w\" sizes=\"(max-width: 1024px) 100vw, 1024px\" \/><\/figure>\n\n\n\n<figure class=\"wp-block-image size-large\"><img loading=\"lazy\" width=\"1024\" height=\"750\" src=\"https:\/\/www.torrijos1831.com\/wp-content\/uploads\/2024\/01\/4-5-1024x750.jpg\" alt=\"\" class=\"wp-image-4883\" srcset=\"https:\/\/www.torrijos1831.com\/wp-content\/uploads\/2024\/01\/4-5-1024x750.jpg 1024w, https:\/\/www.torrijos1831.com\/wp-content\/uploads\/2024\/01\/4-5-300x220.jpg 300w, https:\/\/www.torrijos1831.com\/wp-content\/uploads\/2024\/01\/4-5-768x563.jpg 768w, https:\/\/www.torrijos1831.com\/wp-content\/uploads\/2024\/01\/4-5-1536x1126.jpg 1536w, https:\/\/www.torrijos1831.com\/wp-content\/uploads\/2024\/01\/4-5.jpg 1879w\" sizes=\"(max-width: 1024px) 100vw, 1024px\" \/><\/figure>\n","protected":false},"excerpt":{"rendered":"<p>Asociaci\u00f3n Torrijos 1831 12\/01\/2024 En la ma\u00f1ana de hoy, cuarenta y dos integrantes de AMADUMA (Asociaci\u00f3n de Mayores Amigos de la Universidad de M\u00e1laga), con su presidenta Maite Tudela al frente, han visitado el Centro de Interpretaci\u00f3n Hist\u00f3rico Jos\u00e9 Mar\u00eda Torrijos, sito en la Plaza de la Libertad, en el popular barrio de El Perchel&#8230;.<\/p>\n","protected":false},"author":1,"featured_media":4884,"comment_status":"closed","ping_status":"closed","sticky":false,"template":"","format":"standard","meta":[],"categories":[28,209],"tags":[],"_links":{"self":[{"href":"https:\/\/www.torrijos1831.com\/index.php?rest_route=\/wp\/v2\/posts\/4880"}],"collection":[{"href":"https:\/\/www.torrijos1831.com\/index.php?rest_route=\/wp\/v2\/posts"}],"about":[{"href":"https:\/\/www.torrijos1831.com\/index.php?rest_route=\/wp\/v2\/types\/post"}],"author":[{"embeddable":true,"href":"https:\/\/www.torrijos1831.com\/index.php?rest_route=\/wp\/v2\/users\/1"}],"replies":[{"embeddable":true,"href":"https:\/\/www.torrijos1831.com\/index.php?rest_route=%2Fwp%2Fv2%2Fcomments&post=4880"}],"version-history":[{"count":3,"href":"https:\/\/www.torrijos1831.com\/index.php?rest_route=\/wp\/v2\/posts\/4880\/revisions"}],"predecessor-version":[{"id":4898,"href":"https:\/\/www.torrijos1831.com\/index.php?rest_route=\/wp\/v2\/posts\/4880\/revisions\/4898"}],"wp:featuredmedia":[{"embeddable":true,"href":"https:\/\/www.torrijos1831.com\/index.php?rest_route=\/wp\/v2\/media\/4884"}],"wp:attachment":[{"href":"https:\/\/www.torrijos1831.com\/index.php?rest_route=%2Fwp%2Fv2%2Fmedia&parent=4880"}],"wp:term":[{"taxonomy":"category","embeddable":true,"href":"https:\/\/www.torrijos1831.com\/index.php?rest_route=%2Fwp%2Fv2%2Fcategories&post=4880"},{"taxonomy":"post_tag","embeddable":true,"href":"https:\/\/www.torrijos1831.com\/index.php?rest_route=%2Fwp%2Fv2%2Ftags&post=4880"}],"curies":[{"name":"wp","href":"https:\/\/api.w.org\/{rel}","templated":true}]}}