{"id":4887,"date":"2024-01-16T16:54:18","date_gmt":"2024-01-16T16:54:18","guid":{"rendered":"http:\/\/www.torrijos1831.com\/?p=4887"},"modified":"2024-01-21T10:22:07","modified_gmt":"2024-01-21T10:22:07","slug":"la-muy-reconocida-asociacion-telefono-de-la-esperanza-de-malaga-visita-el-centro-de-interpretacion-historico-jose-maria-torrijos","status":"publish","type":"post","link":"https:\/\/www.torrijos1831.com\/?p=4887","title":{"rendered":"La muy reconocida Asociaci\u00f3n Tel\u00e9fono de la Esperanza, de M\u00e1laga, visita el Centro de Interpretaci\u00f3n Hist\u00f3rico Jos\u00e9 Mar\u00eda Torrijos."},"content":{"rendered":"<p style=\"text-align: justify;\"><strong><span style=\"color: #000000;\">Asociaci\u00f3n Torrijos 1831\u00a0\u00a0\u00a0\u00a0\u00a0\u00a0\u00a0\u00a0\u00a0\u00a0\u00a0\u00a0\u00a0\u00a0 16\/01\/2024.<\/span><\/strong><\/p>\n<p style=\"text-align: justify;\"><strong><span style=\"color: #000000;\">En la ma\u00f1ana del d\u00eda de hoy, la Asociaci\u00f3n Tel\u00e9fono de la Esperanza, de M\u00e1laga, importante colectivo que desarrolla una gran labor social en nuestra ciudad, ha visitado el Centro de Interpretaci\u00f3n Hist\u00f3rico Jos\u00e9 Mar\u00eda Torrijos. Durante dos horas, sus integrantes han asistido a una amplia exposici\u00f3n realizada por el presidente de la Asociaci\u00f3n Hist\u00f3rico Cultural Torrijos 1831, en la que ha desarrollado tanto el valor de la figura nacional que representa el general Jos\u00e9 Mar\u00eda Torrijos, as\u00ed como la importancia de todo lo que se expone en el Centro de Interpretaci\u00f3n Hist\u00f3rico, edificio que fue el antiguo refectorio carmelitano donde Torrijos y sus compa\u00f1eros de infortunio pasaron su \u00faltima y desgraciada noche antes de morir, entre el 10 y el 11 de diciembre de 1831.<\/span><\/strong><br \/><strong><span style=\"color: #000000;\">Desde esta p\u00e1gina agradecemos la buena coordinaci\u00f3n llevada a cabo por nuestro compa\u00f1ero Juan Manuel Mart\u00edn, que a la vez, tambi\u00e9n es integrante de Tel\u00e9fono de la Esperanza.<\/span><\/strong><\/p>\n<p style=\"text-align: justify;\"><span style=\"color: #800000;\"><strong>Datos de la Asociaci\u00f3n Hist\u00f3rico Cultural Torrijos 1831.<\/strong><\/span><\/p>\n<p style=\"text-align: justify;\"><strong><span style=\"color: #000000;\">Tipo de Asociaci\u00f3n: cultural, dedicada a la investigaci\u00f3n hist\u00f3rica, y recreadora en sus actuaciones en p\u00fablico para exponer los hechos que representa. \u00c1mbito de actuaci\u00f3n: regional, recogida en el Registro de Asociaciones de la Junta de Andaluc\u00eda. Inici\u00f3 su periodo constituyente en el a\u00f1o 2002, siendo legalizada en 2003. Fue un proyecto original desde el principio, pues en Espa\u00f1a no se hab\u00eda creado anteriormente una Asociaci\u00f3n sobre el personaje hist\u00f3rico de Jos\u00e9 Mar\u00eda Torrijos y Uriarte, h\u00e9roe de la Guerra de Independencia y defensor de las libertades y derechos constitucionales frente al poder absoluto del reinado de Fernando VII. Original en las formas, dedicaci\u00f3n y fines, que recogen sus estatutos, cimentando sus antecedentes en los precursores que trabajaron sobre el personaje de Torrijos en la provincia de M\u00e1laga, en las d\u00e9cadas de los a\u00f1os ochenta y noventa del siglo XX y primeros a\u00f1os del XXI.<\/span><\/strong><br \/><strong><span style=\"color: #000000;\">Como colectivo de recreaciones hist\u00f3ricas, es el m\u00e1s antiguo de las dedicadas al siglo XIX, en Andaluc\u00eda. En cuanto a las representaciones relativas a la Guerra de la Independencia en las que participa la Asociaci\u00f3n, la recreaci\u00f3n insignia, creada en 2007, es el \u201cRegimiento de Infanter\u00eda de M\u00e1laga\u201d, unidad titular de M\u00e1laga, que salvo un periodo de disoluci\u00f3n, tuvo vida castrense desde 1701 a 1893, siendo su historial heredado por el Regimiento Melilla en sus diferentes numeraciones, y que fue disuelto en M\u00e1laga, en 1985. Para entrar en su historial y actividades: regimientodeinfanteriademalaga.blogspot.com<\/span><\/strong><br \/><strong><span style=\"color: #000000;\">Correo de Contacto: asociaci\u00f3ntorrijos1831@gmail.com Tambi\u00e9n, a trav\u00e9s de este correo se pueden solicitar visitas concertadas al Centro de Interpretaci\u00f3n Hist\u00f3rico Jos\u00e9 Mar\u00eda Torrijos (Refectorio), en el barrio de El Perchel de M\u00e1laga. Tel\u00e9fono de contacto: 952234039. P\u00e1gina web: www.torrijos1831.com<\/span><\/strong><\/p>\n\n\n<figure class=\"wp-block-image size-large\"><img loading=\"lazy\" width=\"1024\" height=\"589\" src=\"https:\/\/www.torrijos1831.com\/wp-content\/uploads\/2024\/01\/2-8-1024x589.jpg\" alt=\"\" class=\"wp-image-4888\" srcset=\"https:\/\/www.torrijos1831.com\/wp-content\/uploads\/2024\/01\/2-8-1024x589.jpg 1024w, https:\/\/www.torrijos1831.com\/wp-content\/uploads\/2024\/01\/2-8-300x173.jpg 300w, https:\/\/www.torrijos1831.com\/wp-content\/uploads\/2024\/01\/2-8-768x442.jpg 768w, https:\/\/www.torrijos1831.com\/wp-content\/uploads\/2024\/01\/2-8.jpg 1059w\" sizes=\"(max-width: 1024px) 100vw, 1024px\" \/><\/figure>\n\n\n\n<figure class=\"wp-block-image size-large\"><img loading=\"lazy\" width=\"1024\" height=\"647\" src=\"https:\/\/www.torrijos1831.com\/wp-content\/uploads\/2024\/01\/2-9-1024x647.jpg\" alt=\"\" class=\"wp-image-4889\" srcset=\"https:\/\/www.torrijos1831.com\/wp-content\/uploads\/2024\/01\/2-9-1024x647.jpg 1024w, https:\/\/www.torrijos1831.com\/wp-content\/uploads\/2024\/01\/2-9-300x190.jpg 300w, https:\/\/www.torrijos1831.com\/wp-content\/uploads\/2024\/01\/2-9-768x486.jpg 768w, https:\/\/www.torrijos1831.com\/wp-content\/uploads\/2024\/01\/2-9.jpg 1123w\" sizes=\"(max-width: 1024px) 100vw, 1024px\" \/><\/figure>\n\n\n\n<figure class=\"wp-block-image size-large\"><img loading=\"lazy\" width=\"817\" height=\"599\" src=\"https:\/\/www.torrijos1831.com\/wp-content\/uploads\/2024\/01\/2-10.jpg\" alt=\"\" class=\"wp-image-4890\" srcset=\"https:\/\/www.torrijos1831.com\/wp-content\/uploads\/2024\/01\/2-10.jpg 817w, https:\/\/www.torrijos1831.com\/wp-content\/uploads\/2024\/01\/2-10-300x220.jpg 300w, https:\/\/www.torrijos1831.com\/wp-content\/uploads\/2024\/01\/2-10-768x563.jpg 768w\" sizes=\"(max-width: 817px) 100vw, 817px\" \/><\/figure>\n\n\n\n<figure class=\"wp-block-image size-large\"><img loading=\"lazy\" width=\"897\" height=\"647\" src=\"https:\/\/www.torrijos1831.com\/wp-content\/uploads\/2024\/01\/2-11.jpg\" alt=\"\" class=\"wp-image-4891\" srcset=\"https:\/\/www.torrijos1831.com\/wp-content\/uploads\/2024\/01\/2-11.jpg 897w, https:\/\/www.torrijos1831.com\/wp-content\/uploads\/2024\/01\/2-11-300x216.jpg 300w, https:\/\/www.torrijos1831.com\/wp-content\/uploads\/2024\/01\/2-11-768x554.jpg 768w, https:\/\/www.torrijos1831.com\/wp-content\/uploads\/2024\/01\/2-11-510x369.jpg 510w\" sizes=\"(max-width: 897px) 100vw, 897px\" \/><\/figure>\n\n\n\n<figure class=\"wp-block-image size-large\"><img loading=\"lazy\" width=\"874\" height=\"713\" src=\"https:\/\/www.torrijos1831.com\/wp-content\/uploads\/2024\/01\/2-12.jpg\" alt=\"\" class=\"wp-image-4892\" srcset=\"https:\/\/www.torrijos1831.com\/wp-content\/uploads\/2024\/01\/2-12.jpg 874w, https:\/\/www.torrijos1831.com\/wp-content\/uploads\/2024\/01\/2-12-300x245.jpg 300w, https:\/\/www.torrijos1831.com\/wp-content\/uploads\/2024\/01\/2-12-768x627.jpg 768w\" sizes=\"(max-width: 874px) 100vw, 874px\" \/><\/figure>\n","protected":false},"excerpt":{"rendered":"<p>Asociaci\u00f3n Torrijos 1831\u00a0\u00a0\u00a0\u00a0\u00a0\u00a0\u00a0\u00a0\u00a0\u00a0\u00a0\u00a0\u00a0\u00a0 16\/01\/2024. En la ma\u00f1ana del d\u00eda de hoy, la Asociaci\u00f3n Tel\u00e9fono de la Esperanza, de M\u00e1laga, importante colectivo que desarrolla una gran labor social en nuestra ciudad, ha visitado el Centro de Interpretaci\u00f3n Hist\u00f3rico Jos\u00e9 Mar\u00eda Torrijos. Durante dos horas, sus integrantes han asistido a una amplia exposici\u00f3n realizada por el presidente&#8230;<\/p>\n","protected":false},"author":1,"featured_media":4893,"comment_status":"closed","ping_status":"closed","sticky":false,"template":"","format":"standard","meta":[],"categories":[28,209],"tags":[],"_links":{"self":[{"href":"https:\/\/www.torrijos1831.com\/index.php?rest_route=\/wp\/v2\/posts\/4887"}],"collection":[{"href":"https:\/\/www.torrijos1831.com\/index.php?rest_route=\/wp\/v2\/posts"}],"about":[{"href":"https:\/\/www.torrijos1831.com\/index.php?rest_route=\/wp\/v2\/types\/post"}],"author":[{"embeddable":true,"href":"https:\/\/www.torrijos1831.com\/index.php?rest_route=\/wp\/v2\/users\/1"}],"replies":[{"embeddable":true,"href":"https:\/\/www.torrijos1831.com\/index.php?rest_route=%2Fwp%2Fv2%2Fcomments&post=4887"}],"version-history":[{"count":5,"href":"https:\/\/www.torrijos1831.com\/index.php?rest_route=\/wp\/v2\/posts\/4887\/revisions"}],"predecessor-version":[{"id":4928,"href":"https:\/\/www.torrijos1831.com\/index.php?rest_route=\/wp\/v2\/posts\/4887\/revisions\/4928"}],"wp:featuredmedia":[{"embeddable":true,"href":"https:\/\/www.torrijos1831.com\/index.php?rest_route=\/wp\/v2\/media\/4893"}],"wp:attachment":[{"href":"https:\/\/www.torrijos1831.com\/index.php?rest_route=%2Fwp%2Fv2%2Fmedia&parent=4887"}],"wp:term":[{"taxonomy":"category","embeddable":true,"href":"https:\/\/www.torrijos1831.com\/index.php?rest_route=%2Fwp%2Fv2%2Fcategories&post=4887"},{"taxonomy":"post_tag","embeddable":true,"href":"https:\/\/www.torrijos1831.com\/index.php?rest_route=%2Fwp%2Fv2%2Ftags&post=4887"}],"curies":[{"name":"wp","href":"https:\/\/api.w.org\/{rel}","templated":true}]}}