{"id":4899,"date":"2024-01-18T10:32:05","date_gmt":"2024-01-18T10:32:05","guid":{"rendered":"http:\/\/www.torrijos1831.com\/?p=4899"},"modified":"2024-01-18T10:32:07","modified_gmt":"2024-01-18T10:32:07","slug":"el-periodico-la-opinion-de-malaga-valora-en-un-amplio-articulo-la-importancia-del-centro-de-interpretacion-historico-jose-maria-torrijos-situado-en-el-perchel","status":"publish","type":"post","link":"https:\/\/www.torrijos1831.com\/?p=4899","title":{"rendered":"El peri\u00f3dico La Opini\u00f3n de M\u00e1laga valora en un amplio art\u00edculo la importancia del Centro de Interpretaci\u00f3n Hist\u00f3rico Jos\u00e9 Mar\u00eda Torrijos, situado en El Perchel."},"content":{"rendered":"<p style=\"text-align: justify;\"><strong><span style=\"color: #000000;\">Asociaci\u00f3n Torrijos 1831 18\/01\/2024<\/span><\/strong><\/p>\n<p style=\"text-align: justify;\"><strong><span style=\"color: #000000;\">En M\u00e1laga es conocido como uno de los mejores profesionales dedicados al periodismo, por esos valores tan necesario que aporta, tanto en el ejercicio de cada entrevista, como en la redacci\u00f3n de centenares de art\u00edculos en prensa que ha realizado a lo largo de su vida profesional. No descubrimos en estos renglones a Alfonso V\u00e1zquez, porque su buena trayectoria ya est\u00e1 escrita. \u00c9l siempre ha estado ah\u00ed para ayudar a la Asociaci\u00f3n Hist\u00f3rico Cultural Torrijos 1831 cuando era un sue\u00f1o para nuestro colectivo la restauraci\u00f3n del refectorio carmelitano del antiguo convento de San Andr\u00e9s. Con m\u00e1s de una docena de art\u00edculos plasm\u00f3 durante a\u00f1os, acertadamente, la necesaria restauraci\u00f3n de este edificio por ser el lugar donde Torrijos y sus compa\u00f1eros de infortunio pasaron su \u00faltima noche antes de morir. El pasado domingo, 14 de enero, otro excelente y largo art\u00edculo suyo, editado por el peri\u00f3dico La Opini\u00f3n de M\u00e1laga (que adjuntamos), recoge con amplitud todo el patrimonio que se expone en el Centro de Interpretaci\u00f3n Hist\u00f3rico Jos\u00e9 Mar\u00eda Torrijos, as\u00ed como los bienes que contiene la sede la Asociaci\u00f3n Torrijos 1831, en su sede anexa al Centro de Interpretaci\u00f3n, como son el Archivo Torrijos (con una documentaci\u00f3n atesorada durante 22 a\u00f1os), o la Biblioteca Liberal, con libros muy necesarios para comprenden la vida de Torrijos y la \u00e9poca que le toc\u00f3 vivir. Todo nuestro agradecimiento a Alfonso V\u00e1zquez por este \u00faltimo trabajo period\u00edstico y, tambi\u00e9n, a La Opini\u00f3n de M\u00e1laga por publicarlo de esa manera tan amplia y adecuada.<\/span><\/strong><\/p>\n<p style=\"text-align: justify;\"><strong><span style=\"color: #000000;\">Datos de la Asociaci\u00f3n Hist\u00f3rico Cultural Torrijos 1831.<\/span><\/strong><\/p>\n<p style=\"text-align: justify;\"><strong><span style=\"color: #000000;\">Tipo de Asociaci\u00f3n: cultural, dedicada a la investigaci\u00f3n hist\u00f3rica, y recreadora en sus actuaciones en p\u00fablico para exponer los hechos que representa. \u00c1mbito de actuaci\u00f3n: regional, recogida en el Registro de Asociaciones de la Junta de Andaluc\u00eda. Inici\u00f3 su periodo constituyente en el a\u00f1o 2002, siendo legalizada en 2003. Fue un proyecto original desde el principio, pues en Espa\u00f1a no se hab\u00eda creado anteriormente una Asociaci\u00f3n sobre el personaje hist\u00f3rico de Jos\u00e9 Mar\u00eda Torrijos y Uriarte, h\u00e9roe de la Guerra de Independencia y defensor de las libertades y derechos constitucionales frente al poder absoluto del reinado de Fernando VII. Original en las formas, dedicaci\u00f3n y fines, que recogen sus estatutos, cimentando sus antecedentes en los precursores que trabajaron sobre el personaje de Torrijos en la provincia de M\u00e1laga, en las d\u00e9cadas de los a\u00f1os ochenta y noventa del siglo XX y primeros a\u00f1os del XXI.<\/span><\/strong><br \/><strong><span style=\"color: #000000;\">Como colectivo de recreaciones hist\u00f3ricas, es el m\u00e1s antiguo de las dedicadas al siglo XIX, en Andaluc\u00eda. En cuanto a las representaciones relativas a la Guerra de la Independencia en las que participa la Asociaci\u00f3n, la recreaci\u00f3n insignia, creada en 2007, es el \u201cRegimiento de Infanter\u00eda de M\u00e1laga\u201d, unidad titular de M\u00e1laga, que salvo un periodo de disoluci\u00f3n, tuvo vida castrense desde 1701 a 1893, siendo su historial heredado por el Regimiento Melilla en sus diferentes numeraciones, y que fue disuelto en M\u00e1laga, en 1985. Para entrar en su historial y actividades: regimientodeinfanteriademalaga.blogspot.com<\/span><\/strong><br \/><strong><span style=\"color: #000000;\">Correo de Contacto: asociaci\u00f3ntorrijos1831@gmail.com Tambi\u00e9n, a trav\u00e9s de este correo se pueden solicitar visitas concertadas al Centro de Interpretaci\u00f3n Hist\u00f3rico Jos\u00e9 Mar\u00eda Torrijos (Refectorio), en el barrio de El Perchel de M\u00e1laga. Tel\u00e9fono de contacto: 952234039. P\u00e1gina web: www.torrijos1831.com<\/span><\/strong><\/p>\n\n\n<figure class=\"wp-block-image size-large\"><img loading=\"lazy\" width=\"780\" height=\"1024\" src=\"https:\/\/www.torrijos1831.com\/wp-content\/uploads\/2024\/01\/5-1-780x1024.jpg\" alt=\"\" class=\"wp-image-4900\" srcset=\"https:\/\/www.torrijos1831.com\/wp-content\/uploads\/2024\/01\/5-1-780x1024.jpg 780w, https:\/\/www.torrijos1831.com\/wp-content\/uploads\/2024\/01\/5-1-228x300.jpg 228w, https:\/\/www.torrijos1831.com\/wp-content\/uploads\/2024\/01\/5-1-768x1008.jpg 768w, https:\/\/www.torrijos1831.com\/wp-content\/uploads\/2024\/01\/5-1-1170x1536.jpg 1170w, https:\/\/www.torrijos1831.com\/wp-content\/uploads\/2024\/01\/5-1.jpg 1514w\" sizes=\"(max-width: 780px) 100vw, 780px\" \/><\/figure>\n\n\n\n<figure class=\"wp-block-image size-large\"><img loading=\"lazy\" width=\"758\" height=\"1024\" src=\"https:\/\/www.torrijos1831.com\/wp-content\/uploads\/2024\/01\/5-2-758x1024.jpg\" alt=\"\" class=\"wp-image-4901\" srcset=\"https:\/\/www.torrijos1831.com\/wp-content\/uploads\/2024\/01\/5-2-758x1024.jpg 758w, https:\/\/www.torrijos1831.com\/wp-content\/uploads\/2024\/01\/5-2-222x300.jpg 222w, https:\/\/www.torrijos1831.com\/wp-content\/uploads\/2024\/01\/5-2-768x1038.jpg 768w, https:\/\/www.torrijos1831.com\/wp-content\/uploads\/2024\/01\/5-2-1136x1536.jpg 1136w, https:\/\/www.torrijos1831.com\/wp-content\/uploads\/2024\/01\/5-2.jpg 1499w\" sizes=\"(max-width: 758px) 100vw, 758px\" \/><\/figure>\n","protected":false},"excerpt":{"rendered":"<p>Asociaci\u00f3n Torrijos 1831 18\/01\/2024 En M\u00e1laga es conocido como uno de los mejores profesionales dedicados al periodismo, por esos valores tan necesario que aporta, tanto en el ejercicio de cada entrevista, como en la redacci\u00f3n de centenares de art\u00edculos en prensa que ha realizado a lo largo de su vida profesional. No descubrimos en estos&#8230;<\/p>\n","protected":false},"author":1,"featured_media":4902,"comment_status":"closed","ping_status":"closed","sticky":false,"template":"","format":"standard","meta":[],"categories":[28,209],"tags":[],"_links":{"self":[{"href":"https:\/\/www.torrijos1831.com\/index.php?rest_route=\/wp\/v2\/posts\/4899"}],"collection":[{"href":"https:\/\/www.torrijos1831.com\/index.php?rest_route=\/wp\/v2\/posts"}],"about":[{"href":"https:\/\/www.torrijos1831.com\/index.php?rest_route=\/wp\/v2\/types\/post"}],"author":[{"embeddable":true,"href":"https:\/\/www.torrijos1831.com\/index.php?rest_route=\/wp\/v2\/users\/1"}],"replies":[{"embeddable":true,"href":"https:\/\/www.torrijos1831.com\/index.php?rest_route=%2Fwp%2Fv2%2Fcomments&post=4899"}],"version-history":[{"count":1,"href":"https:\/\/www.torrijos1831.com\/index.php?rest_route=\/wp\/v2\/posts\/4899\/revisions"}],"predecessor-version":[{"id":4903,"href":"https:\/\/www.torrijos1831.com\/index.php?rest_route=\/wp\/v2\/posts\/4899\/revisions\/4903"}],"wp:featuredmedia":[{"embeddable":true,"href":"https:\/\/www.torrijos1831.com\/index.php?rest_route=\/wp\/v2\/media\/4902"}],"wp:attachment":[{"href":"https:\/\/www.torrijos1831.com\/index.php?rest_route=%2Fwp%2Fv2%2Fmedia&parent=4899"}],"wp:term":[{"taxonomy":"category","embeddable":true,"href":"https:\/\/www.torrijos1831.com\/index.php?rest_route=%2Fwp%2Fv2%2Fcategories&post=4899"},{"taxonomy":"post_tag","embeddable":true,"href":"https:\/\/www.torrijos1831.com\/index.php?rest_route=%2Fwp%2Fv2%2Ftags&post=4899"}],"curies":[{"name":"wp","href":"https:\/\/api.w.org\/{rel}","templated":true}]}}