{"id":528,"date":"2019-02-18T20:27:30","date_gmt":"2019-02-18T20:27:30","guid":{"rendered":"http:\/\/torrijos1831.com\/?p=528"},"modified":"2020-07-11T16:33:48","modified_gmt":"2020-07-11T16:33:48","slug":"la-asociacion-granaderos-y-damas-de-galvez-de-macharaviaya-presenta-en-el-refectorio-un-cuadro-personalizado-de-bernardo-de-galvez","status":"publish","type":"post","link":"https:\/\/www.torrijos1831.com\/?p=528","title":{"rendered":"La Asociaci\u00f3n Granaderos y Damas de G\u00e1lvez, de Macharaviaya presenta en el Refectorio, un cuadro personalizado de Bernardo de G\u00e1lvez."},"content":{"rendered":"<h3><strong>Asociaci\u00f3n Torrijos 1831.- El pasado s\u00e1bado 16 de febrero, s\u00e1bado, la Asociaci\u00f3n Granaderos y Damas de G\u00e1lvez de Maracharaviaya present\u00f3 en el Refectorio (Centro de Interpretaci\u00f3n Hist\u00f3rico Jos\u00e9 Mar\u00eda Torrijos), un cuadro personalizado de Bernardo de G\u00e1lvez, obra del pintor malague\u00f1o Francisco Rodr\u00edguez, que ser\u00e1 donado para su subasta en los Estados Unidos, al Cap\u00edtulo Bernardo de G\u00e1lvez, perteneciente a Los Hijos de la Revoluci\u00f3n Americana de la ciudad estadounidense de Galveston (Texas). La recaudaci\u00f3n obtenida ir\u00e1 destinada a la construcci\u00f3n de una estatua homenaje del insigne macharatungo que se pretende instalar en la ciudad estadounidense que lleva su nombre. Estuvieron presentes en el acto, el diputado de Cultura de la Diputaci\u00f3n Provincial de M\u00e1laga, V\u00edctor Gonz\u00e1lez; el alcalde de Macharaviaya, Antonio Campos; el presidente de la Asociaci\u00f3n Torrijos, Esteban Alc\u00e1ntara y diversos miembros de esta asociaci\u00f3n; el presidente de la Asociaci\u00f3n de Granaderos de Macharaviaya, Jos\u00e9 G\u00e1lvez, y un buen n\u00famero de integrantes de este colectivo, la mayor\u00eda vestidos del \u00faltimo tercio del siglo XVIII; la c\u00f3nsul General de EE.UU. en M\u00e1laga, Roberta Aaron; y el autor de la obra, Francisco Rodr\u00edguez. M\u00e1s datos para los lectores que habitualmente nos siguen, a continuaci\u00f3n.<\/strong><\/h3>\n<p>&nbsp;<\/p>\n<h3><strong>Secuencias y discursos durante el acto.<\/strong><\/h3>\n<p>&nbsp;<\/p>\n<h3><strong>En la iniciaci\u00f3n del acto, el presidente de la Asociaci\u00f3n Torrijos 1831, manifest\u00f3 que \u00abEs un placer colaborar en este acto, apoyando a la asociaci\u00f3n hermana, Granaderos y Damas de Glavez de Macharaviaya\u00bb. Por su parte, el diputado de Cultura de la Diputaci\u00f3n, cit\u00f3: \u00abHemos recorrido Estados Unidos defendiendo la figura de Bernardo de G\u00e1lvez, y es un orgullo que siempre sea recordada como la gran figura que fue. Esta pintura va a ser muy valorada, porque Espa\u00f1a y Estados Unidos lo merecen\u00bb, apunt\u00f3 V\u00edctor Gonz\u00e1lez. \u00abEsperamos que todo sea un \u00e9xito que pronto se est\u00e9 inaugurando esa nueva estatua en Galveston, que significar\u00e1 que la familia de G\u00e1lvez sigue m\u00e1s viva que nunca\u00bb, apostill\u00f3 el alcalde de Macharaviaya, Antonio Campos. La obra, un \u00f3leo sobre lienzo de lino con unas dimensiones de 81 por 65 cm, se trata de la segunda obra sobre Bernardo de G\u00e1lvez que pinta Francisco Rodr\u00edguez para EE.UU: \u00abEs una satisfacci\u00f3n que se fijen en m\u00ed para la creaci\u00f3n de algo \u00fanico. Despu\u00e9s de una primera pintura en 2016 para la ciudad estadounidense de Pensacola, se vuelve a pasar fronteras, ahora con un nuevo cuadro para la ciudad de Galveston, en Texas. De esta manera, conoces un poco m\u00e1s una historia de M\u00e1laga que ignoraba, y que me sirve para aportar mi granito de arena\u00bb, se\u00f1al\u00f3 Rodr\u00edguez, que ha personalizado la obra con el escudo oficial de la ciudad de Galveston. Otro de los protagonistas del acto fue Trevor Odon, miembro de la Asociaci\u00f3n de Granaderos de G\u00e1lvez en la ciudad de Pensacola (Florida, EE.UU.) que se encuentra en M\u00e1laga realizando sus estudios. \u00abLa relaci\u00f3n entre Macharaviaya, los Estados Unidos y, en particular, Pensacola, mi ciudad, es muy importante; Espa\u00f1a aport\u00f3 mucho para ayudarnos en la Guerra de la Independencia y muchas m\u00e1s personas necesitan saber la importancia de la relaci\u00f3n entre nuestras ciudades\u00bb, se\u00f1al\u00f3 este estudiante de espa\u00f1ol y alem\u00e1n de 20 a\u00f1os. Miembros de la Asociaci\u00f3n de Granaderos y Damas de G\u00e1lvez Macharaviaya lucieron los uniformes del Regimiento Fijo de Lousina y los trajes de \u00e9poca correspondientes al siglo XVIII.<\/strong><\/h3>\n<h3><strong>&nbsp;<\/strong><\/h3>\n<h3><strong>Datos de la Asociaci\u00f3n Hist\u00f3rico Cultural Torrijos 1831.<\/strong><\/h3>\n<p>&nbsp;<\/p>\n<h3><strong>Tipo de Asociaci\u00f3n: cultural, dedicada a la investigaci\u00f3n hist\u00f3rica, y recreadora en sus actuaciones en p\u00fablico para exponer los hechos que representa. \u00c1mbito de actuaci\u00f3n: Nacional (inscrita en el Registro Nacional de Asociaciones y Junta de Andaluc\u00eda). Inici\u00f3 su periodo constituyente en el a\u00f1o 2002, siendo legalizada en 2003. Fue un proyecto original desde el principio, pues en Espa\u00f1a no se hab\u00eda creado anteriormente una Asociaci\u00f3n sobre el personaje hist\u00f3rico de Jos\u00e9 Mar\u00eda Torrijos y Uriarte, h\u00e9roe de la Guerra de Independencia y defensor de las libertades y derechos constitucionales frente al poder absoluto del reinado de Fernando VII. Original en las formas, dedicaci\u00f3n y fines, que recogen sus estatutos, cimentando sus antecedentes en los precursores que trabajaron sobre el personaje de Torrijos en la provincia de M\u00e1laga, en las d\u00e9cadas de los a\u00f1os ochenta y noventa del siglo XX y primeros a\u00f1os del XXI.<\/strong><br \/>\n<strong> Como colectivo de recreaciones hist\u00f3ricas, es el m\u00e1s antiguo de las dedicados al siglo XIX, en Andaluc\u00eda.<\/strong><br \/>\n<strong> En cuanto a las representaciones relativas a la Guerra de la Independencia en las que participa la Asociaci\u00f3n, la recreaci\u00f3n insignia, creada en 2007, es el \u201cRegimiento de Infanter\u00eda de M\u00e1laga\u201d, unidad titular de M\u00e1laga, que salvo un periodo de disoluci\u00f3n, tuvo vida castrense desde 1701 a 1893, siendo su historial heredado por el Regimiento Melilla en sus diferentes numeraciones, y que fue disuelto en M\u00e1laga, en 1985. Para entrar en su historial y actividades: regimientodeinfanteriademalaga.blogspot.com<\/strong><br \/>\n<strong> Correo de Contacto: contacto@torrijos1831.es. Tambi\u00e9n, a trav\u00e9s de este correo se pueden solicitar visitas concertadas al Centro de Interpretaci\u00f3n Hist\u00f3rico Jos\u00e9 Mar\u00eda Torrijos (Refectorio), en el barrio de El Perchel de M\u00e1laga. Tel\u00e9fono de contacto: 952234039. P\u00e1gina web: www.torrijos1831.es .<\/strong><br \/>\n<strong> Fotograf\u00edas de Antonio Gait\u00e1n.<\/strong><\/h3>\n<div\n\tclass=\"ngg-galleryoverview default-view \"\n\tid=\"ngg-gallery-fedc6cdd5e1e2fccd73083d16bbaad46-1\">\n\n\t\t<!-- Thumbnails -->\n\t\t\t\t<div id=\"ngg-image-0\" class=\"ngg-gallery-thumbnail-box \" >\n\t\t\t\t        <div class=\"ngg-gallery-thumbnail\">\n            <a href=\"https:\/\/www.torrijos1831.com\/wp-content\/gallery\/la-asociacion-granaderos-y-damas-de-galvez-de-macharaviaya-presenta-en-el-refectorio-un-cuadro-personalizado-de-bernardo-de-galvez\/img_0252.jpg\"\n               title=\"\"\n               data-src=\"https:\/\/www.torrijos1831.com\/wp-content\/gallery\/la-asociacion-granaderos-y-damas-de-galvez-de-macharaviaya-presenta-en-el-refectorio-un-cuadro-personalizado-de-bernardo-de-galvez\/img_0252.jpg\"\n               data-thumbnail=\"https:\/\/www.torrijos1831.com\/wp-content\/gallery\/la-asociacion-granaderos-y-damas-de-galvez-de-macharaviaya-presenta-en-el-refectorio-un-cuadro-personalizado-de-bernardo-de-galvez\/thumbs\/thumbs_img_0252.jpg\"\n               data-image-id=\"95\"\n               data-title=\"img_0252\"\n               data-description=\"\"\n               data-image-slug=\"img_0252-1\"\n               class=\"ngg-simplelightbox\" rel=\"fedc6cdd5e1e2fccd73083d16bbaad46\">\n                <img\n                    title=\"img_0252\"\n                    alt=\"img_0252\"\n                    src=\"https:\/\/www.torrijos1831.com\/wp-content\/gallery\/la-asociacion-granaderos-y-damas-de-galvez-de-macharaviaya-presenta-en-el-refectorio-un-cuadro-personalizado-de-bernardo-de-galvez\/thumbs\/thumbs_img_0252.jpg\"\n                    width=\"240\"\n                    height=\"160\"\n                    style=\"max-width:100%;\"\n                \/>\n            <\/a>\n        <\/div>\n\t\t\t\t\t\t\t<\/div> \n\t\t\t\n\t\t\t\t<div id=\"ngg-image-1\" class=\"ngg-gallery-thumbnail-box \" >\n\t\t\t\t        <div class=\"ngg-gallery-thumbnail\">\n            <a href=\"https:\/\/www.torrijos1831.com\/wp-content\/gallery\/la-asociacion-granaderos-y-damas-de-galvez-de-macharaviaya-presenta-en-el-refectorio-un-cuadro-personalizado-de-bernardo-de-galvez\/img_0256.jpg\"\n               title=\"\"\n               data-src=\"https:\/\/www.torrijos1831.com\/wp-content\/gallery\/la-asociacion-granaderos-y-damas-de-galvez-de-macharaviaya-presenta-en-el-refectorio-un-cuadro-personalizado-de-bernardo-de-galvez\/img_0256.jpg\"\n               data-thumbnail=\"https:\/\/www.torrijos1831.com\/wp-content\/gallery\/la-asociacion-granaderos-y-damas-de-galvez-de-macharaviaya-presenta-en-el-refectorio-un-cuadro-personalizado-de-bernardo-de-galvez\/thumbs\/thumbs_img_0256.jpg\"\n               data-image-id=\"96\"\n               data-title=\"img_0256\"\n               data-description=\"\"\n               data-image-slug=\"img_0256\"\n               class=\"ngg-simplelightbox\" rel=\"fedc6cdd5e1e2fccd73083d16bbaad46\">\n                <img\n                    title=\"img_0256\"\n                    alt=\"img_0256\"\n                    src=\"https:\/\/www.torrijos1831.com\/wp-content\/gallery\/la-asociacion-granaderos-y-damas-de-galvez-de-macharaviaya-presenta-en-el-refectorio-un-cuadro-personalizado-de-bernardo-de-galvez\/thumbs\/thumbs_img_0256.jpg\"\n                    width=\"240\"\n                    height=\"160\"\n                    style=\"max-width:100%;\"\n                \/>\n            <\/a>\n        <\/div>\n\t\t\t\t\t\t\t<\/div> \n\t\t\t\n\t\t\t\t<div id=\"ngg-image-2\" class=\"ngg-gallery-thumbnail-box \" >\n\t\t\t\t        <div class=\"ngg-gallery-thumbnail\">\n            <a href=\"https:\/\/www.torrijos1831.com\/wp-content\/gallery\/la-asociacion-granaderos-y-damas-de-galvez-de-macharaviaya-presenta-en-el-refectorio-un-cuadro-personalizado-de-bernardo-de-galvez\/img_0257.jpg\"\n               title=\"\"\n               data-src=\"https:\/\/www.torrijos1831.com\/wp-content\/gallery\/la-asociacion-granaderos-y-damas-de-galvez-de-macharaviaya-presenta-en-el-refectorio-un-cuadro-personalizado-de-bernardo-de-galvez\/img_0257.jpg\"\n               data-thumbnail=\"https:\/\/www.torrijos1831.com\/wp-content\/gallery\/la-asociacion-granaderos-y-damas-de-galvez-de-macharaviaya-presenta-en-el-refectorio-un-cuadro-personalizado-de-bernardo-de-galvez\/thumbs\/thumbs_img_0257.jpg\"\n               data-image-id=\"97\"\n               data-title=\"img_0257\"\n               data-description=\"\"\n               data-image-slug=\"img_0257-1\"\n               class=\"ngg-simplelightbox\" rel=\"fedc6cdd5e1e2fccd73083d16bbaad46\">\n                <img\n                    title=\"img_0257\"\n                    alt=\"img_0257\"\n                    src=\"https:\/\/www.torrijos1831.com\/wp-content\/gallery\/la-asociacion-granaderos-y-damas-de-galvez-de-macharaviaya-presenta-en-el-refectorio-un-cuadro-personalizado-de-bernardo-de-galvez\/thumbs\/thumbs_img_0257.jpg\"\n                    width=\"240\"\n                    height=\"160\"\n                    style=\"max-width:100%;\"\n                \/>\n            <\/a>\n        <\/div>\n\t\t\t\t\t\t\t<\/div> \n\t\t\t\n\t\t\t\t<div id=\"ngg-image-3\" class=\"ngg-gallery-thumbnail-box \" >\n\t\t\t\t        <div class=\"ngg-gallery-thumbnail\">\n            <a href=\"https:\/\/www.torrijos1831.com\/wp-content\/gallery\/la-asociacion-granaderos-y-damas-de-galvez-de-macharaviaya-presenta-en-el-refectorio-un-cuadro-personalizado-de-bernardo-de-galvez\/img_1283.jpg\"\n               title=\"\"\n               data-src=\"https:\/\/www.torrijos1831.com\/wp-content\/gallery\/la-asociacion-granaderos-y-damas-de-galvez-de-macharaviaya-presenta-en-el-refectorio-un-cuadro-personalizado-de-bernardo-de-galvez\/img_1283.jpg\"\n               data-thumbnail=\"https:\/\/www.torrijos1831.com\/wp-content\/gallery\/la-asociacion-granaderos-y-damas-de-galvez-de-macharaviaya-presenta-en-el-refectorio-un-cuadro-personalizado-de-bernardo-de-galvez\/thumbs\/thumbs_img_1283.jpg\"\n               data-image-id=\"98\"\n               data-title=\"img_1283\"\n               data-description=\"\"\n               data-image-slug=\"img_1283-1\"\n               class=\"ngg-simplelightbox\" rel=\"fedc6cdd5e1e2fccd73083d16bbaad46\">\n                <img\n                    title=\"img_1283\"\n                    alt=\"img_1283\"\n                    src=\"https:\/\/www.torrijos1831.com\/wp-content\/gallery\/la-asociacion-granaderos-y-damas-de-galvez-de-macharaviaya-presenta-en-el-refectorio-un-cuadro-personalizado-de-bernardo-de-galvez\/thumbs\/thumbs_img_1283.jpg\"\n                    width=\"240\"\n                    height=\"160\"\n                    style=\"max-width:100%;\"\n                \/>\n            <\/a>\n        <\/div>\n\t\t\t\t\t\t\t<\/div> \n\t\t\t\n\t\t\t\t<div id=\"ngg-image-4\" class=\"ngg-gallery-thumbnail-box \" >\n\t\t\t\t        <div class=\"ngg-gallery-thumbnail\">\n            <a href=\"https:\/\/www.torrijos1831.com\/wp-content\/gallery\/la-asociacion-granaderos-y-damas-de-galvez-de-macharaviaya-presenta-en-el-refectorio-un-cuadro-personalizado-de-bernardo-de-galvez\/p1050927.jpg\"\n               title=\"\"\n               data-src=\"https:\/\/www.torrijos1831.com\/wp-content\/gallery\/la-asociacion-granaderos-y-damas-de-galvez-de-macharaviaya-presenta-en-el-refectorio-un-cuadro-personalizado-de-bernardo-de-galvez\/p1050927.jpg\"\n               data-thumbnail=\"https:\/\/www.torrijos1831.com\/wp-content\/gallery\/la-asociacion-granaderos-y-damas-de-galvez-de-macharaviaya-presenta-en-el-refectorio-un-cuadro-personalizado-de-bernardo-de-galvez\/thumbs\/thumbs_p1050927.jpg\"\n               data-image-id=\"99\"\n               data-title=\"p1050927\"\n               data-description=\"\"\n               data-image-slug=\"p1050927-1\"\n               class=\"ngg-simplelightbox\" rel=\"fedc6cdd5e1e2fccd73083d16bbaad46\">\n                <img\n                    title=\"p1050927\"\n                    alt=\"p1050927\"\n                    src=\"https:\/\/www.torrijos1831.com\/wp-content\/gallery\/la-asociacion-granaderos-y-damas-de-galvez-de-macharaviaya-presenta-en-el-refectorio-un-cuadro-personalizado-de-bernardo-de-galvez\/thumbs\/thumbs_p1050927.jpg\"\n                    width=\"240\"\n                    height=\"160\"\n                    style=\"max-width:100%;\"\n                \/>\n            <\/a>\n        <\/div>\n\t\t\t\t\t\t\t<\/div> \n\t\t\t\n\t\t\t\t<div id=\"ngg-image-5\" class=\"ngg-gallery-thumbnail-box \" >\n\t\t\t\t        <div class=\"ngg-gallery-thumbnail\">\n            <a href=\"https:\/\/www.torrijos1831.com\/wp-content\/gallery\/la-asociacion-granaderos-y-damas-de-galvez-de-macharaviaya-presenta-en-el-refectorio-un-cuadro-personalizado-de-bernardo-de-galvez\/p1050938.jpg\"\n               title=\"\"\n               data-src=\"https:\/\/www.torrijos1831.com\/wp-content\/gallery\/la-asociacion-granaderos-y-damas-de-galvez-de-macharaviaya-presenta-en-el-refectorio-un-cuadro-personalizado-de-bernardo-de-galvez\/p1050938.jpg\"\n               data-thumbnail=\"https:\/\/www.torrijos1831.com\/wp-content\/gallery\/la-asociacion-granaderos-y-damas-de-galvez-de-macharaviaya-presenta-en-el-refectorio-un-cuadro-personalizado-de-bernardo-de-galvez\/thumbs\/thumbs_p1050938.jpg\"\n               data-image-id=\"100\"\n               data-title=\"p1050938\"\n               data-description=\"\"\n               data-image-slug=\"p1050938-1\"\n               class=\"ngg-simplelightbox\" rel=\"fedc6cdd5e1e2fccd73083d16bbaad46\">\n                <img\n                    title=\"p1050938\"\n                    alt=\"p1050938\"\n                    src=\"https:\/\/www.torrijos1831.com\/wp-content\/gallery\/la-asociacion-granaderos-y-damas-de-galvez-de-macharaviaya-presenta-en-el-refectorio-un-cuadro-personalizado-de-bernardo-de-galvez\/thumbs\/thumbs_p1050938.jpg\"\n                    width=\"240\"\n                    height=\"160\"\n                    style=\"max-width:100%;\"\n                \/>\n            <\/a>\n        <\/div>\n\t\t\t\t\t\t\t<\/div> \n\t\t\t\n\t\t\t\t<div id=\"ngg-image-6\" class=\"ngg-gallery-thumbnail-box \" >\n\t\t\t\t        <div class=\"ngg-gallery-thumbnail\">\n            <a href=\"https:\/\/www.torrijos1831.com\/wp-content\/gallery\/la-asociacion-granaderos-y-damas-de-galvez-de-macharaviaya-presenta-en-el-refectorio-un-cuadro-personalizado-de-bernardo-de-galvez\/p1050949.jpg\"\n               title=\"\"\n               data-src=\"https:\/\/www.torrijos1831.com\/wp-content\/gallery\/la-asociacion-granaderos-y-damas-de-galvez-de-macharaviaya-presenta-en-el-refectorio-un-cuadro-personalizado-de-bernardo-de-galvez\/p1050949.jpg\"\n               data-thumbnail=\"https:\/\/www.torrijos1831.com\/wp-content\/gallery\/la-asociacion-granaderos-y-damas-de-galvez-de-macharaviaya-presenta-en-el-refectorio-un-cuadro-personalizado-de-bernardo-de-galvez\/thumbs\/thumbs_p1050949.jpg\"\n               data-image-id=\"101\"\n               data-title=\"p1050949\"\n               data-description=\"\"\n               data-image-slug=\"p1050949-1\"\n               class=\"ngg-simplelightbox\" rel=\"fedc6cdd5e1e2fccd73083d16bbaad46\">\n                <img\n                    title=\"p1050949\"\n                    alt=\"p1050949\"\n                    src=\"https:\/\/www.torrijos1831.com\/wp-content\/gallery\/la-asociacion-granaderos-y-damas-de-galvez-de-macharaviaya-presenta-en-el-refectorio-un-cuadro-personalizado-de-bernardo-de-galvez\/thumbs\/thumbs_p1050949.jpg\"\n                    width=\"240\"\n                    height=\"160\"\n                    style=\"max-width:100%;\"\n                \/>\n            <\/a>\n        <\/div>\n\t\t\t\t\t\t\t<\/div> \n\t\t\t\n\t\t\t\t<div id=\"ngg-image-7\" class=\"ngg-gallery-thumbnail-box \" >\n\t\t\t\t        <div class=\"ngg-gallery-thumbnail\">\n            <a href=\"https:\/\/www.torrijos1831.com\/wp-content\/gallery\/la-asociacion-granaderos-y-damas-de-galvez-de-macharaviaya-presenta-en-el-refectorio-un-cuadro-personalizado-de-bernardo-de-galvez\/p1050960.jpg\"\n               title=\"\"\n               data-src=\"https:\/\/www.torrijos1831.com\/wp-content\/gallery\/la-asociacion-granaderos-y-damas-de-galvez-de-macharaviaya-presenta-en-el-refectorio-un-cuadro-personalizado-de-bernardo-de-galvez\/p1050960.jpg\"\n               data-thumbnail=\"https:\/\/www.torrijos1831.com\/wp-content\/gallery\/la-asociacion-granaderos-y-damas-de-galvez-de-macharaviaya-presenta-en-el-refectorio-un-cuadro-personalizado-de-bernardo-de-galvez\/thumbs\/thumbs_p1050960.jpg\"\n               data-image-id=\"102\"\n               data-title=\"p1050960\"\n               data-description=\"\"\n               data-image-slug=\"p1050960-1\"\n               class=\"ngg-simplelightbox\" rel=\"fedc6cdd5e1e2fccd73083d16bbaad46\">\n                <img\n                    title=\"p1050960\"\n                    alt=\"p1050960\"\n                    src=\"https:\/\/www.torrijos1831.com\/wp-content\/gallery\/la-asociacion-granaderos-y-damas-de-galvez-de-macharaviaya-presenta-en-el-refectorio-un-cuadro-personalizado-de-bernardo-de-galvez\/thumbs\/thumbs_p1050960.jpg\"\n                    width=\"240\"\n                    height=\"160\"\n                    style=\"max-width:100%;\"\n                \/>\n            <\/a>\n        <\/div>\n\t\t\t\t\t\t\t<\/div> \n\t\t\t\n\t\t\t\t<div id=\"ngg-image-8\" class=\"ngg-gallery-thumbnail-box \" >\n\t\t\t\t        <div class=\"ngg-gallery-thumbnail\">\n            <a href=\"https:\/\/www.torrijos1831.com\/wp-content\/gallery\/la-asociacion-granaderos-y-damas-de-galvez-de-macharaviaya-presenta-en-el-refectorio-un-cuadro-personalizado-de-bernardo-de-galvez\/p1050968.jpg\"\n               title=\"\"\n               data-src=\"https:\/\/www.torrijos1831.com\/wp-content\/gallery\/la-asociacion-granaderos-y-damas-de-galvez-de-macharaviaya-presenta-en-el-refectorio-un-cuadro-personalizado-de-bernardo-de-galvez\/p1050968.jpg\"\n               data-thumbnail=\"https:\/\/www.torrijos1831.com\/wp-content\/gallery\/la-asociacion-granaderos-y-damas-de-galvez-de-macharaviaya-presenta-en-el-refectorio-un-cuadro-personalizado-de-bernardo-de-galvez\/thumbs\/thumbs_p1050968.jpg\"\n               data-image-id=\"103\"\n               data-title=\"p1050968\"\n               data-description=\"\"\n               data-image-slug=\"p1050968-1\"\n               class=\"ngg-simplelightbox\" rel=\"fedc6cdd5e1e2fccd73083d16bbaad46\">\n                <img\n                    title=\"p1050968\"\n                    alt=\"p1050968\"\n                    src=\"https:\/\/www.torrijos1831.com\/wp-content\/gallery\/la-asociacion-granaderos-y-damas-de-galvez-de-macharaviaya-presenta-en-el-refectorio-un-cuadro-personalizado-de-bernardo-de-galvez\/thumbs\/thumbs_p1050968.jpg\"\n                    width=\"240\"\n                    height=\"160\"\n                    style=\"max-width:100%;\"\n                \/>\n            <\/a>\n        <\/div>\n\t\t\t\t\t\t\t<\/div> \n\t\t\t\n\t\t\t\t<div id=\"ngg-image-9\" class=\"ngg-gallery-thumbnail-box \" >\n\t\t\t\t        <div class=\"ngg-gallery-thumbnail\">\n            <a href=\"https:\/\/www.torrijos1831.com\/wp-content\/gallery\/la-asociacion-granaderos-y-damas-de-galvez-de-macharaviaya-presenta-en-el-refectorio-un-cuadro-personalizado-de-bernardo-de-galvez\/p1050998.jpg\"\n               title=\"\"\n               data-src=\"https:\/\/www.torrijos1831.com\/wp-content\/gallery\/la-asociacion-granaderos-y-damas-de-galvez-de-macharaviaya-presenta-en-el-refectorio-un-cuadro-personalizado-de-bernardo-de-galvez\/p1050998.jpg\"\n               data-thumbnail=\"https:\/\/www.torrijos1831.com\/wp-content\/gallery\/la-asociacion-granaderos-y-damas-de-galvez-de-macharaviaya-presenta-en-el-refectorio-un-cuadro-personalizado-de-bernardo-de-galvez\/thumbs\/thumbs_p1050998.jpg\"\n               data-image-id=\"104\"\n               data-title=\"p1050998\"\n               data-description=\"\"\n               data-image-slug=\"p1050998-1\"\n               class=\"ngg-simplelightbox\" rel=\"fedc6cdd5e1e2fccd73083d16bbaad46\">\n                <img\n                    title=\"p1050998\"\n                    alt=\"p1050998\"\n                    src=\"https:\/\/www.torrijos1831.com\/wp-content\/gallery\/la-asociacion-granaderos-y-damas-de-galvez-de-macharaviaya-presenta-en-el-refectorio-un-cuadro-personalizado-de-bernardo-de-galvez\/thumbs\/thumbs_p1050998.jpg\"\n                    width=\"240\"\n                    height=\"160\"\n                    style=\"max-width:100%;\"\n                \/>\n            <\/a>\n        <\/div>\n\t\t\t\t\t\t\t<\/div> \n\t\t\t\n\t\t\t\t<div id=\"ngg-image-10\" class=\"ngg-gallery-thumbnail-box \" >\n\t\t\t\t        <div class=\"ngg-gallery-thumbnail\">\n            <a href=\"https:\/\/www.torrijos1831.com\/wp-content\/gallery\/la-asociacion-granaderos-y-damas-de-galvez-de-macharaviaya-presenta-en-el-refectorio-un-cuadro-personalizado-de-bernardo-de-galvez\/p1060013.jpg\"\n               title=\"\"\n               data-src=\"https:\/\/www.torrijos1831.com\/wp-content\/gallery\/la-asociacion-granaderos-y-damas-de-galvez-de-macharaviaya-presenta-en-el-refectorio-un-cuadro-personalizado-de-bernardo-de-galvez\/p1060013.jpg\"\n               data-thumbnail=\"https:\/\/www.torrijos1831.com\/wp-content\/gallery\/la-asociacion-granaderos-y-damas-de-galvez-de-macharaviaya-presenta-en-el-refectorio-un-cuadro-personalizado-de-bernardo-de-galvez\/thumbs\/thumbs_p1060013.jpg\"\n               data-image-id=\"105\"\n               data-title=\"p1060013\"\n               data-description=\"\"\n               data-image-slug=\"p1060013-1\"\n               class=\"ngg-simplelightbox\" rel=\"fedc6cdd5e1e2fccd73083d16bbaad46\">\n                <img\n                    title=\"p1060013\"\n                    alt=\"p1060013\"\n                    src=\"https:\/\/www.torrijos1831.com\/wp-content\/gallery\/la-asociacion-granaderos-y-damas-de-galvez-de-macharaviaya-presenta-en-el-refectorio-un-cuadro-personalizado-de-bernardo-de-galvez\/thumbs\/thumbs_p1060013.jpg\"\n                    width=\"240\"\n                    height=\"160\"\n                    style=\"max-width:100%;\"\n                \/>\n            <\/a>\n        <\/div>\n\t\t\t\t\t\t\t<\/div> \n\t\t\t\n\t\t\t\t<div id=\"ngg-image-11\" class=\"ngg-gallery-thumbnail-box \" >\n\t\t\t\t        <div class=\"ngg-gallery-thumbnail\">\n            <a href=\"https:\/\/www.torrijos1831.com\/wp-content\/gallery\/la-asociacion-granaderos-y-damas-de-galvez-de-macharaviaya-presenta-en-el-refectorio-un-cuadro-personalizado-de-bernardo-de-galvez\/p1060027.jpg\"\n               title=\"\"\n               data-src=\"https:\/\/www.torrijos1831.com\/wp-content\/gallery\/la-asociacion-granaderos-y-damas-de-galvez-de-macharaviaya-presenta-en-el-refectorio-un-cuadro-personalizado-de-bernardo-de-galvez\/p1060027.jpg\"\n               data-thumbnail=\"https:\/\/www.torrijos1831.com\/wp-content\/gallery\/la-asociacion-granaderos-y-damas-de-galvez-de-macharaviaya-presenta-en-el-refectorio-un-cuadro-personalizado-de-bernardo-de-galvez\/thumbs\/thumbs_p1060027.jpg\"\n               data-image-id=\"106\"\n               data-title=\"p1060027\"\n               data-description=\"\"\n               data-image-slug=\"p1060027-1\"\n               class=\"ngg-simplelightbox\" rel=\"fedc6cdd5e1e2fccd73083d16bbaad46\">\n                <img\n                    title=\"p1060027\"\n                    alt=\"p1060027\"\n                    src=\"https:\/\/www.torrijos1831.com\/wp-content\/gallery\/la-asociacion-granaderos-y-damas-de-galvez-de-macharaviaya-presenta-en-el-refectorio-un-cuadro-personalizado-de-bernardo-de-galvez\/thumbs\/thumbs_p1060027.jpg\"\n                    width=\"240\"\n                    height=\"160\"\n                    style=\"max-width:100%;\"\n                \/>\n            <\/a>\n        <\/div>\n\t\t\t\t\t\t\t<\/div> \n\t\t\t\n\t\n\t<br style=\"clear: both\" \/>\n\n\t\n\t\t<!-- Pagination -->\n\t<div class='ngg-clear'><\/div>\t<\/div>\n\n","protected":false},"excerpt":{"rendered":"<p>Asociaci\u00f3n Torrijos 1831.- El pasado s\u00e1bado 16 de febrero, s\u00e1bado, la Asociaci\u00f3n Granaderos y Damas de G\u00e1lvez de Maracharaviaya present\u00f3 en el Refectorio (Centro de Interpretaci\u00f3n Hist\u00f3rico Jos\u00e9 Mar\u00eda Torrijos), un cuadro personalizado de Bernardo de G\u00e1lvez, obra del pintor malague\u00f1o Francisco Rodr\u00edguez, que ser\u00e1 donado para su subasta en los Estados Unidos, al Cap\u00edtulo&#8230;<\/p>\n","protected":false},"author":1,"featured_media":2722,"comment_status":"closed","ping_status":"closed","sticky":false,"template":"","format":"standard","meta":[],"categories":[28],"tags":[],"_links":{"self":[{"href":"https:\/\/www.torrijos1831.com\/index.php?rest_route=\/wp\/v2\/posts\/528"}],"collection":[{"href":"https:\/\/www.torrijos1831.com\/index.php?rest_route=\/wp\/v2\/posts"}],"about":[{"href":"https:\/\/www.torrijos1831.com\/index.php?rest_route=\/wp\/v2\/types\/post"}],"author":[{"embeddable":true,"href":"https:\/\/www.torrijos1831.com\/index.php?rest_route=\/wp\/v2\/users\/1"}],"replies":[{"embeddable":true,"href":"https:\/\/www.torrijos1831.com\/index.php?rest_route=%2Fwp%2Fv2%2Fcomments&post=528"}],"version-history":[{"count":10,"href":"https:\/\/www.torrijos1831.com\/index.php?rest_route=\/wp\/v2\/posts\/528\/revisions"}],"predecessor-version":[{"id":1267,"href":"https:\/\/www.torrijos1831.com\/index.php?rest_route=\/wp\/v2\/posts\/528\/revisions\/1267"}],"wp:featuredmedia":[{"embeddable":true,"href":"https:\/\/www.torrijos1831.com\/index.php?rest_route=\/wp\/v2\/media\/2722"}],"wp:attachment":[{"href":"https:\/\/www.torrijos1831.com\/index.php?rest_route=%2Fwp%2Fv2%2Fmedia&parent=528"}],"wp:term":[{"taxonomy":"category","embeddable":true,"href":"https:\/\/www.torrijos1831.com\/index.php?rest_route=%2Fwp%2Fv2%2Fcategories&post=528"},{"taxonomy":"post_tag","embeddable":true,"href":"https:\/\/www.torrijos1831.com\/index.php?rest_route=%2Fwp%2Fv2%2Ftags&post=528"}],"curies":[{"name":"wp","href":"https:\/\/api.w.org\/{rel}","templated":true}]}}