{"id":673,"date":"2019-02-11T21:21:16","date_gmt":"2019-02-11T21:21:16","guid":{"rendered":"http:\/\/torrijos1831.com\/?p=673"},"modified":"2020-07-16T18:39:39","modified_gmt":"2020-07-16T18:39:39","slug":"excelente-conferencia-en-el-refectorio-a-cargo-de-perez-frias-doctor-en-historia","status":"publish","type":"post","link":"https:\/\/www.torrijos1831.com\/?p=673","title":{"rendered":"Excelente conferencia en el Refectorio a cargo de P\u00e9rez-Fr\u00edas, doctor en Historia"},"content":{"rendered":"\t<div class='ngg-imagebrowser default-view' id='ngg-imagebrowser-2face6bf1a542e1bdc5e39a9d3ae20a5-673' data-nextgen-gallery-id=\"2face6bf1a542e1bdc5e39a9d3ae20a5\">\n\n    <h3>225__15_<\/h3>\n\n\t\t<div id=\"ngg-image-0\" class=\"pic\" >\n        <a href='https:\/\/www.torrijos1831.com\/wp-content\/gallery\/excelente-conferencia-en-el-refectorio-a-cargo-de-perez-frias-doctor-en-historia\/225__15_.jpg'\n           title=' '\n           data-src=\"https:\/\/www.torrijos1831.com\/wp-content\/gallery\/excelente-conferencia-en-el-refectorio-a-cargo-de-perez-frias-doctor-en-historia\/225__15_.jpg\"\n           data-thumbnail=\"https:\/\/www.torrijos1831.com\/wp-content\/gallery\/excelente-conferencia-en-el-refectorio-a-cargo-de-perez-frias-doctor-en-historia\/thumbs\/thumbs_225__15_.jpg\"\n           data-image-id=\"83\"\n           data-title=\"225__15_\"\n           data-description=\" \"\n           class=\"ngg-simplelightbox\" rel=\"2face6bf1a542e1bdc5e39a9d3ae20a5\">\n            <img title='225__15_'\n                 alt='225__15_'\n                 src='https:\/\/www.torrijos1831.com\/wp-content\/gallery\/excelente-conferencia-en-el-refectorio-a-cargo-de-perez-frias-doctor-en-historia\/225__15_.jpg'\/>\n        <\/a>\n\t  <\/div> \n\n    <div class='ngg-imagebrowser-nav'>\n\n        <div class='back'>\n            <a class='ngg-browser-prev'\n               id='ngg-prev-94'\n               href='https:\/\/www.torrijos1831.com\/index.php\/nggallery\/image\/foto_de_texto?p=673'>\n                <i class=\"fa fa-chevron-left\" aria-hidden=\"true\"><\/i>\n            <\/a>\n        <\/div>\n\n        <div class='next'>\n            <a class='ngg-browser-next'\n               id='ngg-next-84'\n               href='https:\/\/www.torrijos1831.com\/index.php\/nggallery\/image\/225__17_?p=673'>\n                <i class=\"fa fa-chevron-right\" aria-hidden=\"true\"><\/i>\n            <\/a>\n        <\/div>\n\n        <div class='counter'>\n            Image 1 De 12        <\/div>\n\n        <div class='ngg-imagebrowser-desc'>\n            <p>\n                             <\/p>\n        <\/div>\n\n    <\/div>\n\n<\/div>\n<script type='text\/javascript'>\n\tjQuery(function($) {\n\t\tnew NggPaginatedGallery('2face6bf1a542e1bdc5e39a9d3ae20a5', '.ngg-imagebrowser');\n\t});\n<\/script>\n<p>Asociaci\u00f3n Torrijos 1831.- Dentro de los actos inherentes a la Exposici\u00f3n inaugurada el martes 5 de febrero: \u201cTorrijos y la Guerra de la Independencia y Memorial del Regimiento de Infanter\u00eda M\u00e1laga\u201d, estaba prevista una conferencia de calado hist\u00f3rico impartida por Pedro P\u00e9rez-Fr\u00edas, doctor en Historia por la UMA, que ha sido acompa\u00f1ado en el acto por la catedr\u00e1tica de Historia Contempor\u00e1nea, Marion Reder Gadow; ambos profesores han realizado profundos estudios sobre la Guerra de la Independencia, y han sido organizadores de varios congresos en M\u00e1laga, entre 2007 y 2014, durante el Bicentenario. Por tanto, se esperaba esta conferencia con mucho inter\u00e9s para transportar a los oyentes a aquellos dif\u00edciles meses de enero y febrero de 1810, en los que se consum\u00f3 la invasi\u00f3n de la provincia de M\u00e1laga a cargo de las tropas francesas del general Sebastiani de la Porta. Esa expectaci\u00f3n creada, hizo que el Refectorio se llenara en la tarde-noche del pasado 6 de febrero, por simpatizantes, representantes de varios colectivos malague\u00f1os y nuevos visitantes, atra\u00eddos por las novedosas actividades culturales que la Asociaci\u00f3n Torrijos 1831 est\u00e1 promocionando en este edificio hist\u00f3rico del siglo XVI. M\u00e1s datos para los lectores que habitualmente nos siguen, a continuaci\u00f3n.<\/p>\n<p><strong>Amplio apoyo documental.<\/strong><\/p>\n<p><strong>Tras ser presentada por el presidente de la Asociaci\u00f3n Torrijos 1831, Esteban Alc\u00e1ntara, cabe se\u00f1alar que uno de los atractivos y aciertos de la conferencia titulada \u201cLa toma de M\u00e1laga: enero y febrero de 1810\u201d; ha sido por parte del doctor P\u00e9rez-Fr\u00edas, explicar las fuentes hist\u00f3ricas que entrelazan los hechos acaecidos entre 1810 y 1812 en M\u00e1laga y su provincia, documentaci\u00f3n que trajo consigo el historiador a la propia conferencia, detallando la fiabilidad de cada una de ellas y los puntos de vistas con los que fueron redactados tantos datos concernientes a aquellos turbulentos a\u00f1os. Al finalizar la ponencia, varios asistentes realizaron diversas preguntas que fueron respondidas ampliamente y con detalles por parte de P\u00e9rez-Fr\u00edas.<\/strong><br \/>\n<strong> Con conferencias de este nivel, la Asociaci\u00f3n Torrijos 1831, colectivo organizador, desea mantener un estatus en los actos culturales que se van a realizar en el Refectorio.<\/strong><\/p>\n<p><strong>Datos de la Asociaci\u00f3n Hist\u00f3rico Cultural Torrijos 1831.<\/strong><\/p>\n<p>Tipo de Asociaci\u00f3n: cultural, dedicada a la investigaci\u00f3n hist\u00f3rica, y recreadora en sus actuaciones en p\u00fablico para exponer los hechos que representa. \u00c1mbito de actuaci\u00f3n: Nacional (inscrita en el Registro Nacional de Asociaciones y Junta de Andaluc\u00eda). Inici\u00f3 su periodo constituyente en el a\u00f1o 2002, siendo legalizada en 2003. Fue un proyecto original desde el principio, pues en Espa\u00f1a no se hab\u00eda creado anteriormente una Asociaci\u00f3n sobre el personaje hist\u00f3rico de Jos\u00e9 Mar\u00eda Torrijos y Uriarte, h\u00e9roe de la Guerra de Independencia y defensor de las libertades y derechos constitucionales frente al poder absoluto del reinado de Fernando VII. Original en las formas, dedicaci\u00f3n y fines, que recogen sus estatutos, cimentando sus antecedentes en los precursores que trabajaron sobre el personaje de Torrijos en la provincia de M\u00e1laga, en las d\u00e9cadas de los a\u00f1os ochenta y noventa del siglo XX y primeros a\u00f1os del XXI, y en la raz\u00f3n fundamental y objetiva que como texto legal marca la fecha de legalizaci\u00f3n de su fundaci\u00f3n.<br \/>\nComo colectivo de recreaciones hist\u00f3ricas, es el m\u00e1s antiguo de las dedicados al siglo XIX, en Andaluc\u00eda, y el segundo en M\u00e1laga en la especialidad general de recreaciones hist\u00f3ricas, s\u00f3lo superado por \u201cEl Paso\u201d de Riogordo, que relata la Pasi\u00f3n de Jesucristo (1953). Por esa antig\u00fcedad ambos colectivos est\u00e1n hermanados.<br \/>\nEn cuanto a las representaciones relativas a la Guerra de la Independencia en las que participa la Asociaci\u00f3n, la recreaci\u00f3n insignia, creada en 2007, es el \u201cRegimiento de Infanter\u00eda de M\u00e1laga\u201d, unidad titular de M\u00e1laga, que salvo un periodo de disoluci\u00f3n, tuvo vida castrense desde 1701 a 1893, siendo su historial heredado por el Regimiento Melilla en sus diferentes numeraciones, y que fue disuelto en M\u00e1laga, en 1985. Para entrar en su historial y actividades: regimientodeinfanteriademalaga.blogspot.com<br \/>\nCorreo de Contacto: contacto@torrijos1831.es . Tambi\u00e9n, a trav\u00e9s de este correo se pueden solicitar visitas concertadas al Centro de Interpretaci\u00f3n Hist\u00f3rico Jos\u00e9 Mar\u00eda Torrijos (Refectorio), en el barrio de El Perchel de M\u00e1laga. Tel\u00e9fono de contacto: 952234039. P\u00e1gina web: www.torrijos1831.es .<br \/>\nFotograf\u00edas: Pepe Cano y Flori Sastre.<\/p>\n","protected":false},"excerpt":{"rendered":"<p>Asociaci\u00f3n Torrijos 1831.- Dentro de los actos inherentes a la Exposici\u00f3n inaugurada el martes 5 de febrero: \u201cTorrijos y la Guerra de la Independencia y Memorial del Regimiento de Infanter\u00eda M\u00e1laga\u201d, estaba prevista una conferencia de calado hist\u00f3rico impartida por Pedro P\u00e9rez-Fr\u00edas, doctor en Historia por la UMA, que ha sido acompa\u00f1ado en el acto&#8230;<\/p>\n","protected":false},"author":1,"featured_media":2729,"comment_status":"closed","ping_status":"closed","sticky":false,"template":"","format":"standard","meta":[],"categories":[28],"tags":[],"_links":{"self":[{"href":"https:\/\/www.torrijos1831.com\/index.php?rest_route=\/wp\/v2\/posts\/673"}],"collection":[{"href":"https:\/\/www.torrijos1831.com\/index.php?rest_route=\/wp\/v2\/posts"}],"about":[{"href":"https:\/\/www.torrijos1831.com\/index.php?rest_route=\/wp\/v2\/types\/post"}],"author":[{"embeddable":true,"href":"https:\/\/www.torrijos1831.com\/index.php?rest_route=\/wp\/v2\/users\/1"}],"replies":[{"embeddable":true,"href":"https:\/\/www.torrijos1831.com\/index.php?rest_route=%2Fwp%2Fv2%2Fcomments&post=673"}],"version-history":[{"count":2,"href":"https:\/\/www.torrijos1831.com\/index.php?rest_route=\/wp\/v2\/posts\/673\/revisions"}],"predecessor-version":[{"id":689,"href":"https:\/\/www.torrijos1831.com\/index.php?rest_route=\/wp\/v2\/posts\/673\/revisions\/689"}],"wp:featuredmedia":[{"embeddable":true,"href":"https:\/\/www.torrijos1831.com\/index.php?rest_route=\/wp\/v2\/media\/2729"}],"wp:attachment":[{"href":"https:\/\/www.torrijos1831.com\/index.php?rest_route=%2Fwp%2Fv2%2Fmedia&parent=673"}],"wp:term":[{"taxonomy":"category","embeddable":true,"href":"https:\/\/www.torrijos1831.com\/index.php?rest_route=%2Fwp%2Fv2%2Fcategories&post=673"},{"taxonomy":"post_tag","embeddable":true,"href":"https:\/\/www.torrijos1831.com\/index.php?rest_route=%2Fwp%2Fv2%2Ftags&post=673"}],"curies":[{"name":"wp","href":"https:\/\/api.w.org\/{rel}","templated":true}]}}