{"id":860,"date":"2019-03-17T18:34:12","date_gmt":"2019-03-17T18:34:12","guid":{"rendered":"http:\/\/torrijos1831.com\/?p=860"},"modified":"2020-05-24T16:32:48","modified_gmt":"2020-05-24T16:32:48","slug":"cartel-del-acto-del-20-de-marzo-relativo-a-la-celebracion-del-nacimiento-de-jose-maria-torrijos-que-se-realizara-en-el-refectorio","status":"publish","type":"post","link":"https:\/\/www.torrijos1831.com\/?p=860","title":{"rendered":"Cartel del acto del 20 de marzo, relativo a la celebraci\u00f3n del nacimiento de Jos\u00e9 Maria Torrijos, que se realizar\u00e1 en el refectorio."},"content":{"rendered":"<div\n\tclass=\"ngg-galleryoverview default-view \"\n\tid=\"ngg-gallery-4e667414d539048a5d34965e861705a2-1\">\n\n\t\t<!-- Thumbnails -->\n\t\t\t\t<div id=\"ngg-image-0\" class=\"ngg-gallery-thumbnail-box \" >\n\t\t\t\t        <div class=\"ngg-gallery-thumbnail\">\n            <a href=\"https:\/\/www.torrijos1831.com\/wp-content\/gallery\/cartel-del-acto-del-20-de-marzo-relativo-a-la-celebracion-del-nacimiento-de-jose-maria-torrijos-que-se-realizara-en-el-refectorio\/torrijos4.jpg\"\n               title=\"\"\n               data-src=\"https:\/\/www.torrijos1831.com\/wp-content\/gallery\/cartel-del-acto-del-20-de-marzo-relativo-a-la-celebracion-del-nacimiento-de-jose-maria-torrijos-que-se-realizara-en-el-refectorio\/torrijos4.jpg\"\n               data-thumbnail=\"https:\/\/www.torrijos1831.com\/wp-content\/gallery\/cartel-del-acto-del-20-de-marzo-relativo-a-la-celebracion-del-nacimiento-de-jose-maria-torrijos-que-se-realizara-en-el-refectorio\/thumbs\/thumbs_torrijos4.jpg\"\n               data-image-id=\"203\"\n               data-title=\"torrijos4\"\n               data-description=\"\"\n               data-image-slug=\"torrijos4\"\n               class=\"ngg-simplelightbox\" rel=\"4e667414d539048a5d34965e861705a2\">\n                <img\n                    title=\"torrijos4\"\n                    alt=\"torrijos4\"\n                    src=\"https:\/\/www.torrijos1831.com\/wp-content\/gallery\/cartel-del-acto-del-20-de-marzo-relativo-a-la-celebracion-del-nacimiento-de-jose-maria-torrijos-que-se-realizara-en-el-refectorio\/thumbs\/thumbs_torrijos4.jpg\"\n                    width=\"240\"\n                    height=\"160\"\n                    style=\"max-width:100%;\"\n                \/>\n            <\/a>\n        <\/div>\n\t\t\t\t\t\t\t<\/div> \n\t\t\t\n\t\n\t<br style=\"clear: both\" \/>\n\n\t\n\t\t<!-- Pagination -->\n\t<div class='ngg-clear'><\/div>\t<\/div>\n\n<h3>&nbsp;<\/h3>\n<h3><strong>Asociaci\u00f3n Torrijos 1831.- La primera celebraci\u00f3n del d\u00eda del nacimiento de Jos\u00e9 Mar\u00eda Torrijos y Uriarte, la llev\u00f3 a cabo la Asociaci\u00f3n Torrijos 1831 en el a\u00f1o 2004. Una de las ediciones m\u00e1s recordadas fue la realizada en 2006, con la presentaci\u00f3n de la novela \u201cLa sombra del nogal\u201d de la escritora Mari Paz Osorio, que como trasfondo alberga la figura de Torrijos. Entonces fue el pregonero, Manuel Mu\u00f1oz Gambero. Ahora, el Centro de Interpretaci\u00f3n Hist\u00f3rico Jos\u00e9 Mar\u00eda Torrijos (Refectorio), entre calle Eslava y la parte trasera del mercado del Carmen (Perchel), se va a convertir en el lugar de esta celebraci\u00f3n, y que los integrantes de nuestra Asociaci\u00f3n, no desean que se pierda. En esta edici\u00f3n contar\u00e1 con la proyecci\u00f3n del D.V.D. dedicado al joven Torrijos, sigui\u00e9ndole un buen concierto ac\u00fastico a cargo del cantante Juan Pacheco, coautor del \u201cMusical Torrijos\u201d. Este musical fue estrenado en Torrealquer\u00eda el 29 de agosto de 1999, mostrando en su formato inicial tres atractivas caras del arte: la canci\u00f3n, la interpretaci\u00f3n teatral y la danza. Tras actuar en diferentes localidades de la provincia de M\u00e1laga, el musical estuvo en escena por \u00faltima vez, en la modalidad de su segundo formato, en el Paraninfo de la Universidad de M\u00e1laga. Fue en el 15 de diciembre de 2005. Ahora Juan Pacheco lo vuelve a poner de actualidad de forma ac\u00fastica, en ese hist\u00f3rico e impresionante lugar que es el Refectorio. El cartel es obra de nuestro compa\u00f1ero Pepe Cano. M\u00e1s datos sobre Juan Pacheco, a continuaci\u00f3n.<\/strong><\/h3>\n<p>&nbsp;<\/p>\n<h3><em><strong>Juan Pacheco.<\/strong><\/em><\/h3>\n<p>&nbsp;<\/p>\n<h3><strong>Hijo de emigrantes de Alhaur\u00edn de la Torre, Juan Pacheco Fern\u00e1ndez naci\u00f3 en 1963 en la ciudad de Sk\u00f6vde, en Suecia. En tierras escandinavas, durante su ni\u00f1ez, compagin\u00f3 sus estudios de bachiller con la m\u00fasica, dominando muy pronto instrumentos como el piano, la guitarra, la bater\u00eda y la trompeta. Ese cari\u00f1o por la m\u00fasica supo transmit\u00edrselo a sus hermanos m\u00e1s peque\u00f1os, iniciando con ellos ensayos para formaci\u00f3n de un grupo.<\/strong><br \/>\n<strong>En 1978, la familia regres\u00f3 a Alhaur\u00edn de la Torre, donde Juan con 15 a\u00f1os, apoyado por su padre, Paco Pacheco, consigue hacer su sue\u00f1o realidad: formar un conjunto musical integrado por \u00e9l y sus hermanos. Juan compondr\u00e1 las canciones propias del grupo (en letra y m\u00fasica), y comandar\u00e1 desde la bater\u00eda al conjunto. En los teclados estar\u00e1 su hermano Pepe, mientras que Paco tocar\u00e1 la guitarra r\u00edtmica y solista, y Antonio ser\u00e1 responsable del bajo. Muy pronto el grupo, conocido con el nombre de \u201cLos Pacheco\u201d, ser\u00e1 muy conocido en el \u00e1mbito provincial.<\/strong><br \/>\n<strong>Influido por la efervescencia del rock andaluz, y principalmente por el peculiar estilo de \u201cTriana\u201d, que lideraba el tristemente desaparecido Jes\u00fas de la Rosa, \u201cLos Pachecho\u201d realizan durante varios a\u00f1os una mete\u00f3rica carrera de actuaciones en discotecas, ferias, hoteles, finales de cursos, etc. aunque, m\u00e1s adelante, Juan decide apostar por temas propios, tras crecer como compositor en su estancia de dos a\u00f1os en Miami (U.S.A), donde entabl\u00f3 amistad personal con artistas de la talla de Gloria Stefan, o el saxofonista Paquito de Rivera. De regreso a Espa\u00f1a, y por su afici\u00f3n al rock andaluz, estrecha lazos con \u201cTele\u201d, el hist\u00f3rico bater\u00eda de \u201cTriana\u201d y, especialmente, con Pepe Roca, el l\u00edder de esa excelente banda que es \u201cAlameda\u201d, grupo al que Juan cede uno de sus temas m\u00e1s preciados: \u201cLuna\u201d, que a\u00f1os despu\u00e9s interpretar\u00e1 David Bisbal. <\/strong><br \/>\n<strong>En 1998, junto a Esteban Alc\u00e1ntara, inicia la tarea de elaborar 14 temas relacionados con la vida de Jos\u00e9 Mar\u00eda Torrijos. La obra se termina en el verano de 1999, siendo uno de los <\/strong><strong>D.V.D.s m\u00e1s solicitados y buscados para aquellos que, a trav\u00e9s de la m\u00fasica, desean conocer la historia.<\/strong><\/h3>\n<h3><em>&nbsp;<\/em><\/h3>\n<h3><em><strong>Datos de la Asociaci\u00f3n Hist\u00f3rico Cultural Torrijos 1831.<\/strong><\/em><\/h3>\n<p>&nbsp;<\/p>\n<h3><strong>Tipo de Asociaci\u00f3n: cultural, dedicada a la investigaci\u00f3n hist\u00f3rica, y recreadora en sus actuaciones en p\u00fablico para exponer los hechos que representa. \u00c1mbito de actuaci\u00f3n: Nacional (inscrita en el Registro Nacional de Asociaciones y Junta de Andaluc\u00eda). Inici\u00f3 su periodo constituyente en el a\u00f1o 2002, siendo legalizada en 2003. Fue un proyecto original desde el principio, pues en Espa\u00f1a no se hab\u00eda creado anteriormente una Asociaci\u00f3n sobre el personaje hist\u00f3rico de Jos\u00e9 Mar\u00eda Torrijos y Uriarte, h\u00e9roe de la Guerra de Independencia y defensor de las libertades y derechos constitucionales frente al poder absoluto del reinado de Fernando VII. Original en las formas, dedicaci\u00f3n y fines, que recogen sus estatutos, cimentando sus antecedentes en los precursores que trabajaron sobre el personaje de Torrijos en la provincia de M\u00e1laga, en las d\u00e9cadas de los a\u00f1os ochenta y noventa del siglo XX y primeros a\u00f1os del XXI.<\/strong><br \/>\n<strong> Como colectivo de recreaciones hist\u00f3ricas, es el m\u00e1s antiguo de las dedicados al siglo XIX, en Andaluc\u00eda.<\/strong><br \/>\n<strong> En cuanto a las representaciones relativas a la Guerra de la Independencia en las que participa la Asociaci\u00f3n, la recreaci\u00f3n insignia, creada en 2007, es el \u201cRegimiento de Infanter\u00eda de M\u00e1laga\u201d, unidad titular de M\u00e1laga, que salvo un periodo de disoluci\u00f3n, tuvo vida castrense desde 1701 a 1893, siendo su historial heredado por el Regimiento Melilla en sus diferentes numeraciones, y que fue disuelto en M\u00e1laga, en 1985. Para entrar en su historial y actividades: regimientodeinfanteriademalaga.blogspot.com<\/strong><br \/>\n<strong> Correo de Contacto: contacto@torrijos1831.es . Tambi\u00e9n, a trav\u00e9s de este correo se pueden solicitar visitas concertadas al Centro de Interpretaci\u00f3n Hist\u00f3rico Jos\u00e9 Mar\u00eda Torrijos (Ref<\/strong><strong>ectorio), en el barrio de El Perchel de M\u00e1laga. Tel\u00e9fono de contacto: 952234039. P\u00e1gina web: www.torrijos1831.es .<\/strong><\/h3>\n<h4><strong>&nbsp;<\/strong><\/h4>\n","protected":false},"excerpt":{"rendered":"<p>&nbsp; Asociaci\u00f3n Torrijos 1831.- La primera celebraci\u00f3n del d\u00eda del nacimiento de Jos\u00e9 Mar\u00eda Torrijos y Uriarte, la llev\u00f3 a cabo la Asociaci\u00f3n Torrijos 1831 en el a\u00f1o 2004. Una de las ediciones m\u00e1s recordadas fue la realizada en 2006, con la presentaci\u00f3n de la novela \u201cLa sombra del nogal\u201d de la escritora Mari Paz&#8230;<\/p>\n","protected":false},"author":1,"featured_media":2710,"comment_status":"closed","ping_status":"closed","sticky":false,"template":"","format":"standard","meta":[],"categories":[28],"tags":[],"_links":{"self":[{"href":"https:\/\/www.torrijos1831.com\/index.php?rest_route=\/wp\/v2\/posts\/860"}],"collection":[{"href":"https:\/\/www.torrijos1831.com\/index.php?rest_route=\/wp\/v2\/posts"}],"about":[{"href":"https:\/\/www.torrijos1831.com\/index.php?rest_route=\/wp\/v2\/types\/post"}],"author":[{"embeddable":true,"href":"https:\/\/www.torrijos1831.com\/index.php?rest_route=\/wp\/v2\/users\/1"}],"replies":[{"embeddable":true,"href":"https:\/\/www.torrijos1831.com\/index.php?rest_route=%2Fwp%2Fv2%2Fcomments&post=860"}],"version-history":[{"count":16,"href":"https:\/\/www.torrijos1831.com\/index.php?rest_route=\/wp\/v2\/posts\/860\/revisions"}],"predecessor-version":[{"id":2711,"href":"https:\/\/www.torrijos1831.com\/index.php?rest_route=\/wp\/v2\/posts\/860\/revisions\/2711"}],"wp:featuredmedia":[{"embeddable":true,"href":"https:\/\/www.torrijos1831.com\/index.php?rest_route=\/wp\/v2\/media\/2710"}],"wp:attachment":[{"href":"https:\/\/www.torrijos1831.com\/index.php?rest_route=%2Fwp%2Fv2%2Fmedia&parent=860"}],"wp:term":[{"taxonomy":"category","embeddable":true,"href":"https:\/\/www.torrijos1831.com\/index.php?rest_route=%2Fwp%2Fv2%2Fcategories&post=860"},{"taxonomy":"post_tag","embeddable":true,"href":"https:\/\/www.torrijos1831.com\/index.php?rest_route=%2Fwp%2Fv2%2Ftags&post=860"}],"curies":[{"name":"wp","href":"https:\/\/api.w.org\/{rel}","templated":true}]}}